{"id":84477,"date":"2015-12-08T13:41:28","date_gmt":"2015-12-08T18:41:28","guid":{"rendered":"http:\/\/www.bibula.com\/?p=84477"},"modified":"2015-12-10T10:06:23","modified_gmt":"2015-12-10T15:06:23","slug":"amerykanski-dziennikarz-kpi-z-naszego-ministerstwa-spraw-zagranicznych","status":"publish","type":"post","link":"https:\/\/www.bibula.com\/?p=84477","title":{"rendered":"Ameryka\u0144ski dziennikarz kpi z naszego Ministerstwa Spraw Zagranicznych"},"content":{"rendered":"<p id=\"title\"><strong>Nasze MSZ wyda\u0142o dzi\u015b o\u015bwiadczenie w kt\u00f3rym odnios\u0142o si\u0119 do publikacji ameryka\u0144skich medi\u00f3w atakuj\u0105cych Polsk\u0119.<\/strong><\/p><p>W o\u015bwiadczeniu nasza dyplomacja wymienia wiceszefa dzia\u0142u opinii najwi\u0119kszego ameryka\u0144skiego dziennika &#8222;The Washington Post&#8221; Jacksona Diehla oraz wypowiedzi jednego z najbardziej znanych ameryka\u0144skich politolog\u00f3w i publicyst\u00f3w Fareeda Zakaria dla telewizji CNN.<\/p><p>Diehl napisa\u0142 5 grudnia w &#8222;WP&#8221;, \u017ce\u00a0Prawo i Sprawiedliwo\u015b\u0107 prowadzi Polsk\u0119 w kierunku systemu autorytarnego, minister Macierewicz to &#8222;antysemita&#8221;, protesty spo\u0142eczne przeciw narzuconym przez UE kwotom nielegalnym uchod\u017acom uzna\u0142 za &#8222;okropne&#8221;. Sam Kaczy\u0144ski jest za\u015b wed\u0142ug niego &#8222;tak, jak Viktor Orban produktem obrzydliwego przedwojennego populizmu, zamro\u017conego i przechowanego w erze komunizmu, mieszanki ksenofobii, antysemityzmu, prawicowego katolicyzmu i autorytarnych impuls\u00f3w&#8221;. Zakaria m\u00f3wi\u0142 w CNN o &#8222;mrocznych si\u0142ach&#8221; przejmuj\u0105cych kontrol\u0119 nad Polsk\u0105, gdzie &#8222;sprawy przybra\u0142y brzydki obr\u00f3t&#8221;.<\/p><p>Nasze Ministerstwo Spraw Zagranicznych przyj\u0119\u0142o te opinie\u00a0&#8222;ze zdziwieniem i zaskoczeniem&#8221;. Uzna\u0142o, \u017ce ukazuj\u0105 one &#8222;nieprawdziwy oraz jednostronny przekaz na temat sytuacji w Polsce, niemaj\u0105cy pokrycia w faktach&#8221; i zapowiedzia\u0142o wys\u0142anie do &#8222;The Washington Post&#8221; i CNN swojego komentarza.<\/p><p>&#8222;Ta cz\u0119\u015b\u0107 gazety, w kt\u00f3rej\u00a0zamieszczona zosta\u0142a\u00a0moja opinia, to kolumna\u00a0po\u015bwi\u0119cona opiniom i zaprezentowa\u0142em w niej\u00a0swoje opinie i\u00a0 analizy. Dop\u00f3ki wolno\u015b\u0107 prasy jest gwarantowana przez rz\u0105d Stan\u00f3w Zjednoczonych, nie musimy akceptowa\u0107\u00a0wymaga\u0144 rz\u0105d\u00f3w&#8221; &#8211; napisa\u0142 Diehl telewizji Polsat. Doda\u0142 przy tym\u00a0&#8222;jednak z pewno\u015bc\u0105 we\u017amiemy pod uwag\u0119 ka\u017cd\u0105 odpowied\u017a, kt\u00f3r\u0105 otrzymamy&#8221;<\/p><p>washingtonpost.com\/polsatnews.pl\/kresy.pl<\/p><p class=\"zrodlo\">Za: <a href=\"http:\/\/www.kresy.pl\/wydarzenia,polityka?zobacz\/amerykanski-dziennikarz-kpi-z-naszego-ministerstwa-spraw-zagranicznych\">Kresy.pl (08 grudnia 2015)<\/a><\/p><h4>\u00a0<\/h4><hr style=\"background-color: #000000; border-width: 0; color: #000000; height: 2px; line-height: 0; text-align: center; width: 100%;\" \/><h4>\u00a0<\/h4><h4>Materia\u0142 o Polsce w CNN<\/h4><p>[youtube =S5v1v6rfp8Q]<\/p><h4>\u00a0<\/h4><hr style=\"background-color: #000000; border-width: 0; color: #000000; height: 2px; line-height: 0; text-align: center; width: 100%;\" \/><h4>\u00a0<\/h4><h2>Autor paszkwilu nt. Polski w CNN bliskim znajomym Rados\u0142awa Sikorskiego<\/h2><p>Jak wynika z materia\u0142\u00f3w opublikowanych w sieci przez re\u017cysera i scenarzyst\u0119 Mariusza Pilisa, dziennikarz CNN odpowiedzialny za materia\u0142 zarzucaj\u0105cy PiS wprowadzanie dyktatury jest bliskim znajomym Rados\u0142awa Sikorskiego i jego \u017cony.<\/p><p><img decoding=\"async\" class=\"\" style=\"border: 0px none; margin: 10px;\" src=\"http:\/\/static.kresy.pl\/image\/x\/32194aa1d6a2e87a591fb30719a2b2a2.jpg\" alt=\"\" width=\"279\" height=\"150\" align=\"left\" \/>Mariusz Pilis opublikowa\u0142 na swoim profilu Facebookowym list od znajomego dziennikarza, o kt\u00f3rym pisze, \u017ce jest <em>\u201eabsolutnie wiarygodny<\/em>\u201d. Dotyczy on materia\u0142u na temat Polski, kt\u00f3ry zosta\u0142 opublikowany przez ameryka\u0144sk\u0105, proliberaln\u0105 stacj\u0119 CNN i stwierdza\u0142, \u017ce PiS przeprowadzi\u0142 zamach stanu, w kraju szerzy si\u0119 ksenofobia i antysemityzm i zmierza on w stron\u0119 dyktatury. Autorem programu by\u0142 Fareed Zakaria, kt\u00f3ry od po\u0142owy lat 90. by\u0142 znajomym Rados\u0142awa Sikorskiego. By\u0142y szef polskiego MSZ poleca\u0142 materia\u0142 na Twitterze.<\/p><p>W 1996 roku, gdy Zakaria by\u0142 redaktorem naczelnym znanego czasopisma Foreign Affairs, a Polska stara\u0142a si\u0119 o wej\u015bcie do NATO, Sikorski opublikowa\u0142 tam artyku\u0142, w kt\u00f3rym wzywa\u0142, by nie przyjmowa\u0107 Polski do Sojuszu, gdy\u017c pod rz\u0105dami by\u0142ych komunist\u00f3w jest &#8222;zagro\u017ceniem&#8221;. Kontaktowali r\u00f3wnie\u017c w czasie, gdy w latach 2002 &#8211; 2005 Sikorski pracowa\u0142 w New Atlantic Initiative \u00a0w Waszyngtonie. Z kolei po 2005 roku Sikorski cz\u0119sto udziela\u0142 Zakarii wywiad\u00f3w. Dziennikarz ma by\u0107 r\u00f3wnie\u017c dobrym znajomym \u017cony by\u0142ego szefa MSZ, a obaj publikuj\u0105 na \u0142amach Washington Post.<\/p><p><strong><em>\u201eI niby niczego to nie dowodzi, ale je\u015bli doda\u0107 do tego wiedz\u0119, kt\u00f3r\u0105 posiadam o prywatnych kontaktach rodzin Sikorskiego i Zakarii wszystko staje si\u0119 jasne\u201d<\/em><\/strong> &#8211; napisano w cytowanym przez Pilisa li\u015bcie.<\/p><p><strong><em>\u201eJedno jest pewne: je\u015bli ta inspiracja okaza\u0142aby si\u0119 prawdziwa, palant z CNN powinien straci\u0107 prac\u0119, bo nie jest dziennikarzem a zwyk\u0142ym cynglem. (\u2026) To jedna z najwi\u0119kszych dziennikarskich manipulacji jak\u0105 w \u017cyciu spotka\u0142em. I to na takim szczeblu\u201d <\/em><\/strong>&#8211; skomentowa\u0142 w swoim wpisie Pilis.<\/p><p>Facebook.com \/ Kresy.pl<\/p><p class=\"podpis_sz\">Fareed Zakaria. Fot. youtube.com<\/p><p class=\"zrodlo\">Za: <a href=\"http:\/\/www.kresy.pl\/wydarzenia,spoleczenstwo?zobacz\/autor-paszkwilu-nt-polski-w-cnn-bliskim-znajomym-radoslawa-sikorskiego\">Kresy.pl (<span class=\"date\">10 grudnia 2015<\/span>)<\/a><\/p><h4>\u00a0<\/h4><hr style=\"background-color: #000000; border-width: 0; color: #000000; height: 2px; line-height: 0; text-align: center; width: 100%;\" \/><h4>\u00a0<\/h4>","protected":false},"excerpt":{"rendered":"Nasze MSZ wyda\u0142o dzi\u015b o\u015bwiadczenie w kt\u00f3rym odnios\u0142o si\u0119 do publikacji ameryka\u0144skich medi\u00f3w atakuj\u0105cych Polsk\u0119.W o\u015bwiadczeniu nasza dyplomacja wymienia wiceszefa dzia\u0142u opinii najwi\u0119kszego ameryka\u0144skiego dziennika &#8222;The Washington Post&#8221; Jacksona Diehla oraz wypowiedzi jednego z najbardziej znanych ameryka\u0144skich politolog\u00f3w i publicyst\u00f3w Fareeda Zakaria dla telewizji CNN.Diehl napisa\u0142 5 grudnia w &#8222;WP&#8221;, \u017ce\u00a0Prawo i Sprawiedliwo\u015b\u0107 prowadzi Polsk\u0119 [&hellip;]","protected":false},"author":1,"featured_media":0,"comment_status":"closed","ping_status":"closed","sticky":false,"template":"","format":"standard","meta":{"_acf_changed":false,"_monsterinsights_skip_tracking":false,"ngg_post_thumbnail":0,"footnotes":"","_wp_rev_ctl_limit":""},"categories":[8],"tags":[65,98,53,159,221],"acf":[],"_links":{"self":[{"href":"https:\/\/www.bibula.com\/index.php?rest_route=\/wp\/v2\/posts\/84477"}],"collection":[{"href":"https:\/\/www.bibula.com\/index.php?rest_route=\/wp\/v2\/posts"}],"about":[{"href":"https:\/\/www.bibula.com\/index.php?rest_route=\/wp\/v2\/types\/post"}],"author":[{"embeddable":true,"href":"https:\/\/www.bibula.com\/index.php?rest_route=\/wp\/v2\/users\/1"}],"replies":[{"embeddable":true,"href":"https:\/\/www.bibula.com\/index.php?rest_route=%2Fwp%2Fv2%2Fcomments&post=84477"}],"version-history":[{"count":0,"href":"https:\/\/www.bibula.com\/index.php?rest_route=\/wp\/v2\/posts\/84477\/revisions"}],"wp:attachment":[{"href":"https:\/\/www.bibula.com\/index.php?rest_route=%2Fwp%2Fv2%2Fmedia&parent=84477"}],"wp:term":[{"taxonomy":"category","embeddable":true,"href":"https:\/\/www.bibula.com\/index.php?rest_route=%2Fwp%2Fv2%2Fcategories&post=84477"},{"taxonomy":"post_tag","embeddable":true,"href":"https:\/\/www.bibula.com\/index.php?rest_route=%2Fwp%2Fv2%2Ftags&post=84477"}],"curies":[{"name":"wp","href":"https:\/\/api.w.org\/{rel}","templated":true}]}}