{"id":84472,"date":"2015-12-08T09:56:18","date_gmt":"2015-12-08T14:56:18","guid":{"rendered":"http:\/\/www.bibula.com\/?p=84472"},"modified":"2015-12-08T09:56:18","modified_gmt":"2015-12-08T14:56:18","slug":"krytyka-papieza-zakazana-pod-kara-ekskomuniki","status":"publish","type":"post","link":"https:\/\/www.bibula.com\/?p=84472","title":{"rendered":"Krytyka papie\u017ca zakazana pod kar\u0105 ekskomuniki?"},"content":{"rendered":"<p><strong>Przewodnicz\u0105cy Papieskiej Rady ds. Nowej Ewangelizacji, Arcybiskup Fisichella, wywo\u0142a\u0142 ostatnio spore kontrowersje. Zasugerowa\u0142, \u017ce niekt\u00f3re przejawy krytyki wobec papie\u017ca Franciszka mog\u0105 skutkowa\u0107 automatyczn\u0105 ekskomunik\u0105.<\/strong><\/p><p>Abp Fisichella wyg\u0142osi\u0142 te uwagi podczas spotkania z pras\u0105, kt\u00f3rego celem by\u0142o wyja\u015bnienie roli i sposobu dzia\u0142ania tzw. &#8222;misjonarzy mi\u0142osierdzia&#8221; (chodzi o 800 duchownych, kt\u00f3rzy otrzymaj\u0105 specjalne prerogatywy, pozwalaj\u0105ce na udzielanie rozgrzeszenia w sytuacjach, kt\u00f3re dot\u0105d zarezerwowane by\u0142y tylko dla Stolicy Apostolskiej). Odwo\u0142uj\u0105c si\u0119 do kanonu 1370, kt\u00f3ry nak\u0142ada automatyczn\u0105 ekskomunik\u0119 za u\u017cycie przemocy fizycznej wzgl\u0119dem osoby papie\u017ca, arcybiskup stwierdzi\u0142:<\/p><p>&#8222;Uwa\u017cam, \u017ce musimy dobrze zrozumie\u0107 poj\u0119cie <em>przemocy fizycznej<\/em>, gdy\u017c czasem r\u00f3wnie\u017c s\u0142owa mog\u0105 by\u0107 ska\u0142\u0105 i kamieniem, dlatego wierz\u0119, \u017ce niekt\u00f3re z tego typu grzech\u00f3w rozpowszechniaj\u0105 si\u0119 bardziej, ani\u017celi mo\u017ce si\u0119 wydawa\u0107&#8221;.<\/p><p>S\u0142owa arcybiskupa Fisichelli wywo\u0142a\u0142y liczne komentarze sugeruj\u0105ce, \u017ce mo\u017ce to by\u0107 pr\u00f3ba uciszenia coraz cz\u0119stszych uwag krytycznych wobec obecnego kierunku, w jakim pod\u0105\u017ca Ko\u015bci\u00f3\u0142 kierowany przez Franciszka oraz wa\u017cniejszych hierarch\u00f3w pokroju kardyna\u0142a Richarda Marxa.<\/p><p>(MM)<\/p><p>Za: https:\/\/www.lifesitenews.com<\/p>","protected":false},"excerpt":{"rendered":"Przewodnicz\u0105cy Papieskiej Rady ds. Nowej Ewangelizacji, Arcybiskup Fisichella, wywo\u0142a\u0142 ostatnio spore kontrowersje. Zasugerowa\u0142, \u017ce niekt\u00f3re przejawy krytyki wobec papie\u017ca Franciszka mog\u0105 skutkowa\u0107 automatyczn\u0105 ekskomunik\u0105.Abp Fisichella wyg\u0142osi\u0142 te uwagi podczas spotkania z pras\u0105, kt\u00f3rego celem by\u0142o wyja\u015bnienie roli i sposobu dzia\u0142ania tzw. &#8222;misjonarzy mi\u0142osierdzia&#8221; (chodzi o 800 duchownych, kt\u00f3rzy otrzymaj\u0105 specjalne prerogatywy, pozwalaj\u0105ce na udzielanie rozgrzeszenia [&hellip;]","protected":false},"author":1,"featured_media":0,"comment_status":"closed","ping_status":"closed","sticky":false,"template":"","format":"standard","meta":{"_acf_changed":false,"_monsterinsights_skip_tracking":false,"ngg_post_thumbnail":0,"footnotes":"","_wp_rev_ctl_limit":""},"categories":[3],"tags":[16,301,20,41,33],"acf":[],"_links":{"self":[{"href":"https:\/\/www.bibula.com\/index.php?rest_route=\/wp\/v2\/posts\/84472"}],"collection":[{"href":"https:\/\/www.bibula.com\/index.php?rest_route=\/wp\/v2\/posts"}],"about":[{"href":"https:\/\/www.bibula.com\/index.php?rest_route=\/wp\/v2\/types\/post"}],"author":[{"embeddable":true,"href":"https:\/\/www.bibula.com\/index.php?rest_route=\/wp\/v2\/users\/1"}],"replies":[{"embeddable":true,"href":"https:\/\/www.bibula.com\/index.php?rest_route=%2Fwp%2Fv2%2Fcomments&post=84472"}],"version-history":[{"count":0,"href":"https:\/\/www.bibula.com\/index.php?rest_route=\/wp\/v2\/posts\/84472\/revisions"}],"wp:attachment":[{"href":"https:\/\/www.bibula.com\/index.php?rest_route=%2Fwp%2Fv2%2Fmedia&parent=84472"}],"wp:term":[{"taxonomy":"category","embeddable":true,"href":"https:\/\/www.bibula.com\/index.php?rest_route=%2Fwp%2Fv2%2Fcategories&post=84472"},{"taxonomy":"post_tag","embeddable":true,"href":"https:\/\/www.bibula.com\/index.php?rest_route=%2Fwp%2Fv2%2Ftags&post=84472"}],"curies":[{"name":"wp","href":"https:\/\/api.w.org\/{rel}","templated":true}]}}