{"id":84470,"date":"2015-12-08T08:47:41","date_gmt":"2015-12-08T13:47:41","guid":{"rendered":"http:\/\/www.bibula.com\/?p=84470"},"modified":"2015-12-08T09:53:21","modified_gmt":"2015-12-08T14:53:21","slug":"parlament-europejski-zszokowany-pomyslem-debaty-o-stanie-demokracji-w-polsce","status":"publish","type":"post","link":"https:\/\/www.bibula.com\/?p=84470","title":{"rendered":"Parlament Europejski zszokowany pomys\u0142em debaty o stanie demokracji w Polsce"},"content":{"rendered":"<p><strong>Wielu eurodeputowanych jest szokowanych planem debaty o stanie demokracji w Polsce. Jak donosz\u0105 reporterzy, nie ma w tej sprawie nawet jednomy\u015blno\u015bci w\u015br\u00f3d europos\u0142\u00f3w PO-PSL.<\/strong><\/p><p>&#8211; <strong>Na znak protestu &#8211;<\/strong> zbojkotuj\u0119 t\u0119 debat\u0119 -zapowiada w rozmowie z dziennikark\u0105 RMF FM w Brukseli eurodeputowana z grupy socjalistycznej (SLD) Krystyna \u0141ybacka.\u00a0<br \/> <br \/> &#8211; <strong>Rzeczywi\u015bcie to by\u0142by precedens, bo nawet publiczna krytyka W\u0119gier i polityki Victora Orbana nie odby\u0142a si\u0119 na wniosek opozycji w\u0119gierskiej<\/strong> &#8211; powiedzia\u0142 dziennikarce RMF FM wieloletni urz\u0119dnik PE.<\/p><p>&#8211; <strong>Polski nar\u00f3d jest dumny i nie lubi, gdy wynosi si\u0119 wewn\u0119trzne sprawy na zewn\u0105trz, a tym bardziej, gdy inne kraje nas pouczaj\u0105. Dla Polak\u00f3w by\u0142oby to nie do zniesienia<\/strong> &#8211; stwierdzi\u0142a Krystyna \u0141ybacka.\u00a0&#8211; <strong>By\u0142am np. \u015bwiadkiem, gdy Martin Schultz zapowiedzia\u0142, \u017ce chce ukara\u0107 Marine Le Pen i wszyscy mu klaskali, a jednak m\u00f3j kolega, francuski socjalista &#8211; nie klaska\u0142<\/strong> &#8211; opowiada \u0141ybacka. &#8211; <strong>Nie wyobra\u017cam sobie tak\u017ce, \u017ceby Niemcy wyst\u0105pili przeciwko swojemu rz\u0105dowi na forum Parlamentu Europejskiego<\/strong> &#8211; dodaje eurodeputowana SLD.<\/p><p>rmf24.pl\/KRESY.PL<\/p><p class=\"zrodlo\">Za: <a href=\"http:\/\/www.kresy.pl\/wydarzenia,polityka?zobacz\/parlament-europejski-zszokowany-pomyslem-debaty-o-stanie-demokracji-w-polsce\">Kresy.pl (<span class=\"date\">08 grudnia 2015<\/span>)<\/a><\/p>","protected":false},"excerpt":{"rendered":"Wielu eurodeputowanych jest szokowanych planem debaty o stanie demokracji w Polsce. Jak donosz\u0105 reporterzy, nie ma w tej sprawie nawet jednomy\u015blno\u015bci w\u015br\u00f3d europos\u0142\u00f3w PO-PSL.&#8211; Na znak protestu &#8211; zbojkotuj\u0119 t\u0119 debat\u0119 -zapowiada w rozmowie z dziennikark\u0105 RMF FM w Brukseli eurodeputowana z grupy socjalistycznej (SLD) Krystyna \u0141ybacka.\u00a0 &#8211; Rzeczywi\u015bcie to by\u0142by precedens, bo nawet publiczna [&hellip;]","protected":false},"author":1,"featured_media":0,"comment_status":"closed","ping_status":"closed","sticky":false,"template":"","format":"standard","meta":{"_acf_changed":false,"_monsterinsights_skip_tracking":false,"ngg_post_thumbnail":0,"footnotes":"","_wp_rev_ctl_limit":""},"categories":[8],"tags":[65,23,98],"acf":[],"_links":{"self":[{"href":"https:\/\/www.bibula.com\/index.php?rest_route=\/wp\/v2\/posts\/84470"}],"collection":[{"href":"https:\/\/www.bibula.com\/index.php?rest_route=\/wp\/v2\/posts"}],"about":[{"href":"https:\/\/www.bibula.com\/index.php?rest_route=\/wp\/v2\/types\/post"}],"author":[{"embeddable":true,"href":"https:\/\/www.bibula.com\/index.php?rest_route=\/wp\/v2\/users\/1"}],"replies":[{"embeddable":true,"href":"https:\/\/www.bibula.com\/index.php?rest_route=%2Fwp%2Fv2%2Fcomments&post=84470"}],"version-history":[{"count":0,"href":"https:\/\/www.bibula.com\/index.php?rest_route=\/wp\/v2\/posts\/84470\/revisions"}],"wp:attachment":[{"href":"https:\/\/www.bibula.com\/index.php?rest_route=%2Fwp%2Fv2%2Fmedia&parent=84470"}],"wp:term":[{"taxonomy":"category","embeddable":true,"href":"https:\/\/www.bibula.com\/index.php?rest_route=%2Fwp%2Fv2%2Fcategories&post=84470"},{"taxonomy":"post_tag","embeddable":true,"href":"https:\/\/www.bibula.com\/index.php?rest_route=%2Fwp%2Fv2%2Ftags&post=84470"}],"curies":[{"name":"wp","href":"https:\/\/api.w.org\/{rel}","templated":true}]}}