{"id":84407,"date":"2015-12-08T09:24:10","date_gmt":"2015-12-08T14:24:10","guid":{"rendered":"http:\/\/www.bibula.com\/?p=84407"},"modified":"2015-12-08T09:24:10","modified_gmt":"2015-12-08T14:24:10","slug":"250-mln-zl-emerytury-dla-obywateli-izraela","status":"publish","type":"post","link":"https:\/\/www.bibula.com\/?p=84407","title":{"rendered":"250 mln z\u0142 emerytury dla obywateli Izraela"},"content":{"rendered":"<p><strong>Duda, Kaczynski Tusk, Kopacz i wszyscy pos\u0142owie w poprzedniej kadencji sejmu przyznali emerytury \u017cydom z polskiego bud\u017cetu. AWS &#8211; \u017cyje!!!<\/strong><\/p><p>Ustawa o kombatantach zosta\u0142a przeg\u0142osowana w 2014 roku. G\u0142osowa\u0142o za ni\u0105 PO, PiS, jak i prezydent Duda. W konsekwencji jej wdro\u017cenia, tylko na odszkodowania\/emerytury dla \u017byd\u00f3w wydamy \u00a0rocznie 240 mln z\u0142otych.<\/p><p><strong>Emerytury dla \u017byd\u00f3w<\/strong><\/p><p>Ka\u017cda osoba, kt\u00f3ra na terenie Polski dozna\u0142a uszczerbku na zdrowiu przez radzieckich\u00a0komunist\u00f3w i niemieckich nazist\u00f3w, b\u0119dzie dostawa\u0107 po 100 euro od\u00a0pa\u0144stwa polskiego.<\/p><p>Sebastian Rejak, odpowiedzialny w polskim MSZ za kontakty z diaspor\u0105 \u017cydowsk\u0105 tak to wyja\u015bnia:<\/p><blockquote><p>\u201e\u2026do miesi\u0119cznych \u015bwiadcze\u0144 kwalifikuje si\u0119 ka\u017cdy mieszkaj\u0105cy w Izraelu, kto urodzi\u0142 si\u0119 jako obywatel polski, ucierpia\u0142 podczas wojny pod okupacj\u0105 niemieck\u0105 b\u0105d\u017a te\u017c ukrywa\u0142 si\u0119. To samo dotyczy ma\u0142\u017conka. To samo dotyczy kolejnej okupacji &#8211; sowieckiej &#8211; do roku 1956\u201d.<\/p><\/blockquote><blockquote><p>\u201eDo otrzymania \u015bwiadcze\u0144 kwalifikuje si\u0119 ten, kto ucierpia\u0142 podczas wojny w okupowanej Polsce lub w innym miejscu, by\u0142 zmuszony opu\u015bci\u0107 Polsk\u0119 lub te\u017c urodzi\u0142 si\u0119 po wojnie w rodzinie, kt\u00f3ra zosta\u0142a zmuszona do opuszczenia Polski, a wi\u0119c jako dziecko mia\u0142 udzia\u0142 w ich losach i prze\u015bladowaniach\u201d.<\/p><\/blockquote><p>Z tego wynika, \u017ce \u015bwiadczenia w wysoko\u015bci 100 euro, dostan\u0105 nie tylko bezpo\u015brednie ofiary niemieckiego nazizmu czy radzieckiego komunizmu, ale r\u00f3wnie\u017c ich dzieci.<\/p><p>Nie bardzo rozumiem, dlaczego mamy p\u0142aci\u0107 za nazizm i komunizm?<\/p><p>Komunizm to dzie\u0142o \u017cydowskie. Lenin jak i Trocki byli \u017bydami. Nazi\u015bci, to r\u00f3wnie\u017c\u00a0dzie\u0142o \u017cydowskie, poniewa\u017c Hitler by\u0142 \u017bydem. Jego ojciec, Alois, by\u0142 nie\u015blubnym\u00a0dzieckiem s\u0142u\u017c\u0105cej Marii Schickelgruber i 19-letniego \u017byda zwanego Frankenberger.<\/p><p>Groteska jest niesamowita.<\/p><p>Mamy p\u0142aci\u0107 odszkodowania za zbrodnie na \u017bydach, kt\u00f3rych nie my dopu\u015bcili\u015bmy si\u0119, tylko Niemcy.<\/p><p>Ma\u0142o tego. Autorem obu system\u00f3w byli \u017bydzi.<\/p><p>A wi\u0119c, systemy \u017byd\u00f3w mordowa\u0142y\/wyp\u0119dza\u0142y \u017byd\u00f3w, a my im p\u0142acimy emerytury.<\/p><p>Pi\u0119knie\u2026<\/p><p>I jak tu nie krytykowa\u0107 ciemnogr\u00f3d partyjny PiS i Andrzeja Dud\u0119?<\/p><p>Nie wspomn\u0119 o PO i innych partiach, poniewa\u017c one wiele razy zdradzi\u0142y nar\u00f3d.<\/p><p>Co oni my\u015bleli g\u0142osuj\u0105c na \u201eTAK\u201d?<\/p><p>O jak\u0105 ustaw\u0119 chodzi?<\/p><h4>Ustaw\u0119 o kombatantach<\/h4><p>Jest to ustawa z dnia 14 marca 2014 roku.<\/p><p>G\u0142osowanie odby\u0142o si\u0119 24 stycznia 2014 roku nad przyj\u0119ciem w ca\u0142o\u015bci projektu\u00a0ustawy o zmianie ustawy o kombatantach oraz niekt\u00f3rych osobach b\u0119d\u0105cych\u00a0ofiarami represji wojennych i okresu powojennego oraz niekt\u00f3rych innych ustaw,\u00a0w brzmieniu proponowanym przez Komisj\u0119 Obrony Narodowej oraz Komisj\u0119\u00a0Polityki Spo\u0142ecznej i Rodziny, wraz z przyj\u0119t\u0105 poprawk\u0105.<\/p><p>Jak g\u0142osowali pos\u0142owie?<\/p><ul class=\"redarrow\"><li>G\u0142osowa\u0142o &#8211; 436 pos\u0142\u00f3w.<\/li><li>Za &#8211; 434.<\/li><li>Przeciw &#8211; 2.<\/li><li>Wstrzyma\u0142o si\u0119 &#8211; 0.<\/li><li>Nie g\u0142osowali &#8211; 24.<\/li><\/ul><p>Ciekawym pytaniem jest: kto by\u0142 przeciwny tej zdradzieckiej ustawie?<\/p><p>Wojciech Szarama (PiS) oraz Przemys\u0142aw Wipler (niezrzeszony).<\/p><p><strong>Andrzej Duda, jak i Jaros\u0142aw Kaczy\u0144ski g\u0142osowali ZA.<\/strong><\/p><p><img fetchpriority=\"high\" decoding=\"async\" class=\"aligncenter size-full wp-image-107219\" src=\"http:\/\/wolna-polska.pl\/wp-content\/uploads\/2015\/12\/a74.jpg\" alt=\"a7\" width=\"758\" height=\"709\" \/><\/p><p><img decoding=\"async\" class=\"aligncenter size-full wp-image-107220\" src=\"http:\/\/wolna-polska.pl\/wp-content\/uploads\/2015\/12\/a84.jpg\" alt=\"a8\" width=\"744\" height=\"363\" \/><\/p><p>Ciekawe, jakimi argumentami podpieraj\u0105 si\u0119 prezydent, premier i prezes najwi\u0119kszej partii w Polsce?<\/p><p>Dlaczego Polska ma p\u0142aci\u0107 jakiekolwiek pieni\u0105dze obywatelom pa\u0144stwa\u00a0\u017cydowskiego za czyny niemieckich nazist\u00f3w?<\/p><p>To jest fenomen na skal\u0119 \u015bwiatow\u0105!<\/p><p>Politycy \u017cyj\u0105 w jakim\u015b odosobnionym \u015bwiecie. My\u015bl\u0105, \u017ce spo\u0142ecze\u0144stwo nie zrozumie zdrady.<\/p><p>Je\u017celi politycy chc\u0105 p\u0142aci\u0107 pieni\u0105dze pa\u0144stwu \u017cydowskiemu, to niech robi\u0105 to z w\u0142asnych dochod\u00f3w, a nie z maj\u0105tku narodowego.<\/p><p>Czy dostali na to zgod\u0119 spo\u0142ecze\u0144stwa polskiego?<\/p><p>Polakom walcz\u0105cym za Polsk\u0119 nale\u017c\u0105 si\u0119 sowite emerytury, ale ofiary nazizmu i stalinizmu powinni dosta\u0107 odszkodowania od Rosji i Niemiec.<\/p><p>To jest skandal ca\u0142ego sejmu, kt\u00f3ry pokornie poddaje si\u0119 woli pa\u0144stwa \u017cydowskiego.<\/p><p>Tylko dw\u00f3ch pos\u0142\u00f3w by\u0142o przeciwnych\u2026<\/p><p>za stron\u0105 int: robertbrzoza.pl<\/p><p>Za:\u00a0http:\/\/wrzodakz.neon24.pl\/post\/127799,250-mln-zl-emerytury-dla-obywateli-izraela<\/p><p>Data publikacji: 3.12.2015<\/p>","protected":false},"excerpt":{"rendered":"Duda, Kaczynski Tusk, Kopacz i wszyscy pos\u0142owie w poprzedniej kadencji sejmu przyznali emerytury \u017cydom z polskiego bud\u017cetu. AWS &#8211; \u017cyje!!!Ustawa o kombatantach zosta\u0142a przeg\u0142osowana w 2014 roku. G\u0142osowa\u0142o za ni\u0105 PO, PiS, jak i prezydent Duda. W konsekwencji jej wdro\u017cenia, tylko na odszkodowania\/emerytury dla \u017byd\u00f3w wydamy \u00a0rocznie 240 mln z\u0142otych.Emerytury dla \u017byd\u00f3wKa\u017cda osoba, kt\u00f3ra na [&hellip;]","protected":false},"author":1,"featured_media":0,"comment_status":"closed","ping_status":"closed","sticky":false,"template":"","format":"standard","meta":{"_acf_changed":false,"_monsterinsights_skip_tracking":false,"ngg_post_thumbnail":0,"footnotes":"","_wp_rev_ctl_limit":""},"categories":[8],"tags":[22,98,53],"acf":[],"_links":{"self":[{"href":"https:\/\/www.bibula.com\/index.php?rest_route=\/wp\/v2\/posts\/84407"}],"collection":[{"href":"https:\/\/www.bibula.com\/index.php?rest_route=\/wp\/v2\/posts"}],"about":[{"href":"https:\/\/www.bibula.com\/index.php?rest_route=\/wp\/v2\/types\/post"}],"author":[{"embeddable":true,"href":"https:\/\/www.bibula.com\/index.php?rest_route=\/wp\/v2\/users\/1"}],"replies":[{"embeddable":true,"href":"https:\/\/www.bibula.com\/index.php?rest_route=%2Fwp%2Fv2%2Fcomments&post=84407"}],"version-history":[{"count":0,"href":"https:\/\/www.bibula.com\/index.php?rest_route=\/wp\/v2\/posts\/84407\/revisions"}],"wp:attachment":[{"href":"https:\/\/www.bibula.com\/index.php?rest_route=%2Fwp%2Fv2%2Fmedia&parent=84407"}],"wp:term":[{"taxonomy":"category","embeddable":true,"href":"https:\/\/www.bibula.com\/index.php?rest_route=%2Fwp%2Fv2%2Fcategories&post=84407"},{"taxonomy":"post_tag","embeddable":true,"href":"https:\/\/www.bibula.com\/index.php?rest_route=%2Fwp%2Fv2%2Ftags&post=84407"}],"curies":[{"name":"wp","href":"https:\/\/api.w.org\/{rel}","templated":true}]}}