{"id":84309,"date":"2015-11-30T13:08:12","date_gmt":"2015-11-30T18:08:12","guid":{"rendered":"http:\/\/www.bibula.com\/?p=84309"},"modified":"2015-11-30T13:08:12","modified_gmt":"2015-11-30T18:08:12","slug":"z-deszczu-pod-rynne-czyli-przejecie-od-jezuitow-kosciola-w-lublinie-przez-wspolnoty-neokatechumenalne","status":"publish","type":"post","link":"https:\/\/www.bibula.com\/?p=84309","title":{"rendered":"Z deszczu pod rynn\u0119, czyli przej\u0119cie od Jezuit\u00f3w ko\u015bcio\u0142a w Lublinie przez wsp\u00f3lnoty neokatechumenalne"},"content":{"rendered":"<p><strong>&#8222;Po 95 latach z ko\u015bcio\u0142a pod wezwaniem \u015b\u015b. Piotra i Paw\u0142a w Lublinie wyprowadzili si\u0119 jezuici. Ko\u015bci\u00f3\u0142 wraz z klasztornymi zabudowaniami przekazali diecezji. Teraz b\u0119dzie to ko\u015bci\u00f3\u0142 rektoralny, miejsce spotka\u0144 grup neokatechumenalnych.&#8221;<\/strong> &#8211; pisze portal Go\u015b\u0107 Lubelski w artykule &#8222;Jezuici si\u0119 wyprowadzaj\u0105&#8221;.<strong><br \/> <\/strong><\/p><p>Ko\u015bci\u00f3\u0142 przy ulicy Kr\u00f3lewskiej wybudowany zosta\u0142 w 1658 roku. Po zako\u0144czeniu I wojny \u015bwiatowej siostry bernardynki odzyska\u0142y ko\u015bci\u00f3\u0142, a w 1920 roku przekaza\u0142y go zakonowi Jezuit\u00f3w.<\/p><p>Sob\u00f3r Watyka\u0144ski II niszcz\u0105c swoim duchem i liter\u0105 ca\u0142y Ko\u015bci\u00f3\u0142 powszechny, doprowadzi\u0142 r\u00f3wnie\u017c do katastrofalnych zmian i upadku Jezuit\u00f3w, a ko\u015bci\u00f3\u0142 w Lublinie sta\u0142 si\u0119, jak pisze Go\u015b\u0107: &#8222;kolebk\u0105 Drogi Neokatechumenalnej w Polsce. To tutaj w 1975 r. o. Alfred Cholewi\u0144ski i katechi\u015bci w\u0142oscy g\u0142osili pierwsze katechezy, inicjuj\u0105c powstanie najstarszej w Polsce wsp\u00f3lnoty neokatechumenalnej. Katechi\u015bci tej wsp\u00f3lnoty zanie\u015bli Dobr\u0105 Nowin\u0119 do wielu miast w Polsce i poza jej granicami.&#8221;<\/p><p>Tak wi\u0119c, po opuszczeniu ko\u015bcio\u0142a pod wezwaniem \u015b\u015b. Piotra i Paw\u0142a w Lublinie przez zdegenerowany zakon jezuit\u00f3w, posoborowe eksperymenty b\u0119d\u0105 kontynuowane przez sprotestantyzowane i zjudaizowane Drogi Neokatechumenalne.<\/p>","protected":false},"excerpt":{"rendered":"&#8222;Po 95 latach z ko\u015bcio\u0142a pod wezwaniem \u015b\u015b. Piotra i Paw\u0142a w Lublinie wyprowadzili si\u0119 jezuici. Ko\u015bci\u00f3\u0142 wraz z klasztornymi zabudowaniami przekazali diecezji. Teraz b\u0119dzie to ko\u015bci\u00f3\u0142 rektoralny, miejsce spotka\u0144 grup neokatechumenalnych.&#8221; &#8211; pisze portal Go\u015b\u0107 Lubelski w artykule &#8222;Jezuici si\u0119 wyprowadzaj\u0105&#8221;. Ko\u015bci\u00f3\u0142 przy ulicy Kr\u00f3lewskiej wybudowany zosta\u0142 w 1658 roku. Po zako\u0144czeniu I wojny [&hellip;]","protected":false},"author":1,"featured_media":0,"comment_status":"closed","ping_status":"closed","sticky":false,"template":"","format":"standard","meta":{"_acf_changed":false,"_monsterinsights_skip_tracking":false,"_monsterinsights_sitenote_active":false,"_monsterinsights_sitenote_note":"","_monsterinsights_sitenote_category":0,"ngg_post_thumbnail":0,"footnotes":"","_wp_rev_ctl_limit":""},"categories":[5],"tags":[98,33],"acf":[],"_links":{"self":[{"href":"https:\/\/www.bibula.com\/index.php?rest_route=\/wp\/v2\/posts\/84309"}],"collection":[{"href":"https:\/\/www.bibula.com\/index.php?rest_route=\/wp\/v2\/posts"}],"about":[{"href":"https:\/\/www.bibula.com\/index.php?rest_route=\/wp\/v2\/types\/post"}],"author":[{"embeddable":true,"href":"https:\/\/www.bibula.com\/index.php?rest_route=\/wp\/v2\/users\/1"}],"replies":[{"embeddable":true,"href":"https:\/\/www.bibula.com\/index.php?rest_route=%2Fwp%2Fv2%2Fcomments&post=84309"}],"version-history":[{"count":0,"href":"https:\/\/www.bibula.com\/index.php?rest_route=\/wp\/v2\/posts\/84309\/revisions"}],"wp:attachment":[{"href":"https:\/\/www.bibula.com\/index.php?rest_route=%2Fwp%2Fv2%2Fmedia&parent=84309"}],"wp:term":[{"taxonomy":"category","embeddable":true,"href":"https:\/\/www.bibula.com\/index.php?rest_route=%2Fwp%2Fv2%2Fcategories&post=84309"},{"taxonomy":"post_tag","embeddable":true,"href":"https:\/\/www.bibula.com\/index.php?rest_route=%2Fwp%2Fv2%2Ftags&post=84309"}],"curies":[{"name":"wp","href":"https:\/\/api.w.org\/{rel}","templated":true}]}}