{"id":8428,"date":"2009-04-15T09:44:29","date_gmt":"2009-04-15T14:44:29","guid":{"rendered":"http:\/\/www.bibula.com\/?p=8428"},"modified":"2009-04-15T09:44:29","modified_gmt":"2009-04-15T14:44:29","slug":"skandal-w-parlamencie-europejskim-w-sprawie-sp-rotmistrza-pileckiego","status":"publish","type":"post","link":"https:\/\/www.bibula.com\/?p=8428","title":{"rendered":"Skandal w Parlamencie Europejskim w sprawie \u015bp. rotmistrza Pileckiego"},"content":{"rendered":"<p>Niekt\u00f3rzy polscy europos\u0142owie g\u0142osowali przeciwko rezolucji w sprawie upami\u0119tnienia polskiego bohatera \u015bp. rotmistrza Pileckiego. Publikuj\u0119 w zwi\u0105zku z tym nastepuj\u0105ce o\u015bwiadczenie, bo warto zapamieta\u0107 poni\u017csze nazwiska. Zapami\u0119ta\u0107, aby na osoby te\u00a0 w czasie zbli\u017caj\u0105cej si\u0119 kampanii wyborczej nie g\u0142osowa\u0107.<\/p>\r\n\r\n\r\n<blockquote><strong>O\u015bwiadczenie<\/strong><br \/>\r\n <br \/>\r\n Porozumienie Organizacji Kombatanckich i Niepodleg\u0142o\u015bciowych w Krakowie wzywa wszystkich polskich eurodeputowanych, kt\u00f3rzy nie poparli 2 kwietnia podczas g\u0142osowania w Parlamencie Europejskim zg\u0142oszonych przez Hann\u0119 Foltyn-Kubick\u0105 poprawek do rezolucji &#8222;\u015awiadomo\u015b\u0107 europejska a totalitaryzm&#8221; &#8211; maj\u0105cych na celu wpisanie rotmistrza Witolda Pileckiego do tekstu dokumentu oraz ustanowienie dnia 25 maja (rocznicy jego \u015bmierci) Europejskim Dniem Bohater\u00f3w Walki z Totalitaryzmem &#8211; do publicznego og\u0142oszenia rezygnacji z dalszego udzia\u0142u w \u017cyciu politycznym. <br \/>\r\n <br \/>\r\n \u0179adna z poprawek nie uzyska\u0142a wymaganej wi\u0119kszo\u015bci, co przyjmujemy ze smutkiem, ale prawdziwym skandalem jest dla nas imienny wydruk wynik\u00f3w g\u0142osowania dw\u00f3ch z nich, z kt\u00f3rego wynika, \u017ce tak\u017ce spora cz\u0119\u015b\u0107 naszych europos\u0142\u00f3w nie podnios\u0142a r\u0105k za ich przyj\u0119ciem. Polscy eurodeputowani, g\u0142osuj\u0105cy przeciwko uhonorowaniu jednego z najwi\u0119kszych bohater\u00f3w najnowszej historii swojego kraju &#8211; tego nie wolno zbagatelizowa\u0107, ani pozostawi\u0107 bez wyci\u0105gni\u0119cia surowych konsekwencji.<br \/>\r\n <br \/>\r\n Oto ich nazwiska: <strong>Czarnecki Marek, Onyszkiewicz, Piskorski, Staniszewska, Wielowieyski, Buzek, Chmielewski, Gacek, Ja\u0142owiecki, Lewandowski, Olbrycht, Protasiewicz, Saryusz-Wolski, Siekierski, Zaleski, Zwiefka, Geringer de Oedenberg, Grabowska, Liberadzki, Masiel<\/strong>. Sonik i Gierek w jednym g\u0142osowaniu wstrzymali si\u0119, w drugim byli przeciwko przyj\u0119ciu zg\u0142oszonej przez Foltyn-Kubick\u0105 poprawki.<br \/>\r\n <br \/>\r\n Nie przyjmujemy do wiadomo\u015bci \u017cenuj\u0105cych t\u0142umacze\u0144, \u017ce takie by\u0142y ustalenia poszczeg\u00f3lnych frakcji europarlamentu, w kt\u00f3rych zasiadaj\u0105 owi deputowani. Je\u017celi zechc\u0105 oni\u00a0 u\u017cy\u0107 w swej obronie podobnych argument\u00f3w, b\u0119dzie to znaczy\u0107 \u017ce bycie Polakiem jest dla nich czym\u015b nieistotnym, a wi\u0119c logiczny jest wniosek, i\u017c nie powinni ju\u017c nigdy wi\u0119cej reprezentowa\u0107 Rzeczypospolitej na \u017cadnym publicznym forum w kraju, ani za granic\u0105.<br \/>\r\n <br \/>\r\n W polityce bywaj\u0105 jednoznaczne sytuacje, w kt\u00f3rych wszelkie podzia\u0142y powinny ust\u0119powa\u0107 miejsca uczuciom patriotycznym. Trudno wyobrazi\u0107 sobie za\u015b lepsz\u0105 okoliczno\u015b\u0107 do zamanifestowania dumy ze swego kraju w europarlamencie, jak w\u0142a\u015bnie ta opisana wy\u017cej. Niestety, dla kilkunastu naszych deputowanych nie sta\u0142a si\u0119 ona znakomit\u0105 okazj\u0105 do zademonstrowania swej polsko\u015bci, ale wr\u0119cz przeciwnie: powodem haniebnej kompromitacji.<br \/>\r\n <br \/>\r\n Apelujemy do wszystkich posiadaj\u0105cych czynne prawa wyborcze Polak\u00f3w, aby dobrze zapami\u0119tali wymienione wy\u017cej nazwiska. Politycy podnosz\u0105cy r\u0119ce przeciw uczczeniu uznanego przez ca\u0142y \u015bwiat za jednego z najdzielniejszych ludzi okresu II wojny \u015bwiatowej rtm. Witolda Pileckiego &#8211; dobrowolnego wi\u0119\u017ania obozu koncentracyjnego Auschwitz-Birkenu (w celu zorganizowania w nim konspiracji), \u017co\u0142nierza Armii Krajowej, walcz\u0105cego przeciw dw\u00f3m okupantom Polski i zamordowanego przez sowiecki re\u017cim w Warszawie nie powinni bowiem w przysz\u0142o\u015bci reprezentowa\u0107 nas ani w Parlamencie Europejskim, ani w polskim, ani nawet w lokalnych samorz\u0105dach.<br \/>\r\n <br \/>\r\n W imieniu Rady POKiN<br \/>\r\n <br \/>\r\n <strong><em>dr Jerzy Bukowski hm<\/em><\/strong><br \/>\r\n<p><br class=\"spacer_\" \/><\/p><\/blockquote>\r\n\r\n\r\n<p>Za: <a href=\"http:\/\/www.isakowicz.pl\/index.php?page=news&amp;kid=8&amp;nid=1645\" target=\"_blank\">Blog ks. Tadeusza Isakowicza-Zaleskiego<\/a><\/p>","protected":false},"excerpt":{"rendered":"Niekt\u00f3rzy polscy europos\u0142owie g\u0142osowali przeciwko rezolucji w sprawie upami\u0119tnienia polskiego bohatera \u015bp. rotmistrza Pileckiego. Publikuj\u0119 w zwi\u0105zku z tym nastepuj\u0105ce o\u015bwiadczenie, bo warto zapamieta\u0107 poni\u017csze nazwiska. Zapami\u0119ta\u0107, aby na osoby te\u00a0 w czasie zbli\u017caj\u0105cej si\u0119 kampanii wyborczej nie g\u0142osowa\u0107. O\u015bwiadczenie Porozumienie Organizacji Kombatanckich i Niepodleg\u0142o\u015bciowych w Krakowie wzywa wszystkich polskich eurodeputowanych, kt\u00f3rzy nie poparli 2 [&hellip;]","protected":false},"author":1,"featured_media":0,"comment_status":"closed","ping_status":"closed","sticky":false,"template":"","format":"standard","meta":{"_acf_changed":false,"_monsterinsights_skip_tracking":false,"_monsterinsights_sitenote_active":false,"_monsterinsights_sitenote_note":"","_monsterinsights_sitenote_category":0,"ngg_post_thumbnail":0,"footnotes":"","_wp_rev_ctl_limit":""},"categories":[6],"tags":[65,23],"acf":[],"_links":{"self":[{"href":"https:\/\/www.bibula.com\/index.php?rest_route=\/wp\/v2\/posts\/8428"}],"collection":[{"href":"https:\/\/www.bibula.com\/index.php?rest_route=\/wp\/v2\/posts"}],"about":[{"href":"https:\/\/www.bibula.com\/index.php?rest_route=\/wp\/v2\/types\/post"}],"author":[{"embeddable":true,"href":"https:\/\/www.bibula.com\/index.php?rest_route=\/wp\/v2\/users\/1"}],"replies":[{"embeddable":true,"href":"https:\/\/www.bibula.com\/index.php?rest_route=%2Fwp%2Fv2%2Fcomments&post=8428"}],"version-history":[{"count":0,"href":"https:\/\/www.bibula.com\/index.php?rest_route=\/wp\/v2\/posts\/8428\/revisions"}],"wp:attachment":[{"href":"https:\/\/www.bibula.com\/index.php?rest_route=%2Fwp%2Fv2%2Fmedia&parent=8428"}],"wp:term":[{"taxonomy":"category","embeddable":true,"href":"https:\/\/www.bibula.com\/index.php?rest_route=%2Fwp%2Fv2%2Fcategories&post=8428"},{"taxonomy":"post_tag","embeddable":true,"href":"https:\/\/www.bibula.com\/index.php?rest_route=%2Fwp%2Fv2%2Ftags&post=8428"}],"curies":[{"name":"wp","href":"https:\/\/api.w.org\/{rel}","templated":true}]}}