{"id":8426,"date":"2009-04-15T09:40:57","date_gmt":"2009-04-15T14:40:57","guid":{"rendered":"http:\/\/www.bibula.com\/?p=8426"},"modified":"2009-04-15T09:40:57","modified_gmt":"2009-04-15T14:40:57","slug":"jan-pawel-i-i-fatima-%e2%80%9ekorona-chrystusa-i-dni-chrystusa%e2%80%9d","status":"publish","type":"post","link":"https:\/\/www.bibula.com\/?p=8426","title":{"rendered":"Jan Pawe\u0142 I i Fatima &#8211; \u201eKorona Chrystusa i dni Chrystusa&#8221;"},"content":{"rendered":"<p>26-go sierpnia 1978 r. kardyna\u0142 Luciani zosta\u0142 papie\u017cem i przyj\u0105\u0142 imi\u0119 Jana Paw\u0142a I. Wiadomo, \u017ce Monsigniore Luciani, patriarcha Wenecji, widzia\u0142 si\u0119 z siostr\u0105 \u0141ucj\u0105 z Fatimy. W ksi\u0105\u017cce <em><strong>\u201eEl diario secreto de Juan Pablo I\u201d<\/strong> (wyd. Planeta,1990)<\/em> autor, Ricardo de la Cieva y de Hoces, relacjonuje nast\u0119puj\u0105ce fakty:<br \/>\r\n<br \/>\r\n W swym <em>tajnym dzienniku<\/em> papie\u017c napisa\u0142 dn. 21 wrze\u015bnia 1978 r. , osiem dni przed swym m\u0119cze\u0144stwem: <em>\u201e11 lipca 1977, don Diego Lorenzi towarzyszy\u0142 mi w koncelebracji w ko\u015bciele karmelit\u00f3w w Coimbra. Siostra \u0141ucja, kt\u00f3ra przebywa\u0142a w tym klasztorze, chcia\u0142a si\u0119 ze mn\u0105 zobaczy\u0107. Zgodzi\u0142em si\u0119 z pewnymi oporami. Takie sprawy wywo\u0142uj\u0105 u mnie pewne zaniepokojenie.<br \/>\r\n<\/em><br \/>\r\n <em> \u0141ucja by\u0142a zakonnic\u0105, \u017cyw\u0105 i komunikatywn\u0105. Wci\u0105gn\u0119\u0142a mnie w rozmow\u0119 na dwie d\u0142ugie godziny, gdy uprzednio przewidzia\u0142em par\u0119 minut, by ja pob\u0142ogos\u0142awi\u0107 i sobie odej\u015b\u0107. Te godziny min\u0119\u0142y mi jak jedna chwila. Nie m\u00f3wi\u0142a ani o Objawieniach, ani o s\u0142awnej Tajemnicy (<\/em>trzeciej &#8211; md<em>), ale o trosce, kt\u00f3ra dr\u0119czy jej dusz\u0119, spowodowanej obni\u017ceniem warto\u015bci kap\u0142an\u00f3w oraz wiary wiernych. Potem znieruchomia\u0142a na moment w skupieniu; tak przesz\u0142o kilka chwil w milczeniu.<br \/>\r\n<br \/>\r\n Przedtem m\u00f3wi\u0142a do mnie z oczami spuszczonymi, gdy teraz przez par\u0119 sekund zwr\u00f3ci\u0142a na mnie wzrok: \u201eCo do Was, Monsigniore, powiedzia\u0142a s\u0142owami, kt\u00f3re ewidentnie nie by\u0142y jej &#8211; <strong>korona Chrystusa i dni Chrystusa<\/strong>.\u201d Zamilk\u0142a, i ja milcza\u0142em bardzo wzruszony. Od tego czasu nie przestaj\u0119 my\u015ble\u0107 o tym ka\u017cdej nocy. \u201eKorona Chrystusa\u201d &#8211; co\u015b m\u00f3wi w mym wn\u0119trzu &#8211; jest by\u0107 mo\u017ce tym, co nazywam \u201eopresj\u0105\u201d; \u201edni Chrystusa\u201d &#8211; czy to b\u0119d\u0105 me dni, tygodnie, czy lata&#8230; nie wiem. Dzi\u015b jest 25-ty dzie\u0144 mego pontyfikatu. Nie wiem!\u201d<\/em><br \/>\r\n<br \/>\r\n Tygodnik <em>\u201eGenta Veneta\u201d<\/em> z 23 lipca 1977 oraz Biuletyn CRC (<em>Contre Revolution Catholique au XXI siecle<\/em>), nr 325, wrzesie\u0144 1996, w kt\u00f3rym opublikowano artyku\u0142 o spotkaniu kardyna\u0142a Luciani z siostr\u0105 \u0141ucj\u0105, nic nie wspomina o poufno\u015bci tej sprawy. W ka\u017cdym razie, je\u015bli wierzy\u0107 Ricardo de la Cieva y de Hoces, w tym spotkaniu Siostra \u0141ucja przewidzia\u0142a dla kardyna\u0142a Luciani \u201e<strong>koron\u0119 Chrystusa<\/strong>\u201d, to jest koron\u0119 m\u0119cze\u0144sk\u0105, a \u201e<strong>dni Chrystusa<\/strong>\u201d to by\u0142y te 33 dni jego kr\u00f3tkiego pontyfikatu. <strong>Korona Chrystusa i dni Chrystusa<\/strong> &#8211; to zdanie nie przesta\u0142o nawiedza\u0107 my\u015bli Monsigniore Luciani, szczeg\u00f3lnie po 26 sierpnia 1978 r., gdy zosta\u0142 wybrany Papie\u017cem. Zwierzy\u0142 si\u0119 wtedy przyjacielowi teologowi don Germano Pattaro: <em>\u201eTo, co powiedzia\u0142a mi siostra \u0141ucja w lipcu 1977 r. , ci\u0105\u017cy mi na sercu. Ta my\u015bl by\u0142a zbyt uci\u0105\u017cliwa, zbyt sprzeczna z ca\u0142\u0105 m\u0105 istot\u0105. To by\u0142o nie do wiary, a jednak przewidywanie siostry \u0141ucji si\u0119 sprawdzi\u0142o. Jestem papie\u017cem. Je\u015bli b\u0119d\u0119 \u017cy\u0142, powr\u00f3c\u0119 do Fatimy, by po\u015bwi\u0119ci\u0107 \u015bwiat, a szczeg\u00f3lnie ludy Rosji,\u00a0 \u015awi\u0119tej Dziewicy wed\u0142ug wskaza\u0144 , kt\u00f3re Ona da\u0142a siostrze \u0141ucji\u201d<\/em>.<br \/>\r\n<br \/>\r\n Jego bardzo kr\u00f3tki pontyfikat trzydziestu trzech dni nie pozwoli\u0142 mu na ujawnienie \u015bwiatu autentycznego ostatniego przes\u0142ania Matki Bo\u017cej Fatimskiej, ale pewne zwierzenia ludzi dobrze umiejscowionych pozwalaj\u0105 nam my\u015ble\u0107, \u017ce mia\u0142 ten zamiar. Czy chcia\u0142 on ponadto wygoni\u0107 pra\u0142at\u00f3w &#8211; mason\u00f3w z Watykanu? Wszystko odnowi\u0107 w Chrystusie? Nie wiemy tego na pewno, lecz jak si\u0119 wydaje, dla unikni\u0119cia tego zosta\u0142 zamordowany przez otrucie.<br \/>\r\n<br \/>\r\n<em> T\u0142umaczenie z miesi\u0119cznika <strong>\u201eLumi\u00c3\u00a8re, Amour et Verit\u00c3\u00a9\u201d<\/strong>, numero speciale 2007 (90o Anniversaire des Apparitions). <\/em><\/p>\r\n\r\n<p><br class=\"spacer_\" \/><\/p>\r\n\r\n<p>Za: <a href=\"http:\/\/dakowski.pl\/index.php?option=com_content&amp;task=view&amp;id=1109&amp;Itemid=46\" target=\"_blank\">dakowski.pl<\/a><\/p>","protected":false},"excerpt":{"rendered":"26-go sierpnia 1978 r. kardyna\u0142 Luciani zosta\u0142 papie\u017cem i przyj\u0105\u0142 imi\u0119 Jana Paw\u0142a I. Wiadomo, \u017ce Monsigniore Luciani, patriarcha Wenecji, widzia\u0142 si\u0119 z siostr\u0105 \u0141ucj\u0105 z Fatimy. W ksi\u0105\u017cce \u201eEl diario secreto de Juan Pablo I\u201d (wyd. Planeta,1990) autor, Ricardo de la Cieva y de Hoces, relacjonuje nast\u0119puj\u0105ce fakty: W swym tajnym dzienniku papie\u017c napisa\u0142 [&hellip;]","protected":false},"author":1,"featured_media":0,"comment_status":"closed","ping_status":"closed","sticky":false,"template":"","format":"standard","meta":{"_acf_changed":false,"_monsterinsights_skip_tracking":false,"_monsterinsights_sitenote_active":false,"_monsterinsights_sitenote_note":"","_monsterinsights_sitenote_category":0,"ngg_post_thumbnail":0,"footnotes":"","_wp_rev_ctl_limit":""},"categories":[9],"tags":[82,41],"acf":[],"_links":{"self":[{"href":"https:\/\/www.bibula.com\/index.php?rest_route=\/wp\/v2\/posts\/8426"}],"collection":[{"href":"https:\/\/www.bibula.com\/index.php?rest_route=\/wp\/v2\/posts"}],"about":[{"href":"https:\/\/www.bibula.com\/index.php?rest_route=\/wp\/v2\/types\/post"}],"author":[{"embeddable":true,"href":"https:\/\/www.bibula.com\/index.php?rest_route=\/wp\/v2\/users\/1"}],"replies":[{"embeddable":true,"href":"https:\/\/www.bibula.com\/index.php?rest_route=%2Fwp%2Fv2%2Fcomments&post=8426"}],"version-history":[{"count":0,"href":"https:\/\/www.bibula.com\/index.php?rest_route=\/wp\/v2\/posts\/8426\/revisions"}],"wp:attachment":[{"href":"https:\/\/www.bibula.com\/index.php?rest_route=%2Fwp%2Fv2%2Fmedia&parent=8426"}],"wp:term":[{"taxonomy":"category","embeddable":true,"href":"https:\/\/www.bibula.com\/index.php?rest_route=%2Fwp%2Fv2%2Fcategories&post=8426"},{"taxonomy":"post_tag","embeddable":true,"href":"https:\/\/www.bibula.com\/index.php?rest_route=%2Fwp%2Fv2%2Ftags&post=8426"}],"curies":[{"name":"wp","href":"https:\/\/api.w.org\/{rel}","templated":true}]}}