{"id":8423,"date":"2009-04-15T09:32:59","date_gmt":"2009-04-15T14:32:59","guid":{"rendered":"http:\/\/www.bibula.com\/?p=8423"},"modified":"2009-04-15T09:32:59","modified_gmt":"2009-04-15T14:32:59","slug":"dumna-republika-i-bohaterscy-francuzi","status":"publish","type":"post","link":"https:\/\/www.bibula.com\/?p=8423","title":{"rendered":"Dumna Republika i bohaterscy Francuzi"},"content":{"rendered":"<div><span>Jednym z najzagorzalszych w propagowaniu pami\u0119ci ofiar holokaustu i pi\u0119tnowaniu antysemityzmu pa\u0144stw jest wielka i bohaterska Francja. Dumna Republika w bezkompromisowy spos\u00f3b staje zawsze w obronie \u017byd\u00f3w. <\/span><\/div>\r\n<div><\/div>\r\n<div><span>Czy wp\u0142yn\u0119\u0142a na to liczna, bo 500 tysi\u0119czna diaspora \u017cydowska \u017cyj\u0105ca we Francji? Mo\u017ce wstydliwy fakt, \u017ce to w\u0142a\u015bnie we Francji cz\u0119sto dochodzi do antysemickich eksces\u00f3w? A mo\u017ce to jest zwyk\u0142e leczenie kompleks\u00f3w i pr\u00f3ba zatarcia wstydliwych fakt\u00f3w z w\u0142asnej historii? <\/span><\/div>\r\n<div><\/div>\r\n<div><span>Ta dzisiejsza odwaga i bezkompromisowo\u015b\u0107 Francuz\u00f3w wygl\u0105da bardzo nieprzekonywuj\u0105co i podejrzanie. Zw\u0142aszcza, \u017ce nic nie kosztuje.<\/span><\/div>\r\n<div><\/div>\r\n<div><span>W czasie II wojny \u015bwiatowej, mimo, \u017ce za pomoc \u017bydom nie grozi\u0142y Francuzom takie represje jak w okupowanej Polsce, tej dzisiejszej odwagi i stanowczo\u015bci jako\u015b zabrak\u0142o. <\/span><\/div>\r\n<div><\/div>\r\n<div><span>W Jad Waszem francuskich drzewek jest tyle, co kot nap\u0142aka\u0142, co jak na ponad 60 milionowy nar\u00f3d jest do\u015b\u0107 zawstydzaj\u0105ce.<\/span><\/div>\r\n<div><\/div>\r\n<div><span>Francuski, kolaboracyjny rz\u0105d wykazywa\u0142 si\u0119 niezwyk\u0142\u0105 gorliwo\u015bci\u0105 w deportacji \u017byd\u00f3w do oboz\u00f3w zag\u0142ady, a dumni obywatele Republiki ochoczo, wykorzystuj\u0105c w\u0142asne pa\u0144stwowe koleje wysy\u0142a\u0142y tysi\u0105cami swoich niedawnych s\u0105siad\u00f3w w ostatni\u0105 podr\u00f3\u017c. <\/span><\/div>\r\n<div><\/div>\r\n<div><span>S\u0142ynne francusko-niemieckie pojednanie zaowocowa\u0142o mi\u0119dzy innymi wsp\u00f3lnie opracowanym podr\u0119cznikiem historii. Aby podkre\u015bli\u0107 w nim martyrologi\u0105 francuskiego narodu wymienione s\u0105 tam z nazwy wszystkie, czyli dwie wsie spacyfikowane przez Niemc\u00f3w\u2026przepraszam, przez hitlerowc\u00f3w. <\/span><\/div>\r\n<div><\/div>\r\n<div><span>Nieczyste francuskie sumienie jest bardzo widoczne w artykule z Le Monde, niejakiego <\/span><span>Jean-Luc Douina, recenzuj\u0105cym film Andrzeja Wajdy, \u201eKaty\u0144\u201d. Potwierdza on swoj\u0105 bezczelno\u015bci\u0105, \u017ce Francja jest nadal na czele peletonu wrednych fa\u0142szerzy polskiej historii.<\/span><\/div>\r\n<div><\/div>\r\n<div><span>Poni\u017cszy fragment<\/span><\/div>\r\n<div><span>\u201e<\/span><em><span>\u017byd\u00f3w w tym filmie po prostu nie ma. Ofiar\u0105 drugiej wojny \u015bwiatowej jest Polak\u201d, <\/span><\/em><span>to reprezentatywny, kolejny dow\u00f3d na upadek i moralne dno francuskich elit.<\/span><\/div>\r\n<div><\/div>\r\n<div><span>Najwi\u0119ksza ofiara II wojny \u015bwiatowej, Polska, gdzie Niemcy spacyfikowali ponad 700 wsi, r\u00f3wnali z ziemi\u0105 ca\u0142e miasta, a po tych trudach je\u017adzili na urlop do pi\u0119knego Pary\u017ca robi\u0105c sobie pami\u0105tkowe zdj\u0119cia, nie zas\u0142uguje nawet na jeden film po\u015bwi\u0119cony w\u0142asnym ofiarom. <\/span><\/div>\r\n<div><\/div>\r\n<div><span>Ostatni fragment tego artyku\u0142u, kt\u00f3ry przytocz\u0119 \u015bwiadczy o tym, \u017ce mord na ludziach ni\u017cszej kategorii i przypisywanie im dodatkowo ludzkich cech mo\u017ce mie\u0107 wyd\u017awi\u0119k antysemicki. <\/span><\/div>\r\n<div><\/div>\r\n<div><em><span>\u201eJest te\u017c zadziwiaj\u0105cy szczeg\u00f3\u0142: przysz\u0142e ofiary zbrodni okazuj\u0105 g\u0142\u0119bokie emocjonalne przywi\u0105zanie do maskotki &#8211; pluszowego misia, kt\u00f3ry zosta\u0142 uznany przez Yad Vashem za symbol m\u0119cze\u0144stwa narodu \u017cydowskiego &#8211; eksterminacji dzieci \u017cydowskich\u201d.<\/span><\/em><\/div>\r\n<div><\/div>\r\n<div><span>W obwieszaniu, jak radzieckich sier\u017cant\u00f3w, polskich \u201eautorytet\u00f3w\u201d skupionych wok\u00f3\u0142 Gazety Wyborczej r\u00f3\u017cnymi orderami Francja wyprzedzi\u0142a podobnych zak\u0142amywaczy historii Niemc\u00f3w. <\/span><\/div>\r\n<div><\/div>\r\n<div><span>Czy Pani Ewa Milewicz zaapeluje do nich o tak modny dzisiaj zwrot tych order\u00f3w? <\/span><\/div>\r\n<div><span>Odwagi, Pani Ewo.<\/span><\/div>\r\n<div><span><br \/>\r\n<\/span><\/div>\r\n<div><span><br \/>\r\n<\/span><\/div>\r\n<div><span>Za: <a href=\"http:\/\/kokos.salon24.pl\/507531.html\" target=\"_blank\">kokos26<\/a><br \/>\r\n<\/span><\/div>","protected":false},"excerpt":{"rendered":"Jednym z najzagorzalszych w propagowaniu pami\u0119ci ofiar holokaustu i pi\u0119tnowaniu antysemityzmu pa\u0144stw jest wielka i bohaterska Francja. Dumna Republika w bezkompromisowy spos\u00f3b staje zawsze w obronie \u017byd\u00f3w. Czy wp\u0142yn\u0119\u0142a na to liczna, bo 500 tysi\u0119czna diaspora \u017cydowska \u017cyj\u0105ca we Francji? Mo\u017ce wstydliwy fakt, \u017ce to w\u0142a\u015bnie we Francji cz\u0119sto dochodzi do antysemickich eksces\u00f3w? A mo\u017ce [&hellip;]","protected":false},"author":1,"featured_media":0,"comment_status":"closed","ping_status":"closed","sticky":false,"template":"","format":"standard","meta":{"_acf_changed":false,"_monsterinsights_skip_tracking":false,"_monsterinsights_sitenote_active":false,"_monsterinsights_sitenote_note":"","_monsterinsights_sitenote_category":0,"ngg_post_thumbnail":0,"footnotes":"","_wp_rev_ctl_limit":""},"categories":[9],"tags":[48,59],"acf":[],"_links":{"self":[{"href":"https:\/\/www.bibula.com\/index.php?rest_route=\/wp\/v2\/posts\/8423"}],"collection":[{"href":"https:\/\/www.bibula.com\/index.php?rest_route=\/wp\/v2\/posts"}],"about":[{"href":"https:\/\/www.bibula.com\/index.php?rest_route=\/wp\/v2\/types\/post"}],"author":[{"embeddable":true,"href":"https:\/\/www.bibula.com\/index.php?rest_route=\/wp\/v2\/users\/1"}],"replies":[{"embeddable":true,"href":"https:\/\/www.bibula.com\/index.php?rest_route=%2Fwp%2Fv2%2Fcomments&post=8423"}],"version-history":[{"count":0,"href":"https:\/\/www.bibula.com\/index.php?rest_route=\/wp\/v2\/posts\/8423\/revisions"}],"wp:attachment":[{"href":"https:\/\/www.bibula.com\/index.php?rest_route=%2Fwp%2Fv2%2Fmedia&parent=8423"}],"wp:term":[{"taxonomy":"category","embeddable":true,"href":"https:\/\/www.bibula.com\/index.php?rest_route=%2Fwp%2Fv2%2Fcategories&post=8423"},{"taxonomy":"post_tag","embeddable":true,"href":"https:\/\/www.bibula.com\/index.php?rest_route=%2Fwp%2Fv2%2Ftags&post=8423"}],"curies":[{"name":"wp","href":"https:\/\/api.w.org\/{rel}","templated":true}]}}