{"id":84198,"date":"2015-11-20T10:09:43","date_gmt":"2015-11-20T15:09:43","guid":{"rendered":"http:\/\/www.bibula.com\/?p=84198"},"modified":"2015-11-20T10:09:43","modified_gmt":"2015-11-20T15:09:43","slug":"uchodzcow-nie-da-sie-relokowac-bo-nie-ma-procedur-pokonamy-ue-jej-wlasna-bronia","status":"publish","type":"post","link":"https:\/\/www.bibula.com\/?p=84198","title":{"rendered":"Uchod\u017ac\u00f3w nie da si\u0119 relokowa\u0107, bo nie ma procedur! Pokonamy UE jej w\u0142asn\u0105 broni\u0105?"},"content":{"rendered":"<p><strong>Polska nie odwraca si\u0119 od Europy, ale decyzji o relokacji uchod\u017ac\u00f3w nie da si\u0119 wykona\u0107, bo brakuje odpowiednich procedur &#8211; oceni\u0142 Witold Waszczykowski, minister spraw zagranicznych. To pr\u00f3ba wymiksowania si\u0119 z decyzji Ewy Kopacz dotycz\u0105cych tzw. kwot imigracyjnych czy jedynie dyplomatyczna gra na czas?<\/strong><\/p><p>Jak sprawi\u0107, by w kwestii relokacji uchod\u017ac\u00f3w i wilk by\u0142 syty i owca ca\u0142a? To zapewne niemo\u017cliwe, ale by\u0107 mo\u017ce uda si\u0119 &#8211; przynajmniej jeszcze na jaki\u015b czas &#8211; ug\u0142aska\u0107 g\u0142odnego wilka. Na jak d\u0142ugo deklaracje o dobrych ch\u0119ciach wystarcz\u0105? To si\u0119 oka\u017ce. Jednak patrz\u0105c na \u201eskuteczno\u015b\u0107\u201d polityki imigracyjnej UE oraz \u201eszybko\u015b\u0107\u201d podejmowania decyzji, taka gra pozor\u00f3w mo\u017ce by\u0107 skuteczna. S\u0142owem &#8211; dyplomacja.<\/p><p>Nowy rz\u0105d Polski nie ma \u0142atwego zadania, bo koalicja PO-PSL zgodzi\u0142a si\u0119 na podzia\u0142 kwot imigrant\u00f3w, a odwr\u00f3cenie tej decyzji &#8211; cho\u0107 w kraju oczekiwane &#8211; to w kontaktach z salonem Europy nie by\u0142oby dobrze widziane i mog\u0142yby zako\u0144czy\u0107 si\u0119 os\u0142abieniem potencjalnych akt\u00f3w solidarno\u015bci z Polsk\u0105, gdy ta znalaz\u0142aby si\u0119 w potrzebie. Co zatem lepsze: ostre ci\u0119cie czy dyplomatyczne uniki? Rz\u0105d najwyra\u017aniej wybra\u0142 t\u0119 drug\u0105 drog\u0119.<\/p><p>Wskazuj\u0105 na to opinie, jakie Witold Waszczykowski przekaza\u0142 na antenie tvn24. Szef MSZ wskaza\u0142, \u017ce \u201etrudno jest obecnie wykona\u0107 decyzj\u0119 Rady Europejskiej ws. relokacji uchod\u017ac\u00f3w, gdy\u017c nie ma odpowiednich procedur\u201d. Przy czym zapewni\u0142, \u017ce Polska nie odwraca si\u0119 plecami do Europy &#8211; co zarzuci\u0142 swojemu nast\u0119pcy Grzegorz Schetyna &#8211; i generalnie \u201ejeste\u015bmy gotowi do rozm\u00f3w\u201d.<\/p><p>Waszczykowski przypomnia\u0142 te\u017c, \u017ce jako minister zd\u0105\u017cy\u0142 ju\u017c odwiedzi\u0107 unijn\u0105 agencj\u0119 ds. granic Frontex i rozmawia\u0142 o sytuacji na granicach zewn\u0119trznych UE. Wnioski m\u00f3wi\u0105 same za siebie.<\/p><p>&#8211; Moja wizyta we Fronteksie by\u0142a po to, \u017ceby sprawdzi\u0107 jak Polska mog\u0142aby wykona\u0107 decyzj\u0119. Wniosek jest taki, \u017ce prawdopodobnie nie da si\u0119 wykona\u0107 decyzji &#8211; zaznaczy\u0142 Waszczykowski.<\/p><p>Jak wyliczy\u0142, brakuje\u00a0 procedur dotycz\u0105cych identyfikacji uchod\u017ac\u00f3w i imigrant\u00f3w, a tzw. hot spoty &#8211; o ile w og\u00f3le zd\u0105\u017cy\u0142y powsta\u0107 &#8211; nie spe\u0142niaj\u0105 pok\u0142adanych w nich nadziei. Uchod\u017acy w znacz\u0105cej cz\u0119\u015bci pozostaj\u0105 niezidentyfikowani, a to stwarza zagro\u017cenie dla bezpiecze\u0144stwa pa\u0144stwa przyjmuj\u0105cego.<\/p><p>&#8211; Masa ludzi przyje\u017cd\u017ca bez dokument\u00f3w. Mo\u017cna oczywi\u015bcie zrobi\u0107 zdj\u0119cie, pobra\u0107 odciski palc\u00f3w. I co, mamy nadawa\u0107 imiona i nazwiska jak pruscy oficerowie w XVIII wieku nadawali Izraelitom mieszkaj\u0105cym w Europie? &#8211; pyta\u0142 Waszczykowski.<\/p><p>To nie jedyny problem, bo w UE nie ma procedur dotycz\u0105cych przymusowej relokacji imigrant\u00f3w do kraj\u00f3w UE. Na problem uchod\u017ac\u00f3w &#8211; co wskaza\u0142 szef polskiej dyplomacji &#8211; trzeba te\u017c spojrze\u0107 przez pryzmat samych imigrant\u00f3w, dla kt\u00f3rych Polska nie jest interesuj\u0105cym miejscem do osiedlenia. A to oznacza, \u017ce rewokowani do Polski imigranci i tak b\u0119d\u0105 ucieka\u0107 za zach\u00f3d.<\/p><p>&#8211; Jak wybra\u0107 imigrant\u00f3w i uchod\u017ac\u00f3w, kt\u00f3rzy b\u0119d\u0105 chcieli przyjecha\u0107 do Polski? Na si\u0142\u0119 mamy ich bra\u0107? S\u0105 informacje, \u017ce ludzie kt\u00f3rzy dotarli do Europy, nie b\u0119d\u0105 chcieli w Polsce zosta\u0107 &#8211; wskaza\u0142.<\/p><p>UE w tym zakresie straszy\u0142a ju\u017c karami. Niemniej trudno wyobrazi\u0107 sobie, by uchod\u017acy, kt\u00f3rzy trafi\u0105 do Polski wbrew w\u0142asnej woli, byli tu tak\u017ce przetrzymywani si\u0142\u0105. Z drugiej strony polskie spo\u0142ecze\u0144stwo nie chce islamskich imigrant\u00f3w. O tym rz\u0105d doskonale wie i wymyki dyplomatyczne szefa MSZ zdaje si\u0119 maj\u0105 na celu oddalenie w czasie przyci\u0119cia uchod\u017ac\u00f3w. Tak, by UE widzia\u0142a nasz\u0105 dobr\u0105 wol\u0119, dostrzeg\u0142a usprawiedliwiaj\u0105ce Polsk\u0119 przeszkody, a spo\u0142ecze\u0144stwo zosta\u0142o nieco uspokojone.<\/p><p>&#8211; To nie jest tak, \u017ce Polska jest niech\u0119tna i stanie okoniem. Nie ma europejskich procedur, aby dokona\u0107 selekcji, identyfikacji i rozdzielania. Nie ma procedur m\u00f3wi\u0105cych o przymusowej relokacji do tego czy innego pa\u0144stwa &#8211; wskaza\u0142 Waszczykowski.<\/p><p>Jego zdaniem w sprawie relokacji zapad\u0142y decyzje polityczne, kt\u00f3rych obecnie obecnie niekt\u00f3rzy politycy histerycznie si\u0119 domagaj\u0105. S\u0119k w tym, \u017ce za decyzjami nie posz\u0142y \u017cadne narz\u0119dzia. Co przyniesie taka dyplomatyczna gra na zw\u0142ok\u0119? Czy Polska zacznie przyjmowa\u0107 w przysz\u0142ym roku zadeklarowane 7 tys. uchod\u017ac\u00f3w relokowanych z W\u0142och, Grecji czy Libanu? Postawa rz\u0105du PiS pokazuje, \u017ce ci\u0105gle jest to mo\u017cliwe. Pozostaje pytanie, jak d\u0142ugo b\u0119dzie mo\u017cna u\u017cywa\u0107 argumentu, \u017ce jest to niewykonalne i czy ostateczn\u0105 odpowiedzi\u0105 b\u0119dzie \u201enie\u201d?<\/p><p><em><strong>Marcin Austyn<\/strong><\/em><\/p>","protected":false},"excerpt":{"rendered":"Polska nie odwraca si\u0119 od Europy, ale decyzji o relokacji uchod\u017ac\u00f3w nie da si\u0119 wykona\u0107, bo brakuje odpowiednich procedur &#8211; oceni\u0142 Witold Waszczykowski, minister spraw zagranicznych. To pr\u00f3ba wymiksowania si\u0119 z decyzji Ewy Kopacz dotycz\u0105cych tzw. kwot imigracyjnych czy jedynie dyplomatyczna gra na czas?Jak sprawi\u0107, by w kwestii relokacji uchod\u017ac\u00f3w i wilk by\u0142 syty i [&hellip;]","protected":false},"author":1,"featured_media":0,"comment_status":"closed","ping_status":"closed","sticky":false,"template":"","format":"standard","meta":{"_acf_changed":false,"_monsterinsights_skip_tracking":false,"_monsterinsights_sitenote_active":false,"_monsterinsights_sitenote_note":"","_monsterinsights_sitenote_category":0,"ngg_post_thumbnail":0,"footnotes":"","_wp_rev_ctl_limit":""},"categories":[8],"tags":[23,76,98],"acf":[],"_links":{"self":[{"href":"https:\/\/www.bibula.com\/index.php?rest_route=\/wp\/v2\/posts\/84198"}],"collection":[{"href":"https:\/\/www.bibula.com\/index.php?rest_route=\/wp\/v2\/posts"}],"about":[{"href":"https:\/\/www.bibula.com\/index.php?rest_route=\/wp\/v2\/types\/post"}],"author":[{"embeddable":true,"href":"https:\/\/www.bibula.com\/index.php?rest_route=\/wp\/v2\/users\/1"}],"replies":[{"embeddable":true,"href":"https:\/\/www.bibula.com\/index.php?rest_route=%2Fwp%2Fv2%2Fcomments&post=84198"}],"version-history":[{"count":0,"href":"https:\/\/www.bibula.com\/index.php?rest_route=\/wp\/v2\/posts\/84198\/revisions"}],"wp:attachment":[{"href":"https:\/\/www.bibula.com\/index.php?rest_route=%2Fwp%2Fv2%2Fmedia&parent=84198"}],"wp:term":[{"taxonomy":"category","embeddable":true,"href":"https:\/\/www.bibula.com\/index.php?rest_route=%2Fwp%2Fv2%2Fcategories&post=84198"},{"taxonomy":"post_tag","embeddable":true,"href":"https:\/\/www.bibula.com\/index.php?rest_route=%2Fwp%2Fv2%2Ftags&post=84198"}],"curies":[{"name":"wp","href":"https:\/\/api.w.org\/{rel}","templated":true}]}}