{"id":84183,"date":"2015-11-19T09:47:22","date_gmt":"2015-11-19T14:47:22","guid":{"rendered":"http:\/\/www.bibula.com\/?p=84183"},"modified":"2020-09-19T15:15:24","modified_gmt":"2020-09-19T19:15:24","slug":"rivka-i-bergoglio","status":"publish","type":"post","link":"https:\/\/www.bibula.com\/?p=84183","title":{"rendered":"Rivka i Bergoglio"},"content":{"rendered":"<h4>&#8222;<em>Il blasfemo servilismo anticristico del supposto Vicario di Cristo<\/em>&#8221; &#8211; Blu\u017anierczy, antychrystusowy serwilizm rzekomego papie\u017ca<\/h4>\r\n<p>3 wrze\u015bnia 2015, papie\u017c Bergoglio przyj\u0105\u0142 w Watykanie prezydenta Izraela Reuvena Rivlina z \u017con\u0105 i wsp\u00f3\u0142pracownikami. Kiedy Rivlin zaprezentowa\u0142 papie\u017cowi jedn\u0105 ze swych asystentek Rivk\u0119 Ravitz, uwa\u017cajac\u0105 si\u0119 za \u017cyd\u00f3wk\u0119 &#8222;ortodoksyjn\u0105&#8221;, ta odm\u00f3wi\u0142a tak podania papie\u017cowi r\u0119ki, jak i najmniejszego nawet skinienia g\u0142ow\u0105, t\u0142umacz\u0105c mu, \u017ce ortodoksja \u017cydowska zabrania kontakt\u00f3w fizycznych pomi\u0119dzy osobami r\u00f3\u017cnej p\u0142ci, a ponadto zabrania r\u00f3wnie\u017c jakichkolwiek gest\u00f3w uszanowania wzgl\u0119dem symboli innych od \u017cydowskiej religii. W tym przypadku chodzi o krzy\u017c, jaki nosi Bergoglio jako papie\u017c.<\/p>\r\n<p>Papie\u017c zamanifestowa\u0142 wzgl\u0119dem takiego stanowiska ogromn\u0105 wra\u017cliwo\u015b\u0107, przykrywaj\u0105c krzy\u017c d\u0142oni\u0105 i k\u0142aniaj\u0105c si\u0119 przed ca\u0142kowicie niewzruszon\u0105 Rivk\u0105. (&#8230;)<\/p>\r\n<p>Wiadomo\u015b\u0107 t\u0119 znale\u017ali\u015bmy na \u017cydowskim portalu &#8222;Moked&#8221;, obdarzon\u0105 tytu\u0142em: <strong>&#8222;Rivka, \u017cydowska skromno\u015b\u0107 i rozwi\u0105zanie jakie znalaz\u0142 Bergoglio&#8221;. (&#8222;<span style=\"text-decoration: underline;\"><a href=\"http:\/\/moked.it\/blog\/2015\/09\/07\/rivka-la-modestia-ebraica-e-la-soluzione-di-bergoglio\/\"><em>Rivka, la modestia ebraica e la soluzione di Bergoglio<\/em><\/a><\/span>\u201d.)<\/strong><\/p>\r\n<p><a href=\"http:\/\/moked.it\/blog\/2015\/09\/07\/rivka-la-modestia-ebraica-e-la-soluzione-di-bergoglio\/\">http:\/\/moked.it\/blog\/2015\/09\/07\/rivka-la-modestia-ebraica-e-la-soluzione-di-bergoglio\/<\/a><\/p>\r\n<p>(\u2026)<\/p>\r\n<p class=\"zrodlo\">Za: <a href=\"http:\/\/dakowski.pl\/index.php?option=com_content&amp;task=view&amp;id=16787&amp;Itemid=46\">Strona prof. Miros\u0142awa Dakowskiego (19.11.2015)<\/a><\/p>\r\n<p><strong>Zdj\u0119cie pochodzi ze strony <span style=\"text-decoration: underline;\"><a href=\"http:\/\/www.unavox.it\/ArtDiversi\/DIV1369_Papa_nasconde_Cristo.html\">UnaVox<\/a><\/span><\/strong><\/p>\r\n<p><img fetchpriority=\"high\" decoding=\"async\" class=\"aligncenter\" src=\"http:\/\/www.unavox.it\/NuoveImmagini\/Papa_Francesco\/Bergoglio_copre_croce_inchino_ebrea_.jpg\" alt=\"\" width=\"601\" height=\"338\" \/><\/p>","protected":false},"excerpt":{"rendered":"&#8222;Il blasfemo servilismo anticristico del supposto Vicario di Cristo&#8221; &#8211; Blu\u017anierczy, antychrystusowy serwilizm rzekomego papie\u017ca 3 wrze\u015bnia 2015, papie\u017c Bergoglio przyj\u0105\u0142 w Watykanie prezydenta Izraela Reuvena Rivlina z \u017con\u0105 i wsp\u00f3\u0142pracownikami. Kiedy Rivlin zaprezentowa\u0142 papie\u017cowi jedn\u0105 ze swych asystentek Rivk\u0119 Ravitz, uwa\u017cajac\u0105 si\u0119 za \u017cyd\u00f3wk\u0119 &#8222;ortodoksyjn\u0105&#8221;, ta odm\u00f3wi\u0142a tak podania papie\u017cowi r\u0119ki, jak i najmniejszego [&hellip;]","protected":false},"author":2,"featured_media":0,"comment_status":"closed","ping_status":"closed","sticky":false,"template":"","format":"standard","meta":{"_acf_changed":false,"_monsterinsights_skip_tracking":false,"_monsterinsights_sitenote_active":false,"_monsterinsights_sitenote_note":"","_monsterinsights_sitenote_category":0,"ngg_post_thumbnail":0,"footnotes":"","_wp_rev_ctl_limit":""},"categories":[3],"tags":[300,301,61,101,41,33],"acf":[],"_links":{"self":[{"href":"https:\/\/www.bibula.com\/index.php?rest_route=\/wp\/v2\/posts\/84183"}],"collection":[{"href":"https:\/\/www.bibula.com\/index.php?rest_route=\/wp\/v2\/posts"}],"about":[{"href":"https:\/\/www.bibula.com\/index.php?rest_route=\/wp\/v2\/types\/post"}],"author":[{"embeddable":true,"href":"https:\/\/www.bibula.com\/index.php?rest_route=\/wp\/v2\/users\/2"}],"replies":[{"embeddable":true,"href":"https:\/\/www.bibula.com\/index.php?rest_route=%2Fwp%2Fv2%2Fcomments&post=84183"}],"version-history":[{"count":2,"href":"https:\/\/www.bibula.com\/index.php?rest_route=\/wp\/v2\/posts\/84183\/revisions"}],"predecessor-version":[{"id":118168,"href":"https:\/\/www.bibula.com\/index.php?rest_route=\/wp\/v2\/posts\/84183\/revisions\/118168"}],"wp:attachment":[{"href":"https:\/\/www.bibula.com\/index.php?rest_route=%2Fwp%2Fv2%2Fmedia&parent=84183"}],"wp:term":[{"taxonomy":"category","embeddable":true,"href":"https:\/\/www.bibula.com\/index.php?rest_route=%2Fwp%2Fv2%2Fcategories&post=84183"},{"taxonomy":"post_tag","embeddable":true,"href":"https:\/\/www.bibula.com\/index.php?rest_route=%2Fwp%2Fv2%2Ftags&post=84183"}],"curies":[{"name":"wp","href":"https:\/\/api.w.org\/{rel}","templated":true}]}}