{"id":84049,"date":"2015-11-02T09:28:04","date_gmt":"2015-11-02T14:28:04","guid":{"rendered":"http:\/\/www.bibula.com\/?p=84049"},"modified":"2015-11-02T09:29:53","modified_gmt":"2015-11-02T14:29:53","slug":"prezydent-duda-uczcil-tzw-reformacje","status":"publish","type":"post","link":"https:\/\/www.bibula.com\/?p=84049","title":{"rendered":"Prezydent Duda uczci\u0142 tzw. Reformacj\u0119"},"content":{"rendered":"<p><strong>W<\/strong> 498. rocznic\u0119 tzw. Reformacji, Prezydent RP Andrzej Duda uczestniczy\u0142 31 pa\u017adziernika w nabo\u017ce\u0144stwie w Ko\u015bciele Ewangelicko-Augsburskim w Starym Bielsku, gdzie &#8222;modlono si\u0119 i czytano S\u0142owo Bo\u017ce&#8221;, a pan Prezydent wyg\u0142osi\u0142 przem\u00f3wienie, m\u00f3wi\u0105c, \u017ce &#8222;<em>Tworzymy t\u0105 wielk\u0105, polsk\u0105 wsp\u00f3lnot\u0119. I za to powinni\u015bcie patrz\u0105c w pokolenia rodzin tu na \u015al\u0105sku Cieszy\u0144skim us\u0142ysze\u0107 &#8222;dzi\u0119kuj\u0119\u201d od Prezydenta Rzeczypospolitej (&#8230;) Za to, \u017ce jeste\u015bmy tu razem dzisiaj, \u017ce mog\u0119 tu by\u0107 z Pa\u0144stwem jako przedstawiciel Rzeczypospolitej, jako prezydent naszego wsp\u00f3lnego pa\u0144stwa, jestem ogromnie wdzi\u0119czny.<\/em>&#8222;<\/p><p>Jak podaj\u0105 agencje prasowe, &#8222;po b\u0142ogos\u0142awie\u0144stwie&#8221; Prezydent wraz z [tzw.] ksi\u0119dzem Janem Byrtem, jego rodzin\u0105 i wiernymi Parafii Ewangelickiej, udali si\u0119 na przyj\u0119cie, a nast\u0119pnie do Ogrodu Reformacji, gdzie prezydent Andrzej Duda zasadzi\u0142 jab\u0142onk\u0119.<\/p><p>Prezydent Duda dzi\u0119kuj\u0105c za przyj\u0119cie przekaza\u0142 Parafii kielich komunijny. Jest on ju\u017c trzecim tego typu liturgicznym darem z r\u0105k prezydent\u00f3w RP, gdy\u017c poprzednie przekazali Prezydenci Lech Kaczy\u0144ski i Bronis\u0142aw Komorowski.<\/p><p><br \/><strong>O<\/strong>czywi\u015bcie oficjaln\u0105 wizyt\u0119 Prezydenta Dudy w protestanckiej sekcie i tak mocne gesty wobec niej, mo\u017cna zrozumie\u0107 jego pr\u00f3bami pokazania si\u0119 jako &#8222;Prezydent wszystkich Polak\u00f3w&#8221;, jednak tym samym wyklucza si\u0119 on z roli prezydenta reprezentuj\u0105cego interesy wiernych Ko\u015bcio\u0142a katolickiego. Przypomnie\u0107 nale\u017cy bowiem &#8211; i wydaje si\u0119, \u017ce przypomnie\u0107 nale\u017cy w szczeg\u00f3lno\u015bci Panu Prezydentowi &#8211; \u017ce tzw. Reformacja to symboliczny pocz\u0105tek najwi\u0119kszej herezji w Ko\u015bciele doprowadzaj\u0105cy w konsekwencji do wieloletnich antykatolickich wojen i milion\u00f3w bezbronnych ofiar, to gwa\u0142ty, rabunki i burzenie chrze\u015bcija\u0144skiego porz\u0105dku spo\u0142ecznego, to wreszcie rzucenie podwalin pod przysz\u0142e pr\u0105dy tzw. O\u015bwiecenia, racjonalizmu i modernizmu.<\/p><p>Je\u015bli nawet przewa\u017cy\u0142a u Pana Prezydenta ch\u0119\u0107 uwiarygodnienia si\u0119 wobec mniejszo\u015bci religijnych, to mo\u017cna by\u0142o zaprzesta\u0107 na kurtuazyjnym przes\u0142aniu \u017cycze\u0144, jednak uczestnictwo w liturgii, &#8222;b\u0142ogos\u0142awie\u0144stwa&#8221;, sadzenie drzewek i przekazywanie naczy\u0144 liturgicznych, <strong>daleko wykracza poza przyzwoito\u015b\u0107 katolick\u0105<\/strong>. G\u0142owa pa\u0144stwa pragn\u0105ca restauracji prawdziwie chrze\u015bcija\u0144skich warto\u015bci spo\u0142ecznych, powinna zdawa\u0107 sobie spraw\u0119 z fakt\u00f3w historycznych i ich konsekwencji i nawet w okresie panuj\u0105cej obecnie dezorientacji wyra\u017conej r\u00f3wnie\u017c ekscesami ekumenicznych spotka\u0144 i modlitw, powinna utrwala\u0107 jasne przekazy, pozbawione ambiwalencji, szukania &#8211; nieistniej\u0105cgo &#8211; religijnego i ideologicznego z\u0142otego \u015brodka, czy ho\u0142dowaniu bo\u017ckowi zgubnej tolerancji.<\/p>","protected":false},"excerpt":{"rendered":"W 498. rocznic\u0119 tzw. Reformacji, Prezydent RP Andrzej Duda uczestniczy\u0142 31 pa\u017adziernika w nabo\u017ce\u0144stwie w Ko\u015bciele Ewangelicko-Augsburskim w Starym Bielsku, gdzie &#8222;modlono si\u0119 i czytano S\u0142owo Bo\u017ce&#8221;, a pan Prezydent wyg\u0142osi\u0142 przem\u00f3wienie, m\u00f3wi\u0105c, \u017ce &#8222;Tworzymy t\u0105 wielk\u0105, polsk\u0105 wsp\u00f3lnot\u0119. I za to powinni\u015bcie patrz\u0105c w pokolenia rodzin tu na \u015al\u0105sku Cieszy\u0144skim us\u0142ysze\u0107 &#8222;dzi\u0119kuj\u0119\u201d od Prezydenta [&hellip;]","protected":false},"author":1,"featured_media":0,"comment_status":"closed","ping_status":"closed","sticky":false,"template":"","format":"standard","meta":{"_acf_changed":false,"_monsterinsights_skip_tracking":false,"_monsterinsights_sitenote_active":false,"_monsterinsights_sitenote_note":"","_monsterinsights_sitenote_category":0,"ngg_post_thumbnail":0,"footnotes":"","_wp_rev_ctl_limit":""},"categories":[8],"tags":[349,132,357,238],"acf":[],"_links":{"self":[{"href":"https:\/\/www.bibula.com\/index.php?rest_route=\/wp\/v2\/posts\/84049"}],"collection":[{"href":"https:\/\/www.bibula.com\/index.php?rest_route=\/wp\/v2\/posts"}],"about":[{"href":"https:\/\/www.bibula.com\/index.php?rest_route=\/wp\/v2\/types\/post"}],"author":[{"embeddable":true,"href":"https:\/\/www.bibula.com\/index.php?rest_route=\/wp\/v2\/users\/1"}],"replies":[{"embeddable":true,"href":"https:\/\/www.bibula.com\/index.php?rest_route=%2Fwp%2Fv2%2Fcomments&post=84049"}],"version-history":[{"count":0,"href":"https:\/\/www.bibula.com\/index.php?rest_route=\/wp\/v2\/posts\/84049\/revisions"}],"wp:attachment":[{"href":"https:\/\/www.bibula.com\/index.php?rest_route=%2Fwp%2Fv2%2Fmedia&parent=84049"}],"wp:term":[{"taxonomy":"category","embeddable":true,"href":"https:\/\/www.bibula.com\/index.php?rest_route=%2Fwp%2Fv2%2Fcategories&post=84049"},{"taxonomy":"post_tag","embeddable":true,"href":"https:\/\/www.bibula.com\/index.php?rest_route=%2Fwp%2Fv2%2Ftags&post=84049"}],"curies":[{"name":"wp","href":"https:\/\/api.w.org\/{rel}","templated":true}]}}