{"id":84017,"date":"2015-10-30T14:37:09","date_gmt":"2015-10-30T18:37:09","guid":{"rendered":"http:\/\/www.bibula.com\/?p=84017"},"modified":"2015-10-30T14:37:09","modified_gmt":"2015-10-30T18:37:09","slug":"co-wolno-wojewodzie-stanislaw-michalkiewicz","status":"publish","type":"post","link":"https:\/\/www.bibula.com\/?p=84017","title":{"rendered":"Co wolno wojewodzie&#8230; &#8211; <em>Stanis\u0142aw Michalkiewicz<\/em>"},"content":{"rendered":"<p>I znowu musz\u0119 si\u0119 pochwali\u0107, \u017ce proroctwa mnie wspieraj\u0105. W maju 2014 roku przewidywa\u0142em, \u017ce jak tak dalej p\u00f3jdzie, to doczekamy si\u0119 rehabilitacji wybitnego przyw\u00f3dcy socjalistycznego Adolfa Hitlera. Zwiastuny takiej mo\u017cliwo\u015bci zacz\u0119\u0142y mno\u017cy\u0107 si\u0119 ju\u017c w kilka miesi\u0119cy p\u00f3\u017aniej, kiedy to pani Anna Applebaum, ma\u0142\u017conka pana Rados\u0142awa Sikorskiego, w jednej ze swoich publikacji nie tylko rozgrzeszy\u0142a ukrai\u0144ski nacjonalizm, ale w dodatku zauwa\u017cy\u0142a, \u017ce jest on Ukrai\u0144com \u201e<i>potrzebny<\/i>\u201d. Poza narodem \u017cydowskim nacjonalizm nie jest potrzebny \u017cadnemu innemu narodowi; w szczeg\u00f3lno\u015bci nie jest potrzebny mniej warto\u015bciowemu narodowi tubylczemu w naszym nieszcz\u0119\u015bliwym kraju &#8211; ale Ukrai\u0144com &#8211; prosz\u0119 bardzo! &#8211; potrzebny! Od tego do rehabilitacji Hitlera ju\u017c tylko krok. Winston Churchill mawia\u0142, \u017ce gdyby Hitler napad\u0142 na Piek\u0142o, to on z pewno\u015bci\u0105 znalaz\u0142by ciep\u0142e s\u0142owa pod adresem Belzebuba, a c\u00f3\u017c dopiero &#8211; \u201e<i>Wujka Joe<\/i>\u201d &#8211; jak Franklin Delano Roosevelt i Winston Churchill nazywali J\u00f3zefa Stalina!<\/p><p>Skoro ten mechanizm dzia\u0142a w jedn\u0105 stron\u0119, to dlaczego nie mia\u0142by dzia\u0142a\u0107 i w drug\u0105 &#8211; skoro wojujemy z Putinem, to i Hitler dobry! Tote\u017c wreszcie dosz\u0142o do tego, do czego w tych warunkach doj\u015b\u0107 musia\u0142o. Okaza\u0142o si\u0119, \u017ce Adolf Hitler wcale nie chcia\u0142 zag\u0142ady \u017byd\u00f3w! Po prostu nie wiedzia\u0142, co z nimi zrobi\u0107, niczym ci Murzyni, co to na pustyni z\u0142apali grubasa: \u201e<i>Raz Murzyni na pustyni z\u0142apali grubasa. Nie wiedzieli co mu zrobi\u0107, uci\u0119li&#8230;<\/i>\u201d &#8211; no, mniejsza z tym. Nawiasem m\u00f3wi\u0105c, ciekawe, co potem zrobi\u0142 grubas; czy przypadkiem nie wyrobi\u0142 sobie papier\u00f3w na nazwisko \u201e<i>Anna Grodzka<\/i>\u201d? Wr\u00f3\u0107my jednak do Adolfa Hitlera, kt\u00f3ry nie wiedzia\u0142, co z tym i ca\u0142ymi \u017bydami zrobi\u0107 i dopiero Wielki Mufti Jerozolimy znalaz\u0142 ostateczne rozwi\u0105zanie; podszepn\u0105\u0142 mianowicie Adolfowi Hitlerowi, \u017ceby tych wszystkich \u017byd\u00f3w spali\u0107.<\/p><p>Dotychczas by\u0142 rozkaz, \u017ceby wierzy\u0107, i\u017c decyzja o ostatecznym rozwi\u0105zaniu kwestii \u017cydowskiej zapad\u0142a na konferencji w Wannsee w styczniu 1942 roku, a tymczasem &#8211; nic podobnego! Wszystko si\u0119 zdecydowa\u0142o w listopadzie roku 1941, kiedy to Wielki Mufti Jerozolimy Al Had\u017cad\u017ca Amin Al Husajni przyjecha\u0142 do Berlina i Adolfa Hitlera w kwestii \u201e<i>Judenfrage<\/i>\u201d o\u015bwieci\u0142. Gdyby co\u015b takiego powiedzia\u0142 jaki\u015b docent z Polskiej Akademii Nieuk, to nie tylko by go koledzy-naukowcy wyrzucili stamt\u0105d na szpicach but\u00f3w, ale w dodatku najpierw niezale\u017cna prokuratura, a potem niezawis\u0142e s\u0105dy wzi\u0119\u0142y w obroty tak, \u017ce do ko\u0144ca swoich dni j\u0119cza\u0142by i szlocha\u0142 w jakim\u015b lochu, jakby nie kocha\u0142 W\u0142adys\u0142awa Gomu\u0142ki (\u201e<i>A kto nie b\u0119dzie Gomu\u0142ki kocha\u0142, ten b\u0119dzie w lochu j\u0119cza\u0142 i szlocha\u0142<\/i>\u201d). Tymczasem rewelacj\u0119 na temat pierwotnej niewinno\u015bci Adolfa Hitlera i z\u0142owrogiej przewrotno\u015bci Wielkiego Muftiego poda\u0142 izraelski premier Beniamin Netanjahu!<\/p><p>Co wolno wojewodzie, to nie tobie, smrodzie! &#8211; poucza ludowe porzekad\u0142o, tote\u017c ani delatorskie Stowarzyszenie \u201e<i>Otwarta Rzeczpospolita<\/i>\u201d, kt\u00f3re ostatnio donios\u0142o na prof. Bogus\u0142awa Wolniewicza, \u017ce dopu\u015bci\u0142 si\u0119 \u201e<i>mowy nienawi\u015bci<\/i>\u201d, ani pan Bogdan Bia\u0142ek z Kielc, co do z roku na rok do coraz wy\u017cszych wspina si\u0119 grz\u0105dek i w Polskiej Radzie Chrze\u015bcijan i \u017byd\u00f3w i w innych organizacjach wykonuj\u0105cych zadanie infiltrowania \u015brodowisk opiniotw\u00f3rczych, a zw\u0142aszcza &#8211; Ko\u015bcio\u0142a katolickiego przez \u017cydowskich dywersant\u00f3w &#8211; wi\u0119c ani pan Bogdan Bia\u0142ek, ani \u017caden przedstawiciel niezale\u017cnej prokuratury, ani \u017caden niezawis\u0142y s\u0105d nawet nie pomy\u015bli o poci\u0105gni\u0119ciu izraelskiego premiera Beniamina Netanjahu za \u201e<i>k\u0142amstwo o\u015bwi\u0119cimskie<\/i>\u201d, a w\u0142a\u015bciwie nie tyle nawet \u201e<i>o\u015bwi\u0119cimskie<\/i>\u201d, co \u201e<i>norymberskie<\/i>\u201d &#8211; bo\u0107 to w Norymberdze Mi\u0119dzynarodowy Trybuna\u0142 ustali\u0142, jak by\u0142o i jak odt\u0105d trzeba nawija\u0107 &#8211; chyba, \u017ce wojujemy z Putinem. Bo jak wojujemy z Putinem, to i UPA dobra, a jak UPA dobra, to dlaczego nie Hitler?<\/p><p>Oczywi\u015bcie o takich rzeczach nie mo\u017ce decydowa\u0107 byle kto. Jakby jaki\u015b byle kto chcia\u0142 o takich sprawach decydowa\u0107, to \u201e<i>da\u0142aby \u015bwiekra ruletk\u0119 mu!<\/i>\u201d Ale izraelski premier Beniamin Netanjahu, to przecie\u017c nie jest byle kto. Je\u015bli taki, dajmy na to, Feliks Dzier\u017cy\u0144ski m\u00f3g\u0142 ka\u017cdego aresztowa\u0107, a nawet zastrzeli\u0107, to premier Beniamin Netanjahu ma wszelkie dane po temu, by mniej warto\u015bciowym narodom tubylczym przekazywa\u0107 do wierzenia rozmaite zbawienne prawdy. Taka zbawienna prawda raz rzucona w powietrze, pr\u0119dzej czy p\u00f3\u017aniej znajdzie swego amatora, na przyk\u0142ad &#8211; podczas kolejnych, dorocznych obchod\u00f3w \u201e<i>Dnia Judaizmu<\/i>\u201d, kiedy to cz\u0119\u015b\u0107 przewielebnego duchowie\u0144stwa anga\u017cuje si\u0119 w propagand\u0119 \u017cydowskiego przemys\u0142u rozrywkowego &#8211; a kiedy ju\u017c si\u0119 \u201e<i>jak figa ucukruje, jak tytu\u0144 ule\u017cy<\/i>\u201d, to staje si\u0119 elementem tak zwanego \u201e<i>kanonu<\/i>\u201d, czyli umys\u0142owego umeblowania, jakie dla tubylczych mikrocefali projektuje redakcyjny Judenrat z ulicy Czerskiej w Warszawie.<\/p><p>Warto zwr\u00f3ci\u0107 uwag\u0119 na moment, w kt\u00f3rym premier Netanjahu dokona\u0142 swego odkrycia. Ot\u00f3\u017c bezcenny Izrael znajduje si\u0119 w przededniu kolejnej palesty\u0144skiej intifady, do kt\u00f3rej pretekstem sta\u0142a si\u0119 obrona Wzg\u00f3rza \u015awi\u0105tynnego. Taka powa\u017cna zastawka mo\u017ce dzia\u0142a\u0107 bulwersuj\u0105co nie tylko na palesty\u0144skich wyrostk\u00f3w, ale i na go\u0142oworiez\u00f3w z Kalifatu, wi\u0119c nic dziwnego, \u017ce izraelski premier, licz\u0105c na wp\u0142ywy AIPAC w Stanach Zjednoczonych i na w\u0142asne mo\u017cliwo\u015bci, z nieistniej\u0105c\u0105 broni\u0105 nuklearn\u0105 w\u0142\u0105cznie, pr\u00f3buje chwyci\u0107 byka za rogi, przerzucaj\u0105c odpowiedzialno\u015b\u0107 za holokaust z Hitlera na duchowego przyw\u00f3dc\u0119 palesty\u0144skich muzu\u0142man\u00f3w.<\/p><p>Ale skoro tak, to c\u00f3\u017c maj\u0105 my\u015ble\u0107 sobie Polacy, od prawie 30 lat operowani nie tylko przez architekt\u00f3w niemieckiej i \u017cydowskiej polityki historycznej, ale i pi\u0105t\u0105 kolumn\u0119 w naszym nieszcz\u0119\u015bliwym kraju, kt\u00f3ra z roku na rok aktywizuje si\u0119 coraz bardziej i coraz bezczelniej? Najwyra\u017aniej kariera \u201e<i>\u015bwiatowej s\u0142awy historyka<\/i>\u201d okaza\u0142a si\u0119 atrakcyjna dla wielu wyposzczonych folksdojcz\u00f3w, tote\u017c jeden przez drugiego pr\u00f3buje; kr\u0119ci filmy w rodzaju \u201e<i>Pok\u0142osia<\/i>\u201d, czy \u201e<i>(GN)Idy<\/i>\u201d, oskar\u017ca mniej warto\u015bciowy nar\u00f3d tubylczy o \u201e<i>kolonizowanie<\/i>\u201d, \u201e<i>niewolnictwo<\/i>\u201d i oczywi\u015bcie &#8211; \u201e<i>mordowanie \u017byd\u00f3w<\/i>\u201d &#8211; w nadziei jak nie na \u201e<i>Oskary<\/i>\u201d, to jakie\u015b mniejsze okruszki ze sto\u0142u pa\u0144skiego &#8211; jako \u017ce w ci\u0119\u017ckich czasach niczym nie mo\u017cna gardzi\u0107, a ziarnko do ziarnka i zbierze si\u0119 miarka. Skoro takie rzeczy mo\u017ce robi\u0107 pani re\u017cyserowa, pani pisarzowa i pani filozofowa, to dlaczeg\u00f3\u017c mia\u0142by si\u0119 przed tym powstrzymywa\u0107 pan filozof?<\/p><p>Tote\u017c pan filozof w osobie doktora Miros\u0142awa Tryczyka w ksi\u0105\u017cce \u201e<i>Miasta \u015bmierci<\/i>\u201d, robi odkrycie za odkryciem, jak to polska dzicz, a w\u0142a\u015bciwie nie dzicz, tylko przedstawiciele tubylczych warstw przyw\u00f3dczych, inspirowali, organizowali i wreszcie &#8211; przy wyrozumia\u0142ej aprobacie Niemc\u00f3w &#8211; holokaustowali \u017byd\u00f3w na Podlasiu. Pan dr Tryczyk \u201e<i>historykiem \u015bwiatowej s\u0142awy<\/i>\u201d pewnie nie zostanie, ale skoro Miko\u0142aj Ceaucescu kontentowa\u0142 si\u0119 godno\u015bci\u0105 \u201e<i>Geniusza Karpackiego<\/i>\u201d, to pan dr Tryczyk mo\u017ce zadowoli\u0107 si\u0119 te\u017c jakim\u015b lokalnym tytu\u0142em, kt\u00f3ry, nawiasem m\u00f3wi\u0105c, nale\u017cy mu si\u0119 od mocodawc\u00f3w jak psu buda. Hitlera musia\u0142 do holokaustu zach\u0119ci\u0107 dopiero Wielki Mufti Jerozolimy, podczas gdy tubylczy nazi\u015bci na Podlasiu \u017cadnych inspiracji od Muftiego nie potrzebowali. Czeg\u00f3\u017c chcie\u0107 wi\u0119cej?<\/p><p><strong><em>Stanis\u0142aw Michalkiewicz<\/em><\/strong><\/p><p><i>Sta\u0142y komentarz Stanis\u0142awa Michalkiewicza ukazuje si\u0119 w ka\u017cdym numerze tygodnika \u201eNajwy\u017cszy Czas!\u201d.<\/i><\/p><p>Felieton \u00a0<b>\u2022<\/b>\u00a0 tygodnik \u201eNajwy\u017cszy Czas!\u201d \u00a0<b>\u2022<\/b>\u00a0 30 pa\u017adziernika 2015<\/p>","protected":false},"excerpt":{"rendered":"I znowu musz\u0119 si\u0119 pochwali\u0107, \u017ce proroctwa mnie wspieraj\u0105. W maju 2014 roku przewidywa\u0142em, \u017ce jak tak dalej p\u00f3jdzie, to doczekamy si\u0119 rehabilitacji wybitnego przyw\u00f3dcy socjalistycznego Adolfa Hitlera. Zwiastuny takiej mo\u017cliwo\u015bci zacz\u0119\u0142y mno\u017cy\u0107 si\u0119 ju\u017c w kilka miesi\u0119cy p\u00f3\u017aniej, kiedy to pani Anna Applebaum, ma\u0142\u017conka pana Rados\u0142awa Sikorskiego, w jednej ze swoich publikacji nie tylko [&hellip;]","protected":false},"author":1,"featured_media":0,"comment_status":"closed","ping_status":"closed","sticky":false,"template":"","format":"standard","meta":{"_acf_changed":false,"_monsterinsights_skip_tracking":false,"_monsterinsights_sitenote_active":false,"_monsterinsights_sitenote_note":"","_monsterinsights_sitenote_category":0,"ngg_post_thumbnail":0,"footnotes":"","_wp_rev_ctl_limit":""},"categories":[328,9],"tags":[22,61,34,269,20,17],"acf":[],"_links":{"self":[{"href":"https:\/\/www.bibula.com\/index.php?rest_route=\/wp\/v2\/posts\/84017"}],"collection":[{"href":"https:\/\/www.bibula.com\/index.php?rest_route=\/wp\/v2\/posts"}],"about":[{"href":"https:\/\/www.bibula.com\/index.php?rest_route=\/wp\/v2\/types\/post"}],"author":[{"embeddable":true,"href":"https:\/\/www.bibula.com\/index.php?rest_route=\/wp\/v2\/users\/1"}],"replies":[{"embeddable":true,"href":"https:\/\/www.bibula.com\/index.php?rest_route=%2Fwp%2Fv2%2Fcomments&post=84017"}],"version-history":[{"count":0,"href":"https:\/\/www.bibula.com\/index.php?rest_route=\/wp\/v2\/posts\/84017\/revisions"}],"wp:attachment":[{"href":"https:\/\/www.bibula.com\/index.php?rest_route=%2Fwp%2Fv2%2Fmedia&parent=84017"}],"wp:term":[{"taxonomy":"category","embeddable":true,"href":"https:\/\/www.bibula.com\/index.php?rest_route=%2Fwp%2Fv2%2Fcategories&post=84017"},{"taxonomy":"post_tag","embeddable":true,"href":"https:\/\/www.bibula.com\/index.php?rest_route=%2Fwp%2Fv2%2Ftags&post=84017"}],"curies":[{"name":"wp","href":"https:\/\/api.w.org\/{rel}","templated":true}]}}