{"id":83987,"date":"2015-10-28T21:12:38","date_gmt":"2015-10-29T01:12:38","guid":{"rendered":"http:\/\/www.bibula.com\/?p=83987"},"modified":"2015-10-28T21:12:38","modified_gmt":"2015-10-29T01:12:38","slug":"dr-anca-maria-cernea-niektorzy-na-synodzie-mowili-jak-marksisci","status":"publish","type":"post","link":"https:\/\/www.bibula.com\/?p=83987","title":{"rendered":"Dr Anca-Maria Cernea: Niekt\u00f3rzy na Synodzie m\u00f3wili jak marksi\u015bci"},"content":{"rendered":"<p><em>Prezentujemy wywiad udzielony portalowi churchmilitant.com w kt\u00f3rym doktor Anca-Maria Cernea, przewodnicz\u0105ca rumu\u0144skiego Stowarzyszenia Lekarzy Katolickich i \u015bwiecka audytorka Synodu o Rodzinie, m\u00f3wi o publikowanym przez nas niedawno <span style=\"text-decoration: underline;\"><a href=\"http:\/\/bdp.xportal.pl\/publicystyka\/dr-anca-maria-cernea-misja-kosciola-jest-zbawienie-dusz\/\">wyst\u0105pieniu<\/a><\/span>.<\/em><\/p><p><em><a href=\"http:\/\/bdp.xportal.pl\/wp-content\/uploads\/2015\/10\/2015-10-26.jpg\"><img fetchpriority=\"high\" decoding=\"async\" class=\"aligncenter size-medium wp-image-1420\" style=\"border: 0px none; margin: 10px;\" src=\"http:\/\/bdp.xportal.pl\/wp-content\/uploads\/2015\/10\/2015-10-26-300x169.jpg\" alt=\"2015-10-26\" width=\"300\" height=\"169\" align=\"left\" \/><\/a><\/em><strong>Michael Voris:<\/strong> Czy Pani wyj\u0105tkowe o\u015bwiadczenie zosta\u0142o przedstawione na sesji Synodu?<br \/> <br \/> <strong>Anca-Maria Cernea:<\/strong> Tak. Ka\u017cdy z nas, audytor\u00f3w, mia\u0142 mo\u017cliwo\u015b\u0107 wyg\u0142oszenia trzyminutowego o\u015bwiadczenia. By\u0142am zaskoczona. Moje wyst\u0105pienie zosta\u0142o przyj\u0119te z entuzjazmem. I nie by\u0142o to absolutnie moj\u0105 w\u0142asn\u0105 zas\u0142ug\u0105. Wyst\u0105pienie to by\u0142o \u015bwiadectwo dotycz\u0105cym moich rodzic\u00f3w i mojego Ko\u015bcio\u0142a, dwunastu wspania\u0142ych katolickich biskup\u00f3w, kt\u00f3rzy sprzeciwiali si\u0119 komunistycznemu re\u017cimowi i cierpieli dla Chrystusa w komunistycznym wi\u0119zieniu.<\/p><p><strong>Michael Voris:<\/strong> Prosz\u0119 powiedzie\u0107 nam troch\u0119 wi\u0119cej na temat tego, dlaczego uzna\u0142a Pani, \u017ce warto podzieli\u0107 si\u0119 t\u0105 histori\u0105 z ojcami synodalnymi?<\/p><p><strong>Anca-Maria Cernea:<\/strong> Poniewa\u017c jest ona przyk\u0142adem tego, \u017ce mo\u017cna by\u0107 wiernym niezale\u017cnie od okoliczno\u015bci, pomimo terroru, pomimo wi\u0119zienia. Poniewa\u017c dzisiaj wielu ludzi, a po\u015br\u00f3d nich niestety niekt\u00f3rzy pasterze Ko\u015bcio\u0142a Katolickiego, nie ma odwagi nawet na to, \u017ceby przeciwstawi\u0107 si\u0119 mediom w ich w\u0142asnym kraju. Czego oni si\u0119 boj\u0105? Tego, \u017ce zostan\u0105 w tych mediach zaatakowani. Nasi biskupi byli torturowani. Siedmiu z dwunastu zmar\u0142o w wi\u0119zieniu. Biskup Bukaresztu, kt\u00f3rego nast\u0119pca biskup Mihai C\u00c4\u0192t\u00c4\u0192lin Fr\u00c4\u0192\u00c5\u00a3il\u00c4\u0192 by\u0142 obecny na Synodzie, zgin\u0105\u0142 w wyniku tortur. \u0179\u0105dano od niego jedynie tego, aby porzuci\u0142 lojalno\u015b\u0107 wobec Stolicy \u015awi\u0119tej. Nic wi\u0119cej. Nie \u017c\u0105dano od niego, aby porzuci\u0142 nauczanie Ko\u015bcio\u0142a dotycz\u0105ce ma\u0142\u017ce\u0144stwa. Nie \u017c\u0105dano od niego, aby porzuci\u0142 nauczanie Ko\u015bcio\u0142a dotycz\u0105ce grzechu. Za\u017c\u0105dano od niego &#8222;jedynie\u201d, aby porzuci\u0142 swoj\u0105 lojalno\u015b\u0107 wobec Stolicy \u015awi\u0119tej i umar\u0142 dlatego, \u017ce si\u0119 nie zgodzi\u0142.<\/p><p>My\u015bl\u0119 wi\u0119c, \u017ce teraz jest w\u0142a\u015bciwy czas, aby przypomnie\u0107 biskupom Ko\u015bcio\u0142a Katolickiego o tych \u015bwiadectwach wiary. Ludzie oddawali swoje \u017cycie za Chrystusa. Dzisiaj, przynajmniej na Zachodzie, nie wymaga si\u0119 od nas, aby\u015bmy gin\u0119li za Chrystusa, nie musimy z Jego powodu cierpie\u0107 tortur. Najdotkliwsz\u0105 rzecz\u0105, kt\u00f3ra mo\u017ce nas spotka\u0107 s\u0105 ataki medi\u00f3w. Czy to takie straszne? Czy tak trudno je znosi\u0107?<br \/> <br \/> Przywo\u0142a\u0142am r\u00f3wnie\u017c przyk\u0142ad moich rodzic\u00f3w, poniewa\u017c w czasie sesji Synodu s\u0142yszeli\u015bmy wiele na temat tego, \u017ce trudno jest utrzyma\u0107 funkcjonowanie ma\u0142\u017ce\u0144stwa z powodu warunk\u00f3w zewn\u0119trznych, z powodu materialnych okoliczno\u015bci, z powodu spo\u0142ecznych i ekonomicznych warunk\u00f3w. Przy okazji, ten j\u0119zyk przypomina mi wiele z moich marksistowskich lektur, kt\u00f3re wiele lat temu musia\u0142am czyta\u0107 w szkole podstawowej, w czasie rz\u0105d\u00f3w Ceau\u00c8\u2122escu. Wtedy te\u017c m\u00f3wiono nam, \u017ce rodzina cierpi z powodu czynnik\u00f3w ekonomicznych.<\/p><p>Przywo\u0142a\u0142am przyk\u0142ad moich rodzic\u00f3w, poniewa\u017c nie mo\u017cna sobie wyobrazi\u0107 bardziej skrajnej biedy od tej, kt\u00f3ra panuje w rodzinie wi\u0119\u017ani\u00f3w politycznych. Nie mo\u017cna sobie wyobrazi\u0107 gorszych warunk\u00f3w spo\u0142ecznych ni\u017c te, kt\u00f3re dotykaj\u0105 osob\u0119 w komunistycznym wi\u0119zieniu, kt\u00f3re dotykaj\u0105 narzeczon\u0105 czekaj\u0105c\u0105 [17 lat &#8211; od Red.] na zewn\u0105trz na to, czy ta druga osoba wyjdzie stamt\u0105d \u017cywa. Oni nie byli wtedy nawet ma\u0142\u017ce\u0144stwem. Byli jedynie zar\u0119czeni! To by\u0142a jedynie obietnic\u0105, kt\u00f3r\u0105 z\u0142o\u017cyli sobie i Panu Bogu. Byli wierni, oboje. Ka\u017cde z nich mog\u0142o z\u0142ama\u0107 dane s\u0142owo &#8211; na r\u00f3\u017cne sposoby. M\u00f3j ojciec m\u00f3g\u0142 si\u0119 podda\u0107 i przy\u0142\u0105czy\u0107 do Partii Komunistycznej. Moja matka mog\u0142a po\u015blubi\u0107 innego cz\u0142owieka. Czy to by nic nie zmieni\u0142o? Czy nadal byliby przyk\u0142adami dla wsp\u00f3\u0142czesnych chrze\u015bcijan, gdyby to zrobili?<\/p><hr \/><p><em><strong>\u0179r\u00f3d\u0142o:\u00a0<\/strong>churchmilitant.com<\/em><\/p><hr \/><p><em><strong>T\u0142umaczenie:<\/strong> Redakcja Bazy Dokument\u00f3w Papieskich Xportal.pl<\/em><\/p><p><em><strong>Tytu\u0142 pochodzi od Redakcji.<\/strong><\/em><\/p>","protected":false},"excerpt":{"rendered":"Prezentujemy wywiad udzielony portalowi churchmilitant.com w kt\u00f3rym doktor Anca-Maria Cernea, przewodnicz\u0105ca rumu\u0144skiego Stowarzyszenia Lekarzy Katolickich i \u015bwiecka audytorka Synodu o Rodzinie, m\u00f3wi o publikowanym przez nas niedawno wyst\u0105pieniu.Michael Voris: Czy Pani wyj\u0105tkowe o\u015bwiadczenie zosta\u0142o przedstawione na sesji Synodu? Anca-Maria Cernea: Tak. Ka\u017cdy z nas, audytor\u00f3w, mia\u0142 mo\u017cliwo\u015b\u0107 wyg\u0142oszenia trzyminutowego o\u015bwiadczenia. By\u0142am zaskoczona. Moje wyst\u0105pienie zosta\u0142o [&hellip;]","protected":false},"author":1,"featured_media":0,"comment_status":"closed","ping_status":"closed","sticky":false,"template":"","format":"standard","meta":{"_acf_changed":false,"_monsterinsights_skip_tracking":false,"_monsterinsights_sitenote_active":false,"_monsterinsights_sitenote_note":"","_monsterinsights_sitenote_category":0,"ngg_post_thumbnail":0,"footnotes":"","_wp_rev_ctl_limit":""},"categories":[3],"tags":[66,249,41,33],"acf":[],"_links":{"self":[{"href":"https:\/\/www.bibula.com\/index.php?rest_route=\/wp\/v2\/posts\/83987"}],"collection":[{"href":"https:\/\/www.bibula.com\/index.php?rest_route=\/wp\/v2\/posts"}],"about":[{"href":"https:\/\/www.bibula.com\/index.php?rest_route=\/wp\/v2\/types\/post"}],"author":[{"embeddable":true,"href":"https:\/\/www.bibula.com\/index.php?rest_route=\/wp\/v2\/users\/1"}],"replies":[{"embeddable":true,"href":"https:\/\/www.bibula.com\/index.php?rest_route=%2Fwp%2Fv2%2Fcomments&post=83987"}],"version-history":[{"count":0,"href":"https:\/\/www.bibula.com\/index.php?rest_route=\/wp\/v2\/posts\/83987\/revisions"}],"wp:attachment":[{"href":"https:\/\/www.bibula.com\/index.php?rest_route=%2Fwp%2Fv2%2Fmedia&parent=83987"}],"wp:term":[{"taxonomy":"category","embeddable":true,"href":"https:\/\/www.bibula.com\/index.php?rest_route=%2Fwp%2Fv2%2Fcategories&post=83987"},{"taxonomy":"post_tag","embeddable":true,"href":"https:\/\/www.bibula.com\/index.php?rest_route=%2Fwp%2Fv2%2Ftags&post=83987"}],"curies":[{"name":"wp","href":"https:\/\/api.w.org\/{rel}","templated":true}]}}