{"id":83892,"date":"2015-10-23T23:03:40","date_gmt":"2015-10-24T03:03:40","guid":{"rendered":"http:\/\/www.bibula.com\/?p=83892"},"modified":"2015-10-23T23:03:40","modified_gmt":"2015-10-24T03:03:40","slug":"waszyngton-potepil-retoryke-izraelskiego-premiera","status":"publish","type":"post","link":"https:\/\/www.bibula.com\/?p=83892","title":{"rendered":"Waszyngton pot\u0119pi\u0142 retoryk\u0119 izraelskiego premiera"},"content":{"rendered":"<p><strong>Bia\u0142y Dom odni\u00f3s\u0142 si\u0119 do niedawnych s\u0142\u00f3w Binjamina Netanjahu na temat odpowiedzialno\u015bci historycznego lidera ruchu panarabskiego za mordy na \u017bydach w czasie drugiej wojny \u015bwiatowej.<\/strong><\/p><p>We wtorek, tu\u017c przed wylotem do Berlina Netanjahu stwierdzi\u0142, \u017ce Adolf Hitler nie mia\u0142 planu wymorodwania wszystkich \u017byd\u00f3w tak d\u0142ugo a\u017c nie spotka\u0142 si\u0119 dzia\u0142aczem politycznym i promotorem ruchu panarabskiego, Wielkim Muftim Jerozolimy Muhammadem Aminem al-Husajnim. Ze s\u0142owami ju\u017c dzie\u0144 p\u00f3\u017aniej polemizowa\u0142 rzecznik niemieckiego rz\u0105du przypominaj\u0105c, \u017ce za ludb\u00f3jstwo \u017byd\u00f3w odpowiadaj\u0105 Niemcy.<\/p><p>Jescze ostrzej zareagowa\u0142 Bia\u0142y Dom, kt\u00f3ry okre\u015bli\u0142 s\u0142owa Netanjahu jako &#8222;pod\u017cegaj\u0105c\u0105 retoryk\u0119&#8221;. Rzecznik Bia\u0142ego Domu Eric Schulz powiedzia\u0142: &#8222;My\u015bl\u0119, \u017ce tutaj w Bia\u0142ym Domu nie ma \u017cadnych w\u0105tpliwo\u015bci, kto jest odpowiedzialny za holocaust. Ci\u0105gle podkre\u015blamy publicznie i prywatnie by unika\u0107 pod\u017cegaj\u0105cej retoryki [&#8230;] Wierzymy, \u017ce pod\u017cegaj\u0105ca retoryka musi usta\u0107&#8221;.\u00a0<\/p><p>middleeastmonitor.com\/kresy.pl<\/p>","protected":false},"excerpt":{"rendered":"Bia\u0142y Dom odni\u00f3s\u0142 si\u0119 do niedawnych s\u0142\u00f3w Binjamina Netanjahu na temat odpowiedzialno\u015bci historycznego lidera ruchu panarabskiego za mordy na \u017bydach w czasie drugiej wojny \u015bwiatowej.We wtorek, tu\u017c przed wylotem do Berlina Netanjahu stwierdzi\u0142, \u017ce Adolf Hitler nie mia\u0142 planu wymorodwania wszystkich \u017byd\u00f3w tak d\u0142ugo a\u017c nie spotka\u0142 si\u0119 dzia\u0142aczem politycznym i promotorem ruchu panarabskiego, Wielkim [&hellip;]","protected":false},"author":1,"featured_media":0,"comment_status":"closed","ping_status":"closed","sticky":false,"template":"","format":"standard","meta":{"_acf_changed":false,"_monsterinsights_skip_tracking":false,"ngg_post_thumbnail":0,"footnotes":"","_wp_rev_ctl_limit":""},"categories":[7],"tags":[22,61,269,20,221],"acf":[],"_links":{"self":[{"href":"https:\/\/www.bibula.com\/index.php?rest_route=\/wp\/v2\/posts\/83892"}],"collection":[{"href":"https:\/\/www.bibula.com\/index.php?rest_route=\/wp\/v2\/posts"}],"about":[{"href":"https:\/\/www.bibula.com\/index.php?rest_route=\/wp\/v2\/types\/post"}],"author":[{"embeddable":true,"href":"https:\/\/www.bibula.com\/index.php?rest_route=\/wp\/v2\/users\/1"}],"replies":[{"embeddable":true,"href":"https:\/\/www.bibula.com\/index.php?rest_route=%2Fwp%2Fv2%2Fcomments&post=83892"}],"version-history":[{"count":0,"href":"https:\/\/www.bibula.com\/index.php?rest_route=\/wp\/v2\/posts\/83892\/revisions"}],"wp:attachment":[{"href":"https:\/\/www.bibula.com\/index.php?rest_route=%2Fwp%2Fv2%2Fmedia&parent=83892"}],"wp:term":[{"taxonomy":"category","embeddable":true,"href":"https:\/\/www.bibula.com\/index.php?rest_route=%2Fwp%2Fv2%2Fcategories&post=83892"},{"taxonomy":"post_tag","embeddable":true,"href":"https:\/\/www.bibula.com\/index.php?rest_route=%2Fwp%2Fv2%2Ftags&post=83892"}],"curies":[{"name":"wp","href":"https:\/\/api.w.org\/{rel}","templated":true}]}}