{"id":83847,"date":"2015-10-19T13:13:37","date_gmt":"2015-10-19T17:13:37","guid":{"rendered":"http:\/\/www.bibula.com\/?p=83847"},"modified":"2015-10-19T13:13:57","modified_gmt":"2015-10-19T17:13:57","slug":"etpc-nie-wolno-negowac-holokaustu-mozna-zaprzeczac-ludobojstwu-ormian","status":"publish","type":"post","link":"https:\/\/www.bibula.com\/?p=83847","title":{"rendered":"ETPC: nie wolno negowa\u0107 Holokaustu, mo\u017cna zaprzecza\u0107 ludob\u00f3jstwu Ormian"},"content":{"rendered":"<p><strong>Europejski Trybuna\u0142 Praw Cz\u0142owieka stan\u0105\u0142 po stronie tureckiego polityka neguju\u0105cego \u201eludob\u00f3jstwo Ormian\u201d, jakiego dopu\u015bcili si\u0119 Turcy w latach 1915 &#8211; 1917. W swoim orzeczeniu Trybuna\u0142 g\u0142osami dziesi\u0119ciu s\u0119dzi\u00f3w \u201eza\u201d i siedmiu \u201eprzeciw\u201d orzek\u0142 w czwartek, \u017ce szwajcarski s\u0105d nie mia\u0142 prawa na\u0142o\u017cy\u0107 grzywny na Do\u00c4\u0178u Perin\u00c3\u00a7eka, kt\u00f3ry publicznie g\u0142osi\u0142, i\u017c ludob\u00f3jstwo Ormian nie mia\u0142o miejsca. <br \/><\/strong><\/p><p>ETPC zajmowa\u0142 si\u0119 spraw\u0105 Do\u00c4\u0178u Perin\u00c3\u00a7eka, szefa Patriotycznej Partii Turcji, kt\u00f3ry w 2005 roku mia\u0142 szereg odczyt\u00f3w w Szwajcarii. Zosta\u0142 on skazany w 2007 roku przez tamtejszy s\u0105d na kar\u0119 grzywny z powodu pod\u017cegania do nienawi\u015bci rasowej.<\/p><p>Na licznych konferencjach prasowych w Szwajcarii Perin\u00c3\u00a7ek wielokrotnie oskar\u017ca\u0142 \u201eimperialist\u00f3w z zachodu i carskiej Rosji\u201d o podsycanie napi\u0119\u0107 mi\u0119dzy muzu\u0142manami i Ormianami. M\u00f3wi\u0142 tak\u017ce, \u017ce istniej\u0105ce szacunki odno\u015bnie liczby zabitych os\u00f3b nie wskazuj\u0105, jakoby dzia\u0142ania podj\u0119te przez \u00f3wczesn\u0105 w\u0142adz\u0119 w pa\u0144stwie tureckim s\u0142u\u017cy\u0142y eksterminacji konkretnej grupy etnicznej.<\/p><p>Po wyst\u0105pieniach polityka Stowarzyszenie Szwajcaria-Armenia z\u0142o\u017cy\u0142o pozew przeciwko niemu. Szwajcarski s\u0105d skaza\u0142 Turka na kar\u0119 grzywny. Ten jednak w 2008 roku odwo\u0142a\u0142 si\u0119 do Trybuna\u0142u w Strasburgu. Pi\u0119\u0107 lat p\u00f3\u017aniej Trybuna\u0142 uzna\u0142, \u017ce dosz\u0142o do naruszenia artyku\u0142u o wolno\u015bci s\u0142owa Europejskiej Konwencji Praw Cz\u0142owieka. Szwajcarski rz\u0105d poprosi\u0142, by spraw\u0119 zbada\u0142a Wielka Izba Europejskiego Trybuna\u0142u Praw Cz\u0142owieka.<\/p><p>W czwartkowym wyroku ETPC stwierdzi\u0142, i\u017c Perin\u00c3\u00a7ek nie pod\u017cega\u0142 do nienawi\u015bci lub nietolerancji wobec Ormian i jego wypowiedzi nie mog\u0105 by\u0107 traktowane jako naruszenie godno\u015bci cz\u0142onk\u00f3w spo\u0142eczno\u015bci ormia\u0144skiej, kt\u00f3re zgodnie z prawem podlega karze.<\/p><p>S\u0105d dokona\u0142 wyra\u017anego rozr\u00f3\u017cnienia pomi\u0119dzy negacj\u0105 Holokaustu a ludob\u00f3jstwem Ormian, twierdz\u0105c, \u017ce w przypadku \u017byd\u00f3w mamy do czynienia \u201eze specyficzn\u0105 histori\u0105\u201d, dlatego te\u017c wszelkie wypowiedzi neguj\u0105ce Holokaust \u201ezawsze mog\u0105 by\u0107 postrzegane jako forma pod\u017cegania do nienawi\u015bci rasowej w niekt\u00f3rych krajach\u201d. Zdaniem s\u0119dzi\u00f3w Holocaust jest dobrze udokumentowanym faktem i powszechnie uznanym przez jurysdykcj\u0119 mi\u0119dzynarodow\u0105.<\/p><p>Mimo \u017ce przemoc wobec Ormian jest drugim po Holokau\u015bcie najlepiej udokumentowanym i opisanym ludob\u00f3jstwem, uzna\u0142o je dotychczas jedynie kilkana\u015bcie pa\u0144stw, w tym m.in. Szwajcaria, Rosja, Niemcy i Polska. Turcja zawsze zaprzecza\u0142a, jakoby dopu\u015bci\u0142a si\u0119 eksterminacji mniejszo\u015bci ormia\u0144skiej.<\/p><p>W opinii wielu badaczy w latach 1915-1917 w wyniku dzia\u0142a\u0144 tureckich w\u0142adz (masakry i deportacje) zgin\u0119\u0142o ponad 500 tys. spo\u015br\u00f3d 2,5 milionowej mniejszo\u015bci ormia\u0144skiej, zamieszkuj\u0105cej Imperium Osma\u0144skie. Rz\u0105d Armenii twierdzi, \u017ce ofiar by\u0142o 1,5 miliona.<\/p><p>Przedstawiciele w\u0142adz arme\u0144skich &#8211; mimo, \u017ce ETPC uniewinni\u0142 Perin\u00c3\u00a7eka &#8211; uwa\u017caj\u0105, \u017ce dobrze si\u0119 sta\u0142o, i\u017c wyrok w sprawie zapad\u0142. Trybuna\u0142 potwierdzi\u0142 bowiem, \u017ce Ormianie maj\u0105 prawo do ochrony przed mow\u0105 nienawi\u015bci. &#8211; <em>Oznacza to, \u017ce pa\u0144stwa europejskie mog\u0105 ukara\u0107 osoby zaprzeczaj\u0105ce ludob\u00f3jstwu Ormian, je\u015bli ich wypowiedzi b\u0119d\u0105 mia\u0142y znamiona pod\u017cegania do przemocy lub nienawi\u015bci rasowej<\/em> &#8211; stwierdzi\u0142 arme\u0144ski prokurator generalny Gevorg Kostanyan.<\/p><p>Brytyjski prawnik reprezentuj\u0105cy Armeni\u0119, Geoffrey Robertson, powiedzia\u0142, \u017ce orzeczenie wyra\u017anie m\u00f3wi, i\u017c Ormianie maj\u0105 \u201eprawo do poszanowania swojej historii\u201d.<\/p><p>ETPC zaznaczy\u0142, \u017ce nie ma uprawnie\u0144 do orzekania, czy zab\u00f3jstwo Ormian by\u0142o ludob\u00f3jstwem. Spraw\u0119 t\u0119 musz\u0105 zbada\u0107 mi\u0119dzynarodowe trybuna\u0142y karne. S\u0119dziowie dodali, \u017ce demokratyczne spo\u0142ecze\u0144stwo &#8211; Szwajcaria &#8211; nie powinno posuwa\u0107 si\u0119 do tego, by \u015bciga\u0107 tureckiego polityka za wypowiedzi.<\/p><p>Trybuna\u0142 zarzuci\u0142 szwajcarskim s\u0105dom, \u017ce dopu\u015bci\u0142y si\u0119 cenzury Perin\u00c3\u00a7eka, nie zezwalaj\u0105c mu na wyra\u017cenie opinii, kt\u00f3ra \u201eodbiega\u0142a od tych ustalonych w Szwajcarii\u201d.<\/p><p>Orzeczenie Wielkiej Izby Europejskiego Trybuna\u0142u Praw Cz\u0142owieka jest ostateczne.<\/p><p>\u0179r\u00f3d\u0142o: yahoo.com<\/p><p>AS<\/p>","protected":false},"excerpt":{"rendered":"Europejski Trybuna\u0142 Praw Cz\u0142owieka stan\u0105\u0142 po stronie tureckiego polityka neguju\u0105cego \u201eludob\u00f3jstwo Ormian\u201d, jakiego dopu\u015bcili si\u0119 Turcy w latach 1915 &#8211; 1917. W swoim orzeczeniu Trybuna\u0142 g\u0142osami dziesi\u0119ciu s\u0119dzi\u00f3w \u201eza\u201d i siedmiu \u201eprzeciw\u201d orzek\u0142 w czwartek, \u017ce szwajcarski s\u0105d nie mia\u0142 prawa na\u0142o\u017cy\u0107 grzywny na Do\u00c4\u0178u Perin\u00c3\u00a7eka, kt\u00f3ry publicznie g\u0142osi\u0142, i\u017c ludob\u00f3jstwo Ormian nie mia\u0142o miejsca. [&hellip;]","protected":false},"author":1,"featured_media":0,"comment_status":"closed","ping_status":"closed","sticky":false,"template":"","format":"standard","meta":{"_acf_changed":false,"_monsterinsights_skip_tracking":false,"ngg_post_thumbnail":0,"footnotes":"","_wp_rev_ctl_limit":""},"categories":[6],"tags":[23,22,169,239,233],"acf":[],"_links":{"self":[{"href":"https:\/\/www.bibula.com\/index.php?rest_route=\/wp\/v2\/posts\/83847"}],"collection":[{"href":"https:\/\/www.bibula.com\/index.php?rest_route=\/wp\/v2\/posts"}],"about":[{"href":"https:\/\/www.bibula.com\/index.php?rest_route=\/wp\/v2\/types\/post"}],"author":[{"embeddable":true,"href":"https:\/\/www.bibula.com\/index.php?rest_route=\/wp\/v2\/users\/1"}],"replies":[{"embeddable":true,"href":"https:\/\/www.bibula.com\/index.php?rest_route=%2Fwp%2Fv2%2Fcomments&post=83847"}],"version-history":[{"count":0,"href":"https:\/\/www.bibula.com\/index.php?rest_route=\/wp\/v2\/posts\/83847\/revisions"}],"wp:attachment":[{"href":"https:\/\/www.bibula.com\/index.php?rest_route=%2Fwp%2Fv2%2Fmedia&parent=83847"}],"wp:term":[{"taxonomy":"category","embeddable":true,"href":"https:\/\/www.bibula.com\/index.php?rest_route=%2Fwp%2Fv2%2Fcategories&post=83847"},{"taxonomy":"post_tag","embeddable":true,"href":"https:\/\/www.bibula.com\/index.php?rest_route=%2Fwp%2Fv2%2Ftags&post=83847"}],"curies":[{"name":"wp","href":"https:\/\/api.w.org\/{rel}","templated":true}]}}