{"id":83845,"date":"2015-10-19T10:10:43","date_gmt":"2015-10-19T14:10:43","guid":{"rendered":"http:\/\/www.bibula.com\/?p=83845"},"modified":"2015-10-19T10:10:43","modified_gmt":"2015-10-19T14:10:43","slug":"mathias-von-gersdorff-synod-pokazal-ze-rewolucja-seksualna-chce-wedrzec-sie-do-kosciola","status":"publish","type":"post","link":"https:\/\/www.bibula.com\/?p=83845","title":{"rendered":"Mathias Von Gersdorff: Synod pokaza\u0142, \u017ce rewolucja seksualna chce wedrze\u0107 si\u0119 do Ko\u015bcio\u0142a"},"content":{"rendered":"<p><strong>Rozdarcie na Synodzie w Watykanie w drugim tygodniu obrad wydaje si\u0119 ju\u017c nie do przezwyci\u0119\u017cenia &#8211; uwa\u017ca Mathias von Gersdorff. Sporu, kt\u00f3ry wywo\u0142a\u0142 kard. Walter Kasper, nie da si\u0119 ju\u017c zako\u0144czy\u0107 bez powa\u017cnych perturbacji. <\/strong><\/p><p>\u201eLiberalne skrzyd\u0142o nie mo\u017ce ju\u017c wiarygodne twierdzi\u0107, \u017ce chodzi mu tylko o nowe duszpasterstwo w obliczu takich problem\u00f3w jak rozwodnicy w nowych zwi\u0105zkach lub osoby ze sk\u0142onno\u015bciami homoseksualnymi. Prawie nikt ju\u017c nie wierzy, \u017ce [skrzyd\u0142o to] nie \u017cyczy sobie \u017cadnych zmian w nauczaniu Ko\u015bcio\u0142a odno\u015bnie ma\u0142\u017ce\u0144stwa i seksualno\u015bci\u201d &#8211; pisze na swoim blogu von Gersdorff.<\/p><p>\u201eCz\u0119\u015b\u0107 kardyna\u0142\u00f3w zosta\u0142a zaalarmowana zw\u0142aszcza post\u0119powaniem przy redagowaniu ko\u0144cowego dokumentu oraz obsadzeniem komitetu redakcyjnego: gremium sk\u0142ada si\u0119 w wi\u0119kszo\u015bci z pra\u0142at\u00f3w, kt\u00f3rzy nie tylko uchodz\u0105 za libera\u0142\u00f3w, ale otwarcie i jednoznacznie przedstawili swoje stanowisko w sprawie homoseksualizmu i tym podobnych\u201d temat\u00f3w &#8211; dodaje.<\/p><p>Wed\u0142ug autora jest to przy okazji tego Synodu szczeg\u00f3lnie problematyczne, bo ma pojawi\u0107 si\u0119 tylko jeden dokument, w\u0142a\u015bnie na koniec obrad. Zostanie on zaprezentowany Ojcom Synodalnym 24. pa\u017adziernika, na dzie\u0144 przed zamkni\u0119ciem zgromadzenia. \u201eKomitet redakcyjny ma ca\u0142kowit\u0105 swobod\u0119 pracy, na wi\u0119ksze zmiany nie b\u0119dzie i tak ju\u017c czasu\u201d &#8211; ocenia publicysta.<\/p><p>Von Gersdorff przypomina, \u017ce w\u0142a\u015bnie na t\u0119 okoliczno\u015b\u0107 zwraca\u0142 uwag\u0119 list kilku kardyna\u0142\u00f3w pod przewodnictwem kard. George\u2019a Pella adresowany do Ojca \u015awi\u0119tego. \u201ePublikacja tego prywatnego listu (kard. M\u00fcller m\u00f3wi\u0142 o nowym przypadku Vatileaks) doprowadzi\u0142a w ostatnich dniach do prawdziwej powodzi oskar\u017ce\u0144 i podejrze\u0144. Dziennik <em>Avvenire<\/em>, kt\u00f3ry wci\u0105\u017c stara si\u0119 o umiarkowany ton, pisa\u0142 13. pa\u017adziernika: \u2018Z dnia na dzie\u0144 staje si\u0119 coraz bardziej jasne, \u017ce [w auli synodalnej] s\u0105 dwa stanowiska\u2019\u201d &#8211; przytacza autor. I dodaje, \u017ce prasa lewicowa w\u0119szy ju\u017c tymczasem prawdziwy spisek przeciwko papie\u017cowi Franciszkowi: <em>Corriere della Sera<\/em> pisa\u0142 na przyk\u0142ad o \u201etradycjonalistycznej mi\u0119dzynarod\u00f3wce\u201d wymierzonej w Ojca \u015awi\u0119tego, kt\u00f3ra ma by\u0107 nakierowana na sk\u0142onienie go do ust\u0105pienia.<\/p><p>\u201eObecny chaos ma wyra\u017any punkt pocz\u0105tkowy: To przemowa kardyna\u0142a Kaspera na konsystorzu na pocz\u0105tku roku 2014. Proponuj\u0105c dopuszczenie rozwodnik\u00f3w w nowych zwi\u0105zkach do Komunii pod pewnymi warunkami otworzy\u0142 on puszk\u0119 Pandory. Od tego momentu wszystkie maksymy rewolucji seksualnej \u00c3\u00a0\u00a0la rok 1968 gro\u017c\u0105 wtargni\u0119ciem do Ko\u015bcio\u0142a. Pra\u0142aci ze skrzyd\u0142a liberalnego czuj\u0105, \u017ce mog\u0105 m\u00f3wi\u0107, co przychodzi im do g\u0142owy, niewa\u017cne, jak mocno przecz\u0105 przy tym nauczaniu Ko\u015bcio\u0142a\u201d &#8211; pisze von Gersdorff. Jego zdaniem sprawa ta nie zostanie zako\u0144czona spokojnie: musimy spodziewa\u0107 si\u0119 g\u0142o\u015bnego huku, zanim otwarta przez kard. Kaspera \u201epuszka Pandory\u201d zostanie znowu zamkni\u0119ta.\u00a0<\/p><p><strong>\u0179r\u00f3d\u0142o: mathias-von-gersdorff.blogspot.de<\/strong><\/p><p><strong>Pach<\/strong><\/p>","protected":false},"excerpt":{"rendered":"Rozdarcie na Synodzie w Watykanie w drugim tygodniu obrad wydaje si\u0119 ju\u017c nie do przezwyci\u0119\u017cenia &#8211; uwa\u017ca Mathias von Gersdorff. Sporu, kt\u00f3ry wywo\u0142a\u0142 kard. Walter Kasper, nie da si\u0119 ju\u017c zako\u0144czy\u0107 bez powa\u017cnych perturbacji. \u201eLiberalne skrzyd\u0142o nie mo\u017ce ju\u017c wiarygodne twierdzi\u0107, \u017ce chodzi mu tylko o nowe duszpasterstwo w obliczu takich problem\u00f3w jak rozwodnicy w [&hellip;]","protected":false},"author":1,"featured_media":0,"comment_status":"closed","ping_status":"closed","sticky":false,"template":"","format":"standard","meta":{"_acf_changed":false,"_monsterinsights_skip_tracking":false,"ngg_post_thumbnail":0,"footnotes":"","_wp_rev_ctl_limit":""},"categories":[3],"tags":[86,41,33],"acf":[],"_links":{"self":[{"href":"https:\/\/www.bibula.com\/index.php?rest_route=\/wp\/v2\/posts\/83845"}],"collection":[{"href":"https:\/\/www.bibula.com\/index.php?rest_route=\/wp\/v2\/posts"}],"about":[{"href":"https:\/\/www.bibula.com\/index.php?rest_route=\/wp\/v2\/types\/post"}],"author":[{"embeddable":true,"href":"https:\/\/www.bibula.com\/index.php?rest_route=\/wp\/v2\/users\/1"}],"replies":[{"embeddable":true,"href":"https:\/\/www.bibula.com\/index.php?rest_route=%2Fwp%2Fv2%2Fcomments&post=83845"}],"version-history":[{"count":0,"href":"https:\/\/www.bibula.com\/index.php?rest_route=\/wp\/v2\/posts\/83845\/revisions"}],"wp:attachment":[{"href":"https:\/\/www.bibula.com\/index.php?rest_route=%2Fwp%2Fv2%2Fmedia&parent=83845"}],"wp:term":[{"taxonomy":"category","embeddable":true,"href":"https:\/\/www.bibula.com\/index.php?rest_route=%2Fwp%2Fv2%2Fcategories&post=83845"},{"taxonomy":"post_tag","embeddable":true,"href":"https:\/\/www.bibula.com\/index.php?rest_route=%2Fwp%2Fv2%2Ftags&post=83845"}],"curies":[{"name":"wp","href":"https:\/\/api.w.org\/{rel}","templated":true}]}}