{"id":83801,"date":"2015-10-15T14:18:23","date_gmt":"2015-10-15T18:18:23","guid":{"rendered":"http:\/\/www.bibula.com\/?p=83801"},"modified":"2015-10-15T20:37:00","modified_gmt":"2015-10-16T00:37:00","slug":"hipokryzja-holenderskich-zydow-jestesmy-za-przyjmowaniem-imigrantow-lecz-przeciwni-lokowaniu-ich-niedaleko-naszych-dzielnic","status":"publish","type":"post","link":"https:\/\/www.bibula.com\/?p=83801","title":{"rendered":"Hipokryzja holenderskich \u017byd\u00f3w: jeste\u015bmy za przyjmowaniem imigrant\u00f3w, lecz przeciwni lokowaniu ich niedaleko naszych dzielnic"},"content":{"rendered":"<p><strong>Przedstawiciele spo\u0142eczno\u015bci \u017cydowskiej zamieszkuj\u0105cej w po\u0142udniowej dzielnicy Amsterdamu wyrazili zaniepokojenie w zwi\u0105zku z planami zakwaterowania w lokalnym o\u015brodku pomocy 400 uchod\u017ac\u00f3w z Syrii i Iraku.<\/strong><\/p><p>Po og\u0142oszeniu przez w\u0142adze miasta plan\u00f3w przyj\u0119cia imigrant\u00f3w i ulokowania ich w budynkach rz\u0105dowych, r\u00f3wnie\u017c w tych po\u0142o\u017conych kilometr od Buitenveldert, najwi\u0119kszego skupiska \u017byd\u00f3w mieszkaj\u0105cych w Holandii, rozleg\u0142 si\u0119 sprzeciw spo\u0142eczno\u015bci \u017cydowskiej.<\/p><p>Centralny Zarz\u0105d \u017bydowski (CJB) jest zaniepokojny &#8222;mo\u017cliwo\u015bci\u0105 incydent\u00f3w&#8221;, a szef CJB, Ron van der Wieken, nie m\u00f3g\u0142 lepiej ukaza\u0107 hipokryzji \u015brodowisk \u017cydowskich, stwierdzaj\u0105c: &#8222;Aby nie by\u0142o \u017cadnych w\u0105tpliwo\u015bci: spo\u0142eczno\u015b\u0107 \u017cydowska jest ca\u0142kowicie za przyjmowaniem uchod\u017ac\u00f3w wojennych, ale [w tym przypadku] mamy du\u017ce zastrze\u017cenia&#8221;. Te zastrze\u017cenia dotycz\u0105 oczywi\u015bcie nie tyle przyjmowania uchod\u017ac\u00f3w &#8211; bowiem \u0142atwo jest wypowiada\u0107 g\u0142adkie zapewnienia w imieniu innych &#8211; lecz lokowania ich w dzielnicach niedaleko spo\u0142eczno\u015bci \u017cydowskich.<\/p><p>Innymi s\u0142owy: ci, co najwi\u0119cej rozprawiaj\u0105 na temat &#8222;ksenofobii&#8221; i &#8222;antyimigracyjnych nastroj\u00f3w&#8221; u innych, gdy skonfrontowani zostaj\u0105 z rzeczywisto\u015bci\u0105 i poddani zostaj\u0105 tym samym warunkom, o kt\u00f3re nawo\u0142uj\u0105, sami staj\u0105 si\u0119 najwi\u0119kszymi wrogami przyjmowania uchod\u017ac\u00f3w. Albo jeszcze kr\u00f3cej o hipokryzji \u017cydowskich dzia\u0142aczy: s\u0105 pierwsi w narzucaniu warunk\u00f3w innym, a ostatni w przyjmowaniu ich przez siebie.<\/p><p>Jest jeszcze jeden wa\u017cny element tak cz\u0119sto pomijany w dyskusjach nad problemem imigrant\u00f3w, a chodzi w\u0142a\u015bnie o prawdziwe przyczyny rozlokowywania obcych kulturowo imigrant\u00f3w w\u015br\u00f3d spo\u0142eczno\u015bci &#8211; tak w Europie jak i w Stanach Zjednoczonych. Ot\u00f3\u017c najbardziej zainteresowan\u0105 grup\u0105 etniczn\u0105 w dywersyfikacji narodowo\u015bciowo-etniczno-religijno-kulturowej s\u0105 w\u0142a\u015bnie \u017bydzi. Jak szczerze przyzna\u0142 to swego czasu Leonard S. Glickman, prezydent <em>Hebrew Immigrant Aid Society<\/em>, w odniesieniu do podnoszenia kwot przyjmowania imigrant\u00f3w w Stanach Zjednoczonych: <strong>&#8222;Im bardziej ameryka\u0144skie spo\u0142ecze\u0144stwo jest zdywersyfikowane, tym bezpieczniej dla \u017byd\u00f3w.\u201d<\/strong><\/p>","protected":false},"excerpt":{"rendered":"Przedstawiciele spo\u0142eczno\u015bci \u017cydowskiej zamieszkuj\u0105cej w po\u0142udniowej dzielnicy Amsterdamu wyrazili zaniepokojenie w zwi\u0105zku z planami zakwaterowania w lokalnym o\u015brodku pomocy 400 uchod\u017ac\u00f3w z Syrii i Iraku.Po og\u0142oszeniu przez w\u0142adze miasta plan\u00f3w przyj\u0119cia imigrant\u00f3w i ulokowania ich w budynkach rz\u0105dowych, r\u00f3wnie\u017c w tych po\u0142o\u017conych kilometr od Buitenveldert, najwi\u0119kszego skupiska \u017byd\u00f3w mieszkaj\u0105cych w Holandii, rozleg\u0142 si\u0119 sprzeciw spo\u0142eczno\u015bci [&hellip;]","protected":false},"author":1,"featured_media":0,"comment_status":"closed","ping_status":"closed","sticky":false,"template":"","format":"standard","meta":{"_acf_changed":false,"_monsterinsights_skip_tracking":false,"_monsterinsights_sitenote_active":false,"_monsterinsights_sitenote_note":"","_monsterinsights_sitenote_category":0,"ngg_post_thumbnail":0,"footnotes":"","_wp_rev_ctl_limit":""},"categories":[6],"tags":[76,53,18,280],"acf":[],"_links":{"self":[{"href":"https:\/\/www.bibula.com\/index.php?rest_route=\/wp\/v2\/posts\/83801"}],"collection":[{"href":"https:\/\/www.bibula.com\/index.php?rest_route=\/wp\/v2\/posts"}],"about":[{"href":"https:\/\/www.bibula.com\/index.php?rest_route=\/wp\/v2\/types\/post"}],"author":[{"embeddable":true,"href":"https:\/\/www.bibula.com\/index.php?rest_route=\/wp\/v2\/users\/1"}],"replies":[{"embeddable":true,"href":"https:\/\/www.bibula.com\/index.php?rest_route=%2Fwp%2Fv2%2Fcomments&post=83801"}],"version-history":[{"count":0,"href":"https:\/\/www.bibula.com\/index.php?rest_route=\/wp\/v2\/posts\/83801\/revisions"}],"wp:attachment":[{"href":"https:\/\/www.bibula.com\/index.php?rest_route=%2Fwp%2Fv2%2Fmedia&parent=83801"}],"wp:term":[{"taxonomy":"category","embeddable":true,"href":"https:\/\/www.bibula.com\/index.php?rest_route=%2Fwp%2Fv2%2Fcategories&post=83801"},{"taxonomy":"post_tag","embeddable":true,"href":"https:\/\/www.bibula.com\/index.php?rest_route=%2Fwp%2Fv2%2Ftags&post=83801"}],"curies":[{"name":"wp","href":"https:\/\/api.w.org\/{rel}","templated":true}]}}