{"id":83706,"date":"2015-10-09T10:59:15","date_gmt":"2015-10-09T14:59:15","guid":{"rendered":"http:\/\/www.bibula.com\/?p=83706"},"modified":"2016-08-01T08:56:50","modified_gmt":"2016-08-01T12:56:50","slug":"watykanska-tajemnica-podczas-konklawe-2013-zlamano-szesc-pieczeci","status":"publish","type":"post","link":"https:\/\/www.bibula.com\/?p=83706","title":{"rendered":"Watyka\u0144ska tajemnica: podczas konklawe 2013 z\u0142amano sze\u015b\u0107 piecz\u0119ci"},"content":{"rendered":"<p><small>Dodano: 2015-10-9 10:59 am<\/small><\/p><p><strong>Nie, to nie jest plotka, to nie teoria, i to nie fikcja. To FAKT, potwierdzony przez relacje opublikowane w oficjalnym zbiorze watyka\u0144skich dokument\u00f3w ko\u015bcielnych, <em>Acta Apostolicae Sedis<\/em>\u00a0(\u201eAkta Stolicy Apostolskiej\u201d), t. CV (105), n. 4-5, s. 367-369. Ten najnowszy artyku\u0142 w <em>Acta<\/em> w\u0142a\u015bnie opublikowa\u0142 Watykan tutaj: <span style=\"text-decoration: underline;\"><a href=\"http:\/\/www.vatican.va\/archive\/aas\/index_en.htm\">directly from the Vatican web site here<\/a><\/span>.<\/strong><\/p><p>Po rezygnacji Benedykta XVI, kt\u00f3ra mia\u0142a miejsce o 8:00 czasu \u015brodkowo-europejskiego 28 lutego 2013, kardyna\u0142owie Novus Ordo spotkali si\u0119 na konklawe w celu dokonania wyboru jego nast\u0119pcy. Konklawe rozpocz\u0119\u0142o si\u0119 12 marca 2013 i zako\u0144czy\u0142o nast\u0119pnego dnia, kiedy Jorge Mario Bergoglio otrzyma\u0142 wystarczaj\u0105c\u0105 liczb\u0119 g\u0142os\u00f3w w pi\u0105tym g\u0142osowaniu i og\u0142osi\u0142 i\u017c uzna\u0142 wynik wybor\u00f3w (zob. <a href=\"http:\/\/www.novusordowatch.org\/conclave-2013.htm\">Conclave 2013 page<\/a>).<\/p><p>W pewnym momencie konklawe, co teraz oficjalnie potwierdzono, z\u0142amano co najmniej 6 piecz\u0119ci na drzwiach r\u00f3\u017cnych pomieszcze\u0144 i w specyficznych sekcjach Pa\u0142acu Apostolskiego. \u015awiadectwa te pochodz\u0105 bezpo\u015brednio od trzech wysokiego szczebla oficjeli Komnaty Apostolskiej. Poni\u017cej fragment oficjalnego raportu w <em>Acta<\/em> (przek\u0142ad z w\u0142oskiego), datowany 14 marca 2013. Cz\u0142onkowie Komnaty Apostolskiej spotkali si\u0119 z dwu wysokiego stopnia szwajcarskimi gwardzistami by rozpocz\u0105\u0107 usuwanie wszystkich piecz\u0119ci. Oto ich relacja:<\/p><blockquote><p>Ci sami oficerowie [Christoph Graf, z-ca dow\u00f3dcy Papieskiej Gwardii Szwajcarskiej, i mjr William Kloter], poinformowani o tym, \u017ce z rozkazu kard. szambelana, wice szambelan rozpocznie usuwanie wcze\u015bniej umieszczonych piecz\u0119ci na drzwiach apartamentu papieskiego, z wyj\u0105tkiem g\u0142\u00f3wnych drzwi frontowych apartamentu i drzwi prowadz\u0105cych do \u201eszlachetnej\u201d windy, b\u0119dzie towarzyszy\u0142 tym obecnym na wyznaczonych miejscach.<\/p><p>Ja, urz\u0119dnik Komnaty Apostolskiej, po\u015bwiadczam integralno\u015b\u0107 piecz\u0119ci na g\u0142\u00f3wnych drzwiach frontowych wykonanych z \u017celaza i szk\u0142a, i na drzwiach po prawo od g\u0142\u00f3wnych drzwi do apartamentu papieskiego, i rozpoczynam ich usuwanie.<\/p><p>Wykonawszy pierwsze zadanie, wice szambelan w towarzystwie wy\u017cej wymienionych os\u00f3b, przechodzi do drugiej lod\u017cy Pa\u0142acu Apostolskiego w celu usuni\u0119cia innych piecz\u0119ci umieszczonych na poni\u017cej wymienionych wej\u015bciach:<\/p><ol><li>Wy\u017csza brama prowadz\u0105ca do spiralnych schod\u00f3w w lod\u017cy<\/li><li>Drzwi wej\u015bciowe do prywatnej windy Ojca \u015awi\u0119tego ze spiralnych schod\u00f3w przedpokoju do lod\u017cy<\/li><li>Szare drewniane drzwi prowadz\u0105ce z komnaty \u015bw. Ambro\u017cego do biur sekretarzy<\/li><li>Du\u017ce drewniane drzwi na wsch\u00f3d w komnacie \u015bw. Ambro\u017cego<\/li><li>Drzwi prowadz\u0105ce z Sali Klementy\u0144skej do prywatnej biblioteki<\/li><li>Ma\u0142e drzwi prowadz\u0105ce z Sali Klementy\u0144skiej na korytarz za \u201eszlachetn\u0105\u201d wind\u0105<\/li><li>Dost\u0119p do prywatnej windy Ojca \u015awi\u0119tego z Dziedzi\u0144ca Sykstusa V.<\/li><\/ol><p>Wice szambelan i ci obecni po\u015bwiadczaj\u0105, \u017ce na wszystkich wymienionych g\u0142\u00f3wnych wej\u015bciach, z wyj\u0105tkiem tego w p.1, usuni\u0119to wcze\u015bniej za\u0142o\u017cone piecz\u0119cie. Mjr Kloter o\u015bwiadcza, \u017ce na terenie jego inspekcji przeprowadzonej wczoraj 13 marca o 16:30, wszystkie wcze\u015bniej za\u0142o\u017cone na wej\u015bciach do Komnaty apostolskiej piecz\u0119cie by\u0142y jeszcze nietkni\u0119te i nie wykazywa\u0142y \u017cadnych pr\u00f3b ingerencji. Ja, urz\u0119dnik Komnaty Apostolskiej, bior\u0105c pod uwag\u0119 to co zezna\u0142 mjr Kloter, przyst\u0119puj\u0119, po potwierdzeniu jej integralno\u015bci, do usuni\u0119cia pozosta\u0142ej jedynej piecz\u0119ci, a mianowicie tej na wy\u017cszej bramie prowadz\u0105cej do spiralnych schod\u00f3w.<\/p><p><strong>\u2026<\/strong><\/p><p>Nast\u0119pnie Mr Graf informuje wice szambelana, \u017ce po og\u0142oszeniu 13 marca wyboru Jego \u015awi\u0119tobliwo\u015bci papie\u017ca Franciszka o 20:00, zast\u0119pca sekretarza stanu nakaza\u0142 otworzenie wszystkich wej\u015b\u0107 do pomieszcze\u0144 watyka\u0144skiego Pa\u0142acu Apostolskiego zarezerwowanych na konklawe\u2026<\/p><p>(\u201eReseratio Conclavis\u201d,\u00a0<em>Acta Apostolicae Sedis <\/em>105 (2013): 4-5, s. 367-368.)<\/p><\/blockquote><p>Ten raport w <em>Acta<\/em> jest podpisany przez \u201earcybiskupa\u201d Pier Luigi Celata, wice szambelana, \u201epra\u0142ata\u201d Assunto Scotti, dziekana College of Cleric Prelates, i dr Antonio Di Iorio, Notary Chancellor. Wszyscy trzej s\u0105 urz\u0119dnikami Komnaty Apostolskej, dlatego to nie mo\u017ce by\u0107 bardziej \u201eoficjalne\u201d.<\/p><p><span class=\"pullquote\"><!-- \"Wice szambelan i ci obecni po\u015bwiadczaj\u0105, \u017ce na wszystkich wymienionych g\u0142\u00f3wnych wej\u015bciach, z wyj\u0105tkiem tego w p.1, usuni\u0119to wcze\u015bniej za\u0142o\u017cone piecz\u0119cie...\" --><\/span><\/p><p>Ale co mamy o tym my\u015ble\u0107? Pewne jest to, \u017ce 6 piecz\u0119ci zosta\u0142o z\u0142amanych, i oczywi\u015bcie z\u0142amano je dlatego, \u017ce kto\u015b chcia\u0142 mie\u0107 dost\u0119p do zapiecz\u0119towanych pomieszcze\u0144. Ale kto i dlaczego? I jak to jest, \u017ce piecz\u0119cie na tych drzwiach zosta\u0142y naruszone i nikt tego nie zauwa\u017cy\u0142?<\/p><p>Na to nie mamy odpowiedzi. Ale mo\u017cliwe jest, \u017ce w\u0142amanie mia\u0142o co\u015b wsp\u00f3lnego ze spraw\u0105 <strong>Vatileaks, kontrowersj\u0105 Banku Watykanu, albo homoseksualn\u0105 subkultur\u0105 \/ skandalami \u201egejowskiego lobby\u201d, kt\u00f3re wstrz\u0105sn\u0119\u0142y modernistycznym Watykanem w ostatnich dniach \u201epontyfikatu\u201d Benedykta XVI. Pami\u0119tamy \u201eteczk\u0119\u201d o kt\u00f3rej m\u00f3wi\u0142 Benedykt, \u017ce przeka\u017ce j\u0105 swojemu nast\u0119pcy.<\/strong><\/p><p>Watykanista Giuseppe Nardi pisze, \u017ce mo\u017cliwe jest to, \u017ce dodatkowe piecz\u0119cie, na innych drzwiach i bramach, zosta\u0142y tak\u017ce z\u0142amane, ale w tej chwili nie wiemy czy ujawniono kolejne oficjalne raporty czy protoko\u0142y na ten temat.<\/p><p>Do chwili otrzymania wiarygodnych informacji, mo\u017cemy jedynie spekulowa\u0107. Trzy linki poni\u017cej maj\u0105 wi\u0119cej info na ten temat. S\u0105 to zagraniczne witryny, ale do tej pory \u017cadna inna angloj\u0119zyczna nie zajmowa\u0142a si\u0119 t\u0105 spraw\u0105:<\/p><ul><li>Lombardi: piecz\u0119cie na papieskim apartamencie nie usuni\u0119te przed konklawe [po w\u0142osku] <a href=\"http:\/\/www.agenparl.it\/articoli\/news\/cronaca\/20131009-chiesa-padre-lombardi-i-sigilli-dell-appartamento-papale-non-furono-rimossi-prima-del-conclave\">Lombardi: Papal Apartment Seals not removed before the Conclave<\/a><\/li><li>Konklawe i tajemnica. Zbyt wiele pyta\u0144 bez odpowiedzi [po w\u0142osku] <a href=\"http:\/\/www.globalist.it\/Detail_News_Display?ID=49985&amp;typeb=0&amp;Conclave-e-misteri-troppe-domande-senza-risposta\">Conclave and Mystery, Too Many Unanswered Questions<\/a><\/li><li>Tajemnica z\u0142amanych piecz\u0119ci podczas konklawe [po niemiecku] <a href=\"http:\/\/katholisches.info\/2013\/10\/10\/das-raetsel-der-aufgebrochenen-siegel-waehrend-des-konklaves\/\">The Mystery of the Broken Seals during the Conclave<\/a><\/li><\/ul><p>\u0179r\u00f3d\u0142o: <a href=\"http:\/\/www.novusordowatch.org\/wire\/vatican-conclave-mystery.htm\">http:\/\/www.novusordowatch.org\/wire\/vatican-conclave-mystery.htm [&#8222;Vatican Mystery: Six Seals Broken Open During Conclave&#8221;]<\/a><\/p><p><em>T\u0142um. Ola Gordon.<\/em><\/p><p class=\"zrodlo\">Za: <a href=\"http:\/\/wolna-polska.pl\/wiadomosci\/watykanska-tajemnica-podczas-konklawe-2013-zlamano-szesc-pieczeci-2015-10\">Wolna Polska (Pa\u017adziernik 9, 2015)<\/a><\/p><p>&nbsp;<\/p><p><img fetchpriority=\"high\" decoding=\"async\" src=\"http:\/\/www.bibula.com\/images\/83706\/Reseratio_Conclavis-vatican_va_archive_aas_documents_2013.png\" alt=\"\" width=\"600\" height=\"290\" \/><\/p><p><img decoding=\"async\" src=\"http:\/\/www.bibula.com\/images\/83706\/Reseratio_Conclavis-vatican_va_archive_aas_documents_2013-2.png\" alt=\"\" width=\"600\" height=\"290\" \/><p>&nbsp;<\/p><h4>\u00a0<\/h4><h4><span style=\"text-decoration: underline;\"><a href=\"http:\/\/www.vatican.va\/archive\/aas\/documents\/2013\/aprile-maggio2013.pdf\">Bezpo\u015bredni link do pliku PDF w oficjalnych watyka\u0144skich zbiorach: <strong><em>Acta Apostolicae Sedis<\/em>\u00a0(\u201eAkta Stolicy Apostolskiej\u201d), t. CV (105), n. 4-5, s. 367-369<\/strong><\/a><\/span><\/h4><h4>\u00a0<\/h4><h4>\u00a0<\/h4><hr style=\"background-color: #000000; border-width: 0; color: #000000; height: 2px; line-height: 0; text-align: center; width: 100%;\" \/><h4>\u00a0<\/h4>","protected":false},"excerpt":{"rendered":"Dodano: 2015-10-9 10:59 amNie, to nie jest plotka, to nie teoria, i to nie fikcja. To FAKT, potwierdzony przez relacje opublikowane w oficjalnym zbiorze watyka\u0144skich dokument\u00f3w ko\u015bcielnych, Acta Apostolicae Sedis\u00a0(\u201eAkta Stolicy Apostolskiej\u201d), t. CV (105), n. 4-5, s. 367-369. Ten najnowszy artyku\u0142 w Acta w\u0142a\u015bnie opublikowa\u0142 Watykan tutaj: directly from the Vatican web site here.Po [&hellip;]","protected":false},"author":1,"featured_media":0,"comment_status":"closed","ping_status":"closed","sticky":false,"template":"","format":"standard","meta":{"_acf_changed":false,"_monsterinsights_skip_tracking":false,"_monsterinsights_sitenote_active":false,"_monsterinsights_sitenote_note":"","_monsterinsights_sitenote_category":0,"ngg_post_thumbnail":0,"footnotes":"","_wp_rev_ctl_limit":""},"categories":[3],"tags":[300,301,41,33],"acf":[],"_links":{"self":[{"href":"https:\/\/www.bibula.com\/index.php?rest_route=\/wp\/v2\/posts\/83706"}],"collection":[{"href":"https:\/\/www.bibula.com\/index.php?rest_route=\/wp\/v2\/posts"}],"about":[{"href":"https:\/\/www.bibula.com\/index.php?rest_route=\/wp\/v2\/types\/post"}],"author":[{"embeddable":true,"href":"https:\/\/www.bibula.com\/index.php?rest_route=\/wp\/v2\/users\/1"}],"replies":[{"embeddable":true,"href":"https:\/\/www.bibula.com\/index.php?rest_route=%2Fwp%2Fv2%2Fcomments&post=83706"}],"version-history":[{"count":0,"href":"https:\/\/www.bibula.com\/index.php?rest_route=\/wp\/v2\/posts\/83706\/revisions"}],"wp:attachment":[{"href":"https:\/\/www.bibula.com\/index.php?rest_route=%2Fwp%2Fv2%2Fmedia&parent=83706"}],"wp:term":[{"taxonomy":"category","embeddable":true,"href":"https:\/\/www.bibula.com\/index.php?rest_route=%2Fwp%2Fv2%2Fcategories&post=83706"},{"taxonomy":"post_tag","embeddable":true,"href":"https:\/\/www.bibula.com\/index.php?rest_route=%2Fwp%2Fv2%2Ftags&post=83706"}],"curies":[{"name":"wp","href":"https:\/\/api.w.org\/{rel}","templated":true}]}}