{"id":83672,"date":"2015-10-08T08:34:44","date_gmt":"2015-10-08T12:34:44","guid":{"rendered":"http:\/\/www.bibula.com\/?p=83672"},"modified":"2015-10-08T08:34:44","modified_gmt":"2015-10-08T12:34:44","slug":"kard-danneels-nalezal-do-opozycji-wobec-benedykta-xvi-przygotowal-wybor-franciszka","status":"publish","type":"post","link":"https:\/\/www.bibula.com\/?p=83672","title":{"rendered":"Kard. Danneels nale\u017ca\u0142 do opozycji wobec Benedykta XVI. Przygotowa\u0142 wyb\u00f3r Franciszka"},"content":{"rendered":"<p><strong>Biografia kardyna\u0142a <\/strong><strong>Godfrieda Danneelsa wywo\u0142a\u0142a skandal. Hierarcha przyzna\u0142 si\u0119 do przynale\u017cno\u015bci do \u201egrupy z Sankt Gallen\u201d, kt\u00f3rej celem &#8211; jeszcze w trakcje pontyfikatu Jana Paw\u0142a II &#8211; by\u0142a walka z wp\u0142ywami kardyna\u0142a Josepha Ratzingera i wypromowanie kardyna\u0142a Jorge Bergoglio na papie\u017ca.<\/strong><\/p><p>\u201eWyb\u00f3r Jorge Bergoglio by\u0142 skutkiem tajnych spotka\u0144 kardyna\u0142\u00f3w i biskup\u00f3w, od lat organizowanych przez (kard. -przyp. red.) Carlo Mari\u0119 Martiniego w szwajcarskim Sankt Gallen. Tak twierdzi J\u00fcrgen Mettepenningen i Karim Schelkens, autorzy opublikowanej niedawno biografii kardyna\u0142a Godfrieda Danneelsa, kt\u00f3ry odnosz\u0105c si\u0119 do tej grupy biskup\u00f3w i kardyna\u0142\u00f3w u\u017cywa okre\u015blenia <em>klub mafijny<\/em>\u201d &#8211; referowa\u0142 na \u0142amach \u201eLa Stampy\u201d Mario Tosatti. Spotkania \u201edysydent\u00f3w\u201d, krytycznych wobec roli, jak\u0105 u boku Jana Paw\u0142a II odgrywa\u0142 kard. Ratzinger, zainicjowa\u0142 w 1996 roku biskup Sankt Gallen Ivo F\u00fcrer.<\/p><p>Wed\u0142ug autor\u00f3w biografii &#8211; kt\u00f3rej kardyna\u0142 udzieli\u0142 zreszt\u0105 oficjalnej autoryzacji &#8211; Daneels przez lata przygotowywa\u0142 wyb\u00f3r kard. Bergoglio na Stolic\u0119 Piotrow\u0105. W trakcie oficjalnej promocji ksi\u0105\u017cki hierarcha oficjalnie potwierdzi\u0142 t\u0119 informacj\u0119 twierdz\u0105c, \u017ce przez wiele lat bra\u0142 udzia\u0142 w tajnych spotkaniach kardyna\u0142\u00f3w przeciwnych Ratzingerowi. \u015amiej\u0105c si\u0119, nazwa\u0142 t\u0119 grup\u0119 \u201emafijnym klubem, kt\u00f3rego nazwa brzmi St. Gall\u201d.<\/p><p>Wed\u0142ug biograf\u00f3w belgijskiego hierarchy, do tego \u201eklubu\u201d nale\u017celi tak\u017ce kardyna\u0142owie Walter Kasper, Karl Lehman, Achille Silvestrini (w przesz\u0142o\u015bci prefekt Najwy\u017cszego Trybuna\u0142u Sygnatury Apostolskiej, a p\u00f3\u017aniej Kongregacji Ko\u015bcio\u0142\u00f3w Wschodnich), kardyna\u0142 Basil Hume (arcybiskup Westminster, ekumenista zmar\u0142y w roku 1999). Liderem spotka\u0144 by\u0142 a\u017c do \u015bmierci kardyna\u0142 Carlo Maria Martini &#8211; jezuita, arcybiskup Mediolanu, kt\u00f3ry w trakcie konklawe w 2005 roku by\u0142 kandydatem libera\u0142\u00f3w.<\/p><p>Jak zauwa\u017caj\u0105 beligjskie media, obecno\u015b\u0107 kardyna\u0142a Danneelsa u boku papie\u017ca Franciszka w loggi bazyliki \u015bw. Piotra nie powinna dziwi\u0107. Belgijski hierarcha zosta\u0142 p\u00f3\u017aniej osobi\u015bcie zaproszony przez papie\u017ca do udzia\u0142u w synodzie o rodzinie. Wywo\u0142a\u0142o to fal\u0119 krytyki: Daneels by\u0142 osobi\u015bcie zaanga\u017cowany w chronienie duchownym dopuszczaj\u0105cych si\u0119 seksualnego molestowania dzieci. Kardyna\u0142 Daneels chcia\u0142 w ten spos\u00f3b ochroni\u0107 pozycj\u0119 jednego ze swoich protegowanych &#8211; biskupa Roger Vangheluwe.<\/p><p>Vangheluwe &#8211; ju\u017c jako ksi\u0105dz &#8211; dopuszcza\u0142 si\u0119 molestowania dzieci. Ofiarami pad\u0142o dw\u00f3ch jego bratank\u00f3w. Kard. Daneels pr\u00f3bowa\u0142 nam\u00f3wi\u0107 jedn\u0105 z ofiar, by nie nag\u0142a\u015bnia\u0142a sprawy a\u017c do przej\u015bcia Vangheluwe na emerytur\u0119. Belgijska gazeta \u201eDe Standaard\u201d zauwa\u017cy\u0142a w\u00f3wczas, \u017ce celem kardyna\u0142a Daneelsa by\u0142o odroczenie ujawnienia problemu. Kardyna\u0142 broni\u0142 si\u0119 twierdz\u0105c, \u017ce nie by\u0142 \u201eprzygotowany do rozmowy\u201d z ofiar\u0105 biskupa.<\/p><p>Biskup Roger Vangheluwe dopuszcza\u0142 si\u0119 molestowania seksualnego przez 15 lat. Po raz pierwszy molestowa\u0142 bratanka, gdy ten mia\u0142 5 lat. Nie us\u0142ysza\u0142 zarzut\u00f3w, poniewa\u017c\u2026 przest\u0119pstwa uleg\u0142y przedawnieniu. 23 kwietnia 2010 roku Benedykt XVI przyj\u0105\u0142 jego rezygnacj\u0119, z\u0142o\u017con\u0105 ze wzgl\u0119du na pope\u0142nione przez Vangheluwe czynyn.<\/p><p>W 2011 roku biskup-molestator podkre\u015bla\u0142, \u017ce nie czuje si\u0119 pedofilem, cho\u0107 Ko\u015bci\u00f3\u0142 nakaza\u0142 mu terapi\u0119 i pokut\u0119. W ko\u0144cu by\u0142\u2026 liberalnym biskupem, publicznie zaanga\u017cowanym w promocj\u0119 \u201ediakonatu\u201d kobiet. R\u00f3wnie, a mo\u017ce i bardziej liberalne stanowisko prezentowa\u0142 i dalej prezentuje kardyna\u0142 Daneels. Tak\u017ce w sprawie aborcji i homoseksualnych \u201ema\u0142\u017ce\u0144stw\u201d.<\/p><p>Nic dziwnego, \u017ce udzia\u0142 kardyna\u0142a Daneelsa w konklawe w roku 2013 budzi\u0142 powa\u017cne kontrowersje. Podobnie, jak i pojawienie si\u0119 hierarchy w loggi, tu\u017c obok nowo wybranego papie\u017ca. Jak si\u0119 teraz okazuje, modernistyczny hierarcha z Belgii odegra\u0142 istotn\u0105 rol\u0119 w przygotowaniu konklawe. Karim Schelkens nie zawaha\u0142 si\u0119 stwierdzi\u0107, \u017ce papie\u017c Franciszek realizuje program ukuty w\u0142a\u015bnie przez grup\u0119 z Sankt Gallen. Program reformy Ko\u015bcio\u0142a i &#8211; oczywi\u015bcie &#8211; zbli\u017cenia go do ludzi.<\/p><p>&#8211; Na pocz\u0105tku roku 2000, kiedy \u015bmier\u0107 Jana Paw\u0142a II stawa\u0142a si\u0119 przewidywalna, (pra\u0142aci z grupy Sankt Gallen &#8211; przyp. red.) zacz\u0119li my\u015ble\u0107 bardziej strategicznie o tym, co stanie si\u0119 z Ko\u015bcio\u0142em po Janie Pawle II. Kiedy do grupy do\u0142\u0105czy\u0142 kardyna\u0142 Silvestrini, nabra\u0142a ona bardziej taktycznego i strategicznego charakteru &#8211; twierdzi\u0142 Schelkens. Wyb\u00f3r kardyna\u0142a Bergoglio na papie\u017ca zosta\u0142 okre\u015blony przez kard. Daneelsa jako jego \u201eosobiste zmartwychwstanie\u201d.<\/p><p>Promocja biografii belgijskiego hierarchy odby\u0142a si\u0119 w Narodowej Bazylice Naj\u015bwi\u0119tszego Serca w Brukseli. Udzia\u0142 wzi\u0105\u0142 w niej bohater ksi\u0105\u017cki &#8211; kardyna\u0142 Daneels. Hierarcha nie tylko potwierdzi\u0142 informacje prezentowane przez Schelkensa i Mettepenningena. Powiedzia\u0142, \u017ce cz\u0142onkowie tajnej grupy sami m\u00f3wili o sobie jako o \u201emafii\u201d. Mettepenningen stwierdzi\u0142 w\u00f3wczas, \u017ce cele tej \u201emafii\u201d zosta\u0142y zrealizowane wraz z wyborem papie\u017ca Franciszka.<\/p><p>Ksi\u0105\u017cka &#8211; jak i towarzysz\u0105ca jej konferencja &#8211; wywo\u0142a\u0142a olbrzymi skandal. Autorzy biografii kardyna\u0142a Daneelsa napisali prawd\u0119, a hierarcha j\u0105\u2026 bez zastanowienia potwierdzi\u0142. Schelkens i Mettepenningen zdali sobie z powagi sytuacji dopiero po fakcie i\u2026 pr\u00f3buj\u0105 przekona\u0107 opini\u0119 publiczn\u0105, \u017ce nie powiedzieli tego, co powiedzieli.<\/p><p>\u017ar\u00f3d\u0142o: Rorate Caeli, LifeSiteNews<\/p><p>mat<\/p>","protected":false},"excerpt":{"rendered":"Biografia kardyna\u0142a Godfrieda Danneelsa wywo\u0142a\u0142a skandal. Hierarcha przyzna\u0142 si\u0119 do przynale\u017cno\u015bci do \u201egrupy z Sankt Gallen\u201d, kt\u00f3rej celem &#8211; jeszcze w trakcje pontyfikatu Jana Paw\u0142a II &#8211; by\u0142a walka z wp\u0142ywami kardyna\u0142a Josepha Ratzingera i wypromowanie kardyna\u0142a Jorge Bergoglio na papie\u017ca.\u201eWyb\u00f3r Jorge Bergoglio by\u0142 skutkiem tajnych spotka\u0144 kardyna\u0142\u00f3w i biskup\u00f3w, od lat organizowanych przez (kard. [&hellip;]","protected":false},"author":1,"featured_media":0,"comment_status":"closed","ping_status":"closed","sticky":false,"template":"","format":"standard","meta":{"_acf_changed":false,"_monsterinsights_skip_tracking":false,"_monsterinsights_sitenote_active":false,"_monsterinsights_sitenote_note":"","_monsterinsights_sitenote_category":0,"ngg_post_thumbnail":0,"footnotes":"","_wp_rev_ctl_limit":""},"categories":[3],"tags":[300,301,33],"acf":[],"_links":{"self":[{"href":"https:\/\/www.bibula.com\/index.php?rest_route=\/wp\/v2\/posts\/83672"}],"collection":[{"href":"https:\/\/www.bibula.com\/index.php?rest_route=\/wp\/v2\/posts"}],"about":[{"href":"https:\/\/www.bibula.com\/index.php?rest_route=\/wp\/v2\/types\/post"}],"author":[{"embeddable":true,"href":"https:\/\/www.bibula.com\/index.php?rest_route=\/wp\/v2\/users\/1"}],"replies":[{"embeddable":true,"href":"https:\/\/www.bibula.com\/index.php?rest_route=%2Fwp%2Fv2%2Fcomments&post=83672"}],"version-history":[{"count":0,"href":"https:\/\/www.bibula.com\/index.php?rest_route=\/wp\/v2\/posts\/83672\/revisions"}],"wp:attachment":[{"href":"https:\/\/www.bibula.com\/index.php?rest_route=%2Fwp%2Fv2%2Fmedia&parent=83672"}],"wp:term":[{"taxonomy":"category","embeddable":true,"href":"https:\/\/www.bibula.com\/index.php?rest_route=%2Fwp%2Fv2%2Fcategories&post=83672"},{"taxonomy":"post_tag","embeddable":true,"href":"https:\/\/www.bibula.com\/index.php?rest_route=%2Fwp%2Fv2%2Ftags&post=83672"}],"curies":[{"name":"wp","href":"https:\/\/api.w.org\/{rel}","templated":true}]}}