{"id":83626,"date":"2015-10-03T21:50:53","date_gmt":"2015-10-04T01:50:53","guid":{"rendered":"http:\/\/www.bibula.com\/?p=83626"},"modified":"2015-10-03T21:50:53","modified_gmt":"2015-10-04T01:50:53","slug":"z-palacu-prezydenckiego-wyniesiono-ponad-100-przedmiotow-m-in-komputery-zabytkowe-meble-i-zyrandol","status":"publish","type":"post","link":"https:\/\/www.bibula.com\/?p=83626","title":{"rendered":"Z Pa\u0142acu Prezydenckiego wyniesiono ponad 100 przedmiot\u00f3w: m.in. komputery, zabytkowe meble i \u017cyrandol"},"content":{"rendered":"<p>Wed\u0142ug listy przedmiot\u00f3w opublikowanej przez portal niezalezna.pl, by\u0142y prezydent Bronis\u0142aw Komorowski jeszcze w trakcie swojej kadencji sam sobie \u201ewypo\u017cyczy\u0142\u201d kilkaset przedmiot\u00f3w: wyposa\u017cenie biurowe, zabytkowe meble, a tak\u017ce \u017cyrandol.<\/p><p>Przedmioty wywo\u017cono wg specjalnej listy do Pa\u0142acu Pod Blach\u0105, gdzie mie\u015bci si\u0119 Instytut Bronis\u0142awa Komorowskiego.<\/p><ul><li>Przeczytaj: <a href=\"http:\/\/www.kresy.pl\/wydarzenia,polityka?zobacz\/101-rzeczy-zniknelo-z-palacu-prezydenckiego\"><strong>101 rzeczy znikn\u0119\u0142o z Pa\u0142acu Prezydenckiego<\/strong><\/a><\/li><\/ul><p>Z Kancelarii Prezydenta \u201ewypo\u017cyczono\u201d pe\u0142en przekr\u00f3j wyposa\u017cenia biurowego: fotele, sto\u0142y, zabytkowe krzes\u0142a, zegarki, komputery, tablety, niszczarki, ekspres\u00a0do kawy, mikrofal\u00f3wk\u0119, telewizor\u00a0oraz sejf. Na li\u015bcie znalaz\u0142 si\u0119 r\u00f3wnie\u017c \u017cyrandol &#8211; wyceniony na 0,75 z\u0142. Zastanawia\u0107 mo\u017ce r\u00f3wnie\u017c wycena cz\u0119\u015bci przedmiot\u00f3w, np. mahoniowej\u00a0 szafki nocnej (0,15 z\u0142).<\/p><p>Na wniosek Komorowskiego z Pa\u0142acu Prezydenckiego zabrano tak\u017ce \u201eBibliotek\u0119 Ks. Warszawskiego\u201d wart\u0105 6700 z\u0142, biurko\u00a0za\u00a07993 z\u0142\u00a0i szaf\u0119 biblioteczn\u0105\u00a0o warto\u015bci ponad 11\u00a0tys.\u00a0z\u0142.<\/p><p>Dokument zawieraj\u0105cy list\u0119 nosi dat\u0119 6 sierpnia 2015\u00a0roku, czyli dzie\u0144 zaprzysi\u0119\u017cenia Andrzeja Dudy.<\/p><p>Wed\u0142ug zarz\u0105dzenia Nr 14 Szefa Kancelarii\u00a0z 1996 roku\u00a0\u201ew\u00a0sprawie warunk\u00f3w techniczno &#8211; organizacyjnych oraz trybu przekazywania \u015brodk\u00f3w\u00a0na\u00a0utworzenie\u00a0i funkcjonowanie biur by\u0142ych prezydent\u00f3w\u201d Komorowski m\u00f3g\u0142 wypo\u017cyczy\u0107 by\u0142emu prezydentowi, czyli samemu sobie przedmioty\u00a0do \u201eurz\u0105dzenia\u201d swojego\u00a0biura.<\/p><p>wPolityce.pl \/ Kresy.pl","protected":false},"excerpt":{"rendered":"Wed\u0142ug listy przedmiot\u00f3w opublikowanej przez portal niezalezna.pl, by\u0142y prezydent Bronis\u0142aw Komorowski jeszcze w trakcie swojej kadencji sam sobie \u201ewypo\u017cyczy\u0142\u201d kilkaset przedmiot\u00f3w: wyposa\u017cenie biurowe, zabytkowe meble, a tak\u017ce \u017cyrandol.Przedmioty wywo\u017cono wg specjalnej listy do Pa\u0142acu Pod Blach\u0105, gdzie mie\u015bci si\u0119 Instytut Bronis\u0142awa Komorowskiego.Przeczytaj: 101 rzeczy znikn\u0119\u0142o z Pa\u0142acu PrezydenckiegoZ Kancelarii Prezydenta \u201ewypo\u017cyczono\u201d pe\u0142en przekr\u00f3j wyposa\u017cenia biurowego: [&hellip;]","protected":false},"author":1,"featured_media":0,"comment_status":"closed","ping_status":"closed","sticky":false,"template":"","format":"standard","meta":{"_acf_changed":false,"_monsterinsights_skip_tracking":false,"_monsterinsights_sitenote_active":false,"_monsterinsights_sitenote_note":"","_monsterinsights_sitenote_category":0,"ngg_post_thumbnail":0,"footnotes":"","_wp_rev_ctl_limit":""},"categories":[8],"tags":[114,92,144],"acf":[],"_links":{"self":[{"href":"https:\/\/www.bibula.com\/index.php?rest_route=\/wp\/v2\/posts\/83626"}],"collection":[{"href":"https:\/\/www.bibula.com\/index.php?rest_route=\/wp\/v2\/posts"}],"about":[{"href":"https:\/\/www.bibula.com\/index.php?rest_route=\/wp\/v2\/types\/post"}],"author":[{"embeddable":true,"href":"https:\/\/www.bibula.com\/index.php?rest_route=\/wp\/v2\/users\/1"}],"replies":[{"embeddable":true,"href":"https:\/\/www.bibula.com\/index.php?rest_route=%2Fwp%2Fv2%2Fcomments&post=83626"}],"version-history":[{"count":0,"href":"https:\/\/www.bibula.com\/index.php?rest_route=\/wp\/v2\/posts\/83626\/revisions"}],"wp:attachment":[{"href":"https:\/\/www.bibula.com\/index.php?rest_route=%2Fwp%2Fv2%2Fmedia&parent=83626"}],"wp:term":[{"taxonomy":"category","embeddable":true,"href":"https:\/\/www.bibula.com\/index.php?rest_route=%2Fwp%2Fv2%2Fcategories&post=83626"},{"taxonomy":"post_tag","embeddable":true,"href":"https:\/\/www.bibula.com\/index.php?rest_route=%2Fwp%2Fv2%2Ftags&post=83626"}],"curies":[{"name":"wp","href":"https:\/\/api.w.org\/{rel}","templated":true}]}}