{"id":83558,"date":"2015-09-29T09:59:03","date_gmt":"2015-09-29T13:59:03","guid":{"rendered":"http:\/\/www.bibula.com\/?p=83558"},"modified":"2015-09-29T09:59:03","modified_gmt":"2015-09-29T13:59:03","slug":"isakowicz-zaleski-kresowianie-do-premier-kopacz-w-sprawie-repatriacji-polakow","status":"publish","type":"post","link":"https:\/\/www.bibula.com\/?p=83558","title":{"rendered":"Isakowicz-Zaleski: Kresowianie do premier Kopacz w sprawie repatriacji Polak\u00f3w"},"content":{"rendered":"<p><strong>Oddalenie pro\u015bby Rodak\u00f3w z Mariupola traktujemy jako przejaw bezczelno\u015bci i arogancji w\u0142adzy. (\u2026) Prowadzona przez rz\u0105d Donalda Tuska oraz rz\u0105d kierowany przez Pani\u0105 polityka imigracyjna ma charakter wyra\u017anie antypolski, de facto bowiem realizowana jest pod has\u0142em: \u201eWszyscy, byleby tylko nie Polacy\u201d.<\/strong><\/p><p>Przesz\u0142o czterdzie\u015bci stowarzysze\u0144 skupionych w Patriotycznym Zwi\u0105zku Organizacji Kresowych i Kombatanckich, maj\u0105cym swoj\u0105 siedzib\u0119 w Warszawie, zwr\u00f3ci\u0142o si\u0119 do premier Ewy Kopacz z listem otwartym. List ten zawiera petycj\u0119 dotycz\u0105c\u0105 sprowadzenia do Polski tych naszych rodak\u00f3w i ich rodzin, kt\u00f3rzy w latach 30. i 40. ubieg\u0142ego wieku zostali deportowani przez w\u0142adze komunistyczne do cz\u0119\u015bci azjatyckiej \u00f3wczesnego Zwi\u0105zku Radzieckiego. Dzi\u015b jest to terytorium Rosji (Syberii) oraz Kazachstanu, Uzbekistanu i Kirgizji.<\/p><p>List ten, kt\u00f3ry dotyczy tak\u017ce Polak\u00f3w ze wschodniej Ukrainy, podpisa\u0142 w imieniu wszystkich organizacji Witold Listowski, prezes Zwi\u0105zku i prezes Stowarzyszenie Kresowian w K\u0119dzierzynie-Ko\u017alu, oraz dr hab. Leszek Jazownik, profesor Uniwersytetu Zielonog\u00f3rskiego. Ze wzgl\u0119du na wag\u0119 sprawy warto list ten przeczyta\u0107 w ca\u0142o\u015bci i rozpowszechni\u0107 na stronach internetowych i portalach spo\u0142eczno\u015bciowych. Tym bardziej, \u017ce media podporz\u0105dkowane tzw. poprawno\u015bci politycznej o takich sprawach milcz\u0105 jak zakl\u0119te.<\/p><p style=\"padding-left: 30px;\"><em>Szanowna Pani<\/em><\/p><p style=\"padding-left: 30px;\"><em>Ewa Kopacz<\/em><\/p><p style=\"padding-left: 30px;\"><em>Prezes Rady Ministr\u00f3w Rzeczypospolitej Polskiej<\/em><\/p><p style=\"padding-left: 30px;\"><em>W imieniu stowarzysze\u0144 skupionych w Patriotycznym Zwi\u0105zku Organizacji Kresowych i Kombatanckich stanowczo domagamy si\u0119 natychmiastowego umo\u017cliwienia przyjazdu do Polski Rodak\u00f3w zamieszka\u0142ych na wschodniej Ukrainie, a tak\u017ce podj\u0119cia dzia\u0142a\u0144 umo\u017cliwiaj\u0105cych w szybkim czasie sprowadzenie do naszego kraju polskich rodzin deportowanych w g\u0142\u0105b Zwi\u0105zku Sowieckiego oraz ich potomk\u00f3w. Z oburzeniem przyj\u0119li\u015bmy odrzucenie przez Ministerstwo Spraw Zagranicznych pro\u015bby skierowanej przez Polak\u00f3w zamieszka\u0142ych w Mariupolu o umo\u017cliwienie im przyjazdu do Polski. MSZ uzna\u0142o, \u017ce osoby polskiego pochodzenia, kt\u00f3re chc\u0105 ewakuacji, mieszkaj\u0105 blisko frontu, ale jednak jest to <\/em><em>teren w pe\u0142ni kontrolowany przez Ukrai\u0144c\u00f3w. Zorganizowanie wyjazdu Polakom by\u0142oby \u201epodwa\u017ceniem\u201d zdolno\u015bci do sprawowania przez Ukrain\u0119 kontroli nad jej terenami. Oddalenie pro\u015bby Rodak\u00f3w z Mariupola\u00a0 nie tylko uznajemy za wyraz dyktowanej serwilizmem nadmiernej troski o wra\u017cliwo\u015b\u0107 Ukrai\u0144c\u00f3w, ale przede wszystkim traktujemy jako przejaw bezczelno\u015bci i arogancji w\u0142adzy.<\/em><\/p><p style=\"padding-left: 30px;\"><em>Polacy maj\u0105 do\u015b\u0107 pokr\u0119tnej i szkodliwej dla Polski polityki uprawianej przez kolejne PO-wskie rz\u0105dy. W\u0119gry sprowadzi\u0142y ze Wschodu ponad 700 tys. swych obywateli. Polska za\u015b wci\u0105\u017c nie znajduje pieni\u0119dzy i mo\u017cliwo\u015bci, by umo\u017cliwi\u0107 powr\u00f3t \u00a0\u00a0\u00a0do Ojczyzny naszym Rodakom zza wschodnich granic. Tymczasem nie brakuje ani \u015brodk\u00f3w, ani woli politycznej, aby realizowa\u0107 przedsi\u0119wzi\u0119cia wysoce dyskusyjne\u00a0\u00a0\u00a0\u00a0\u00a0 z punktu widzenia polskiej racji stanu:<\/em><\/p><p style=\"padding-left: 30px;\"><em>1. Pod niemieck\u0105 presj\u0105, ale \u201ebez przymusu\u201d (jak tryumfalistycznie g\u0142osz\u0105 przedstawiciele w\u0142adzy) przyjmujemy rzesze uchod\u017ac\u00f3w z kraj\u00f3w muzu\u0142ma\u0144skich. Czynimy to w imi\u0119 solidarno\u015bci z pa\u0144stwami Unii Europejskiej; solidarno\u015bci, kt\u00f3rej nie wykazano za wiele, gdy Polska przyjmowa\u0142a ok. 90 tys. uchod\u017ac\u00f3w czecze\u0144skich oraz gdy dyskutowano o budowie Nord Stream I i II.<\/em><\/p><p style=\"padding-left: 30px;\"><em>Nawiasem m\u00f3wi\u0105c, charakterystyczne jest to, \u017ce Donald Tusk, wyst\u0119puj\u0105cy \u00a0\u00a0w Parlamencie Europejskim nie jako Polak, ale jako \u201ekaszubski S\u0142owianin\u201d, po raz kolejny nie potrafi\u0142 zidentyfikowa\u0107 si\u0119 z Polsk\u0105 i Polakami. Nawet nie zareagowa\u0142 na niemieckie \u00a0i austriackie pogr\u00f3\u017cki kierowane pod adresem rzekomo suwerennego pa\u0144stwa polskiego.<\/em><\/p><p style=\"padding-left: 30px;\"><em>2. Masowo przyznaje si\u0119 obywatelstwo polskie obywatelom Izraela, i to bez nak\u0142adanego na Polak\u00f3w ze Wschodu obowi\u0105zku znajomo\u015bci j\u0119zyka polskiego oraz polskiej historii i kultury. O skali tego procederu nie informuje si\u0119 polskiego spo\u0142ecze\u0144stwa. Znamienne, i\u017c rozdaje si\u0119 \u017bydom polskie obywatelstwo, mimo \u017ce nie istniej\u0105 podstawy, \u017ceby przypuszcza\u0107, i\u017c rz\u0105d Izraela utraci\u0142 zdolno\u015b\u0107 do zachowaniakontroli <\/em><em>nad administrowanymi przeze\u0144 terenami.\u00a0 Nie informuje si\u0119 tak\u017ce o polskim stanowisku wobec \u017cydowskiego ruchu roszczeniowego.<\/em><\/p><p style=\"padding-left: 30px;\"><em>3. W ostatnich trzech latach wpuszczono do Polski ok. 700 tys. obywateli Ukrainy, mimo \u017ce w kraju tym &#8211; nienale\u017c\u0105cym do Unii Europejskiej &#8211; nie og\u0142oszono nawet stanu wojennego i mimo \u017ce tylko niewielka cz\u0119\u015b\u0107 tego pa\u0144stwa obj\u0119ta jest konfliktem zbrojnym, co oznacza, \u017ce ma ono mo\u017cliwo\u015b\u0107 rozlokowania swych obywateli na w\u0142asnym terenie.<\/em><\/p><p style=\"padding-left: 30px;\"><em>Polska hojn\u0105 r\u0119k\u0105 rozdaje te\u017c pieni\u0105dze. Ostatnio, nie zwa\u017caj\u0105c na astronomicznej wielko\u015bci d\u0142ug publiczny (przekraczaj\u0105cy &#8211; wed\u0142ug za\u0142o\u017conej przez Leszka Balcerowicza Fundacji Forum Obywatelskiego Rozwoju &#8211; 4 biliony z\u0142otych), udzieli\u0142a Pani ukrai\u0144skim oligarchom na 10 lat w praktyce bezprocentowej po\u017cyczki w wysoko\u015bci 100 tys. euro.<\/em><\/p><p style=\"padding-left: 30px;\"><em>Prowadzona przez rz\u0105d Donalda Tuska oraz rz\u0105d kierowany przez Pani\u0105 polityka imigracyjna ma charakter wyra\u017anie antypolski, de facto bowiem realizowana jest pod has\u0142em: \u201eWszyscy, byleby tylko nie Polacy\u201d. Tego rodzaju polityka imigracyjna, id\u0105c w parze z urzeczywistnianym w Polsce programem depopulacji za po\u015brednictwem wymuszania emigracji zarobkowej, b\u0119dzie mia\u0142a d\u0142ugofalowe negatywne konsekwencje. Stanowczo domagamy si\u0119 zmiany tej polityki<\/em><\/p><p style=\"padding-left: 30px;\"><em>Polacy maj\u0105 prawo oczekiwa\u0107 od w\u0142adz pa\u0144stwowych realizacji dzia\u0142a\u0144 sprzyjaj\u0105cych powrotowi do kraju naszych Rodak\u00f3w, kt\u00f3rzy znale\u017ali si\u0119 poza Ojczyzn\u0105 w wyniku dziejowej zawieruchy, a sk\u0105din\u0105d tak\u017ce tych, kt\u00f3rzy opu\u015bcili nasz kraj w kolejnych falach emigracji zarobkowej.<\/em><\/p><p style=\"padding-left: 30px;\"><em>Z powa\u017caniem<\/em><\/p><p style=\"padding-left: 30px;\"><em>W imieniu Patriotycznego Zwi\u0105zku <\/em><em>Organizacji Kresowych i Kombatanckich<\/em><\/p><p style=\"padding-left: 30px;\"><em>Witold Listowski &#8211; prezes<\/em><\/p><p style=\"padding-left: 30px;\"><em>dr hab. Leszek Jazownik &#8211; wiceprezes<\/em><\/p><p>Za: Ks. T. Isakowicz-Zaleski. Onet.pl<\/p>","protected":false},"excerpt":{"rendered":"Oddalenie pro\u015bby Rodak\u00f3w z Mariupola traktujemy jako przejaw bezczelno\u015bci i arogancji w\u0142adzy. (\u2026) Prowadzona przez rz\u0105d Donalda Tuska oraz rz\u0105d kierowany przez Pani\u0105 polityka imigracyjna ma charakter wyra\u017anie antypolski, de facto bowiem realizowana jest pod has\u0142em: \u201eWszyscy, byleby tylko nie Polacy\u201d.Przesz\u0142o czterdzie\u015bci stowarzysze\u0144 skupionych w Patriotycznym Zwi\u0105zku Organizacji Kresowych i Kombatanckich, maj\u0105cym swoj\u0105 siedzib\u0119 w [&hellip;]","protected":false},"author":1,"featured_media":0,"comment_status":"closed","ping_status":"closed","sticky":false,"template":"","format":"standard","meta":{"_acf_changed":false,"_monsterinsights_skip_tracking":false,"_monsterinsights_sitenote_active":false,"_monsterinsights_sitenote_note":"","_monsterinsights_sitenote_category":0,"ngg_post_thumbnail":0,"footnotes":"","_wp_rev_ctl_limit":""},"categories":[215],"tags":[92,76,188],"acf":[],"_links":{"self":[{"href":"https:\/\/www.bibula.com\/index.php?rest_route=\/wp\/v2\/posts\/83558"}],"collection":[{"href":"https:\/\/www.bibula.com\/index.php?rest_route=\/wp\/v2\/posts"}],"about":[{"href":"https:\/\/www.bibula.com\/index.php?rest_route=\/wp\/v2\/types\/post"}],"author":[{"embeddable":true,"href":"https:\/\/www.bibula.com\/index.php?rest_route=\/wp\/v2\/users\/1"}],"replies":[{"embeddable":true,"href":"https:\/\/www.bibula.com\/index.php?rest_route=%2Fwp%2Fv2%2Fcomments&post=83558"}],"version-history":[{"count":0,"href":"https:\/\/www.bibula.com\/index.php?rest_route=\/wp\/v2\/posts\/83558\/revisions"}],"wp:attachment":[{"href":"https:\/\/www.bibula.com\/index.php?rest_route=%2Fwp%2Fv2%2Fmedia&parent=83558"}],"wp:term":[{"taxonomy":"category","embeddable":true,"href":"https:\/\/www.bibula.com\/index.php?rest_route=%2Fwp%2Fv2%2Fcategories&post=83558"},{"taxonomy":"post_tag","embeddable":true,"href":"https:\/\/www.bibula.com\/index.php?rest_route=%2Fwp%2Fv2%2Ftags&post=83558"}],"curies":[{"name":"wp","href":"https:\/\/api.w.org\/{rel}","templated":true}]}}