{"id":83403,"date":"2015-09-18T14:04:13","date_gmt":"2015-09-18T18:04:13","guid":{"rendered":"http:\/\/www.bibula.com\/?p=83403"},"modified":"2015-09-18T14:04:13","modified_gmt":"2015-09-18T18:04:13","slug":"uniwersytet-w-sztokholmie-portrety-starych-bialych-profesorow-zastapil-teczowy-los","status":"publish","type":"post","link":"https:\/\/www.bibula.com\/?p=83403","title":{"rendered":"Uniwersytet w Sztokholmie: portrety \u201estarych bia\u0142ych profesor\u00f3w&#8221; zast\u0105pi\u0142&#8230; t\u0119czowy \u0142o\u015b"},"content":{"rendered":"<p><strong>Polityczna poprawno\u015b\u0107 osi\u0105gn\u0119\u0142a w Szwecji wy\u017cszy stopie\u0144 absurdu. W\u0142adze wydzia\u0142u prawa sztokholmskiego uniwersytetu zadecydowa\u0142y o usuni\u0119ciu ze \u015bcian portret\u00f3w zas\u0142u\u017conych dla uczelni profesor\u00f3w. Powodem jest to, i\u017c ci \u201estarzy biali m\u0119\u017cczy\u017ani\u201d w niew\u0142a\u015bciwy spos\u00f3b ukazuj\u0105 histori\u0119 plac\u00f3wki naukowej i nie przystaj\u0105 do wsp\u00f3\u0142czesnej, wielokulturowej rzeczywisto\u015bci.<\/strong><\/p><p>Dziekan wydzia\u0142u prawa na Uniwersytety w Sztokholmie podj\u0105\u0142 decyzj\u0119, kt\u00f3ra zadziwi\u0142a nawet szwedzkie media. Jonas Ebbeson przeforsowa\u0142 decyzj\u0119 o usuni\u0119ciu ze \u015bcian uczelni portret\u00f3w zas\u0142u\u017conej dla jej historii naukowc\u00f3w. Jaka jest ich \u201ewina\u201d? Po pierwsze s\u0105 m\u0119\u017cczyznami, po drugie s\u0105 starzy, po trzecie s\u0105 biali, a przede wszystkim &#8211; nie ukazuj\u0105, jak t\u0142umaczy dziekan, \u201eistotnej historii\u201d uniwersytetu oraz nie przystaj\u0105 do rzeczywisto\u015bci opartej na tolerancji i wielokulturowo\u015bci.<\/p><p>Do szczeg\u00f3\u0142\u00f3w sprawy dotar\u0142 autor bloga krajwspanialy.pl.<\/p><p>&#8211; <em>Oczywi\u015bcie, wszyscy profesorowie wydzia\u0142u do 1970 roku byli bia\u0142ymi m\u0119\u017cczyznami i wielu z nich mia\u0142o du\u017ce znaczenie prowadzonych bada\u0144 naukowych, ale wa\u017cne jest, aby wszyscy pracownicy naukowi mog\u0105 czu\u0107 si\u0119 zaanga\u017cowani w prace wydzia\u0142u ni\u017c wisz\u0105ce dot\u0105d w salach konferencyjnych i wyk\u0142adowych portrety wybranych starszych koleg\u00f3w &#8211; m\u0119\u017cczyzn<\/em> &#8211; przekonuje Ebbeson.<\/p><p>Czy w miejscu portret\u00f3w pozosta\u0142y puste \u015bciany? Bynajmniej! Narodowa Rada Sztuki udzieli\u0142a uczelni konsultacji w celu wybrania \u201enajodpowiedniejszych\u201d \u201edzie\u0142\u201d. Znalaz\u0142a si\u0119 w\u015br\u00f3d nich podobizna\u2026 t\u0119czowego \u0142osia, symbolizuj\u0105cego w\u0142a\u015bnie wielokulturowo\u015b\u0107 i tolerancj\u0119 dla mniejszo\u015bci seksualnych.<\/p><p>\u0179r\u00f3d\u0142o: niezalezna.pl<\/p><p>FO<\/p>","protected":false},"excerpt":{"rendered":"Polityczna poprawno\u015b\u0107 osi\u0105gn\u0119\u0142a w Szwecji wy\u017cszy stopie\u0144 absurdu. W\u0142adze wydzia\u0142u prawa sztokholmskiego uniwersytetu zadecydowa\u0142y o usuni\u0119ciu ze \u015bcian portret\u00f3w zas\u0142u\u017conych dla uczelni profesor\u00f3w. Powodem jest to, i\u017c ci \u201estarzy biali m\u0119\u017cczy\u017ani\u201d w niew\u0142a\u015bciwy spos\u00f3b ukazuj\u0105 histori\u0119 plac\u00f3wki naukowej i nie przystaj\u0105 do wsp\u00f3\u0142czesnej, wielokulturowej rzeczywisto\u015bci.Dziekan wydzia\u0142u prawa na Uniwersytety w Sztokholmie podj\u0105\u0142 decyzj\u0119, kt\u00f3ra zadziwi\u0142a [&hellip;]","protected":false},"author":1,"featured_media":0,"comment_status":"closed","ping_status":"closed","sticky":false,"template":"","format":"standard","meta":{"_acf_changed":false,"_monsterinsights_skip_tracking":false,"ngg_post_thumbnail":0,"footnotes":"","_wp_rev_ctl_limit":""},"categories":[12],"tags":[26,25,205],"acf":[],"_links":{"self":[{"href":"https:\/\/www.bibula.com\/index.php?rest_route=\/wp\/v2\/posts\/83403"}],"collection":[{"href":"https:\/\/www.bibula.com\/index.php?rest_route=\/wp\/v2\/posts"}],"about":[{"href":"https:\/\/www.bibula.com\/index.php?rest_route=\/wp\/v2\/types\/post"}],"author":[{"embeddable":true,"href":"https:\/\/www.bibula.com\/index.php?rest_route=\/wp\/v2\/users\/1"}],"replies":[{"embeddable":true,"href":"https:\/\/www.bibula.com\/index.php?rest_route=%2Fwp%2Fv2%2Fcomments&post=83403"}],"version-history":[{"count":0,"href":"https:\/\/www.bibula.com\/index.php?rest_route=\/wp\/v2\/posts\/83403\/revisions"}],"wp:attachment":[{"href":"https:\/\/www.bibula.com\/index.php?rest_route=%2Fwp%2Fv2%2Fmedia&parent=83403"}],"wp:term":[{"taxonomy":"category","embeddable":true,"href":"https:\/\/www.bibula.com\/index.php?rest_route=%2Fwp%2Fv2%2Fcategories&post=83403"},{"taxonomy":"post_tag","embeddable":true,"href":"https:\/\/www.bibula.com\/index.php?rest_route=%2Fwp%2Fv2%2Ftags&post=83403"}],"curies":[{"name":"wp","href":"https:\/\/api.w.org\/{rel}","templated":true}]}}