{"id":83390,"date":"2015-09-18T13:46:13","date_gmt":"2015-09-18T17:46:13","guid":{"rendered":"http:\/\/www.bibula.com\/?p=83390"},"modified":"2015-09-18T13:46:13","modified_gmt":"2015-09-18T17:46:13","slug":"","status":"publish","type":"post","link":"https:\/\/www.bibula.com\/?p=83390","title":{"rendered":"Viktor Orban: W\u0119gry maj\u0105 wiele miejsca dla nielegalnych imigrant\u00f3w. W wi\u0119zieniach"},"content":{"rendered":"<p><strong>Premier W\u0119gier w wywiadzie dla dziennika \u201eLe Figaro\u201d potwierdzi\u0142, \u017ce jego kraj po umocnieniu granicy z Serbi\u0105 planuje zbudowa\u0107 podobny p\u0142ot od strony Chorwacji i Rumunii. Zdaniem Orbana dyskusja o \u201ekwotach\u201d jest zaproszeniem dla uchod\u017ac\u00f3w. Mamy tysi\u0105ce miejsc w wi\u0119zieniach dla tych, kt\u00f3rzy b\u0119d\u0105 pr\u00f3bowali nielegalnie przedosta\u0107 na W\u0119gry &#8211; powiedzia\u0142 lider Fideszu.<\/strong><\/p><p>&#8211; <em>Jeste\u015bmy jedynym krajem Unii, kt\u00f3ry w tej chwili powa\u017cnie traktuje postanowienie Uk\u0142adu z Schengen<\/em> &#8211; zauwa\u017cy\u0142 Viktor Orban w rozmowie z \u201eLe Figaro\u201d. Premier zwr\u00f3ci\u0142 uwag\u0119 na niepokoj\u0105ce doniesienia, jakoby na Stary Kontynent chcia\u0142o si\u0119 uda\u0107 nawet 100 milion\u00f3w obywateli Afryki i Azji. Je\u015bli dosz\u0142oby do tego, to rdzenni Europejczycy staliby si\u0119 mniejszo\u015bci\u0105 we w\u0142asnych krajach, a chrze\u015bcijanie zostaliby zdominowani przez muzu\u0142man\u00f3w. Lider Fideszu powiedzia\u0142, \u017ce W\u0119gry nie chc\u0105 i\u015b\u0107 drog\u0105 kraj\u00f3w Zachodu, gdzie obok siebie \u017cyj\u0105 niezintegrowane spo\u0142eczno\u015bci autochton\u00f3w i przybysz\u00f3w.<\/p><p>&#8211; <em>Muzu\u0142manie maj\u0105 zupe\u0142nie inne podej\u015bcie do \u017cycia. (\u2026) Je\u017celi my, chrze\u015bcijanie, pozwolimy muzu\u0142manom rywalizowa\u0107 z nami na naszym kontynencie, to zostaniemy wyprzedzeni liczbowo, to matematyczne<\/em> &#8211; zauwa\u017cy\u0142 premier W\u0119gier, zwracaj\u0105c uwag\u0119 na demografi\u0119 wyznawc\u00f3w islamu.<\/p><p>&#8211; <em>Mamy tysi\u0105ce miejsc w wi\u0119zieniach dla tych, kt\u00f3rzy b\u0119d\u0105 pr\u00f3bowali nielegalnie przedosta\u0107 si\u0119 z Serbii do W\u0119gier!<\/em> &#8211; ostrzeg\u0142 imigrant\u00f3w Wiktor Orban w rozmowie z \u201eLe Figaro\u201d.<\/p><p>\u0179r\u00f3d\u0142o: rmf24.pl<\/p><p>MW\u0142<\/p>","protected":false},"excerpt":{"rendered":"Premier W\u0119gier w wywiadzie dla dziennika \u201eLe Figaro\u201d potwierdzi\u0142, \u017ce jego kraj po umocnieniu granicy z Serbi\u0105 planuje zbudowa\u0107 podobny p\u0142ot od strony Chorwacji i Rumunii. Zdaniem Orbana dyskusja o \u201ekwotach\u201d jest zaproszeniem dla uchod\u017ac\u00f3w. Mamy tysi\u0105ce miejsc w wi\u0119zieniach dla tych, kt\u00f3rzy b\u0119d\u0105 pr\u00f3bowali nielegalnie przedosta\u0107 na W\u0119gry &#8211; powiedzia\u0142 lider Fideszu.&#8211; Jeste\u015bmy jedynym [&hellip;]","protected":false},"author":1,"featured_media":0,"comment_status":"closed","ping_status":"closed","sticky":false,"template":"","format":"standard","meta":{"_acf_changed":false,"_monsterinsights_skip_tracking":false,"_monsterinsights_sitenote_active":false,"_monsterinsights_sitenote_note":"","_monsterinsights_sitenote_category":0,"ngg_post_thumbnail":0,"footnotes":"","_wp_rev_ctl_limit":""},"categories":[6],"tags":[76,179],"acf":[],"_links":{"self":[{"href":"https:\/\/www.bibula.com\/index.php?rest_route=\/wp\/v2\/posts\/83390"}],"collection":[{"href":"https:\/\/www.bibula.com\/index.php?rest_route=\/wp\/v2\/posts"}],"about":[{"href":"https:\/\/www.bibula.com\/index.php?rest_route=\/wp\/v2\/types\/post"}],"author":[{"embeddable":true,"href":"https:\/\/www.bibula.com\/index.php?rest_route=\/wp\/v2\/users\/1"}],"replies":[{"embeddable":true,"href":"https:\/\/www.bibula.com\/index.php?rest_route=%2Fwp%2Fv2%2Fcomments&post=83390"}],"version-history":[{"count":0,"href":"https:\/\/www.bibula.com\/index.php?rest_route=\/wp\/v2\/posts\/83390\/revisions"}],"wp:attachment":[{"href":"https:\/\/www.bibula.com\/index.php?rest_route=%2Fwp%2Fv2%2Fmedia&parent=83390"}],"wp:term":[{"taxonomy":"category","embeddable":true,"href":"https:\/\/www.bibula.com\/index.php?rest_route=%2Fwp%2Fv2%2Fcategories&post=83390"},{"taxonomy":"post_tag","embeddable":true,"href":"https:\/\/www.bibula.com\/index.php?rest_route=%2Fwp%2Fv2%2Ftags&post=83390"}],"curies":[{"name":"wp","href":"https:\/\/api.w.org\/{rel}","templated":true}]}}