{"id":8339,"date":"2009-04-08T22:34:24","date_gmt":"2009-04-09T03:34:24","guid":{"rendered":"http:\/\/www.bibula.com\/?p=8339"},"modified":"2009-04-08T22:34:24","modified_gmt":"2009-04-09T03:34:24","slug":"muzulmanie-inaczej-rozumieja-gwalt-i-musimy-to-zrozumiec","status":"publish","type":"post","link":"https:\/\/www.bibula.com\/?p=8339","title":{"rendered":"Muzu\u0142manie &#8222;inaczej&#8221; rozumieja gwa\u0142t i musimy to zrozumie\u0107&#8230;"},"content":{"rendered":"<p><strong>Kolejny absurdalny wyrok s\u0105du w Niemczech. Lisa (46 lat), kt\u00f3ra wysz\u0142a za m\u0105\u017c za Egipcjanina wezwa\u0142a policyjna ochron\u0119 dla niej i dla 17 letniej c\u00f3rki, kiedy jej m\u0105\u017c zagrozi\u0142 c\u00f3rce \u015bmierci\u0105 gdy zosta\u0142a zgwa\u0142cona. Magdi, praktykuj\u0105cy muzu\u0142manin uwa\u017ca, \u017ce jego c\u00f3rka pope\u0142ni\u0142a &#8222;Zen\u0119&#8221; &#8211; cudzo\u0142\u00f3stwo. Powiedzia\u0142 swojej \u017conie, \u017ce zawsze by\u0142 podejrzliwy wobec swojej c\u00f3rki kt\u00f3ra otwarcie spotyka\u0142a sie ze swoim ch\u0142opakiem &#8211; Niemcem (a dok\u0142adnie &#8211; &#8222;Niemcem pochodzenia niemieckiego&#8221;). Lisa wnios\u0142a spraw\u0119 do s\u0105du i wezwa\u0142a do deportacji Magdiego. <\/strong><br \/>\r\n <br \/>\r\nTymczasem Matthias Rau, s\u0119dzia w Hanowerze stwierdzi\u0142 21 stycznia, \u017ce Lisa musi poczeka\u0107 co najmniej rok zanim uzyska rozw\u00f3d. Co wi\u0119cej &#8211; uzna\u0142, \u017ce jej m\u0105\u017c nie mo\u017ce zosta\u0107 deportowany, ale musi zosta\u0107 &#8222;reedukowany&#8221; w nadziei, \u017ce porzuci swoje dotychczasowe rozumowanie. Jednak nie to jest najbardziej groteskowe. S\u0119dzia uzna\u0142, \u017ce &#8222;muzu\u0142manie maj\u0105 inne rozumienie gwa\u0142tu ni\u017c Europejczycy i musi by\u0107 to wzi\u0119te pod uwag\u0119&#8221;. Wyja\u015bniaj\u0105c spraw\u0119 &#8222;zrozumienia&#8221; w wywiadzie dla niemieckiego radio, NDR powiedzia\u0142 18 lutego \u017ce &#8222;Wg szariatu gwa\u0142t to cudzo\u0142\u00f3stwo, Zena i ofiary &#8211; kobiety s\u0105 tam cz\u0119sto karane zamiast oprawc\u00f3w&#8221;. <br \/>\r\n <br \/>\r\n Inny s\u0119dzia, Helmut Wagner, tym razem w Essen orzek\u0142 2 marca, \u017ce muzu\u0142ma\u0144skie dziewczynki nie mog\u0105 by\u0107 zmuszane do wsp\u00f3lnych lekcji p\u0142ywania i nie musz\u0105 by\u0107 uczone teorii ewolucji w szko\u0142ach &#8222;te sprawy s\u0105 sprzeczne z islamem i te dziewczynki, w \u015bwietle wolno\u015bci religijnej nie mog\u0105 by\u0107 zmuszane do niczego, co jest sprzeczne z ich religi\u0105&#8221;.<br \/>\r\n <br \/>\r\n Swojej irytacji orzeczeniami s\u0119dzi\u00f3w nie kry\u0142 prokurator Generalny Niemiec &#8222;A je\u015bli muzu\u0142manin zabije kogo\u015b, kto pope\u0142ni apostazj\u0119? Wg koranu musi zosta\u0107 zabity. Czy s\u0119dzia uwolni\u0142by takiego cz\u0142owieka? Prokutator Generalny odni\u00f3s\u0142 si\u0119 tutaj do koranu, kt\u00f3ry w surze 4 wersie 89 stwierdza &#8222;je\u015bli oni (muzu\u0142manie) odwr\u00f3c\u0105 si\u0119 od islamu, to schwytajcie ich i zabijcie ich gdziekolwiek si\u0119 znajd\u0105, i nie bierzcie spo\u015br\u00f3d nich przyjaci\u00f3\u0142 ani pomocnik\u00f3w&#8221;. Prokurator poruszy\u0142 te\u017c kwestie poligamii i jej ewentualnej dopuszczalno\u015bci wg takiego rozumowania. &#8222;Wygl\u0105da na to, \u017ce niemieckie s\u0105dy w tych sprawach chc\u0105 by\u0107 bardziej kr\u00f3lewskie od kr\u00f3la i bardziej papieskie od papie\u017ca&#8221; &#8211; komentuje prokurator.<br \/>\r\n <br \/>\r\n To jednak nie koniec absurd\u00f3w niemieckiego s\u0105downictwa. 12 lutego Hans-Dieter Bachmann orzek\u0142, \u017ce muzu\u0142ma\u0144ski ojciec mo\u017ce bi\u0107 swoj\u0105 c\u00f3rk\u0119 kt\u00f3ra odm\u00f3wi\u0142a noszenia chusty i nie mo\u017ce by\u0107 ukarany. Wskaza\u0142 wtedy nie przepis niemieckiego prawa, ale cytat z koranu, \u017ce m\u0119czyzna jest odpowiedzialny za kobiet\u0119, a kobieta wdzi\u0119cznie s\u0142ucha tych polece\u0144, bo taka jest wola Allaha (sura 4 o kobietach).<br \/>\r\n <br \/>\r\n Te sprawy uzyska\u0142y mniej rozg\u0142osu w mediach od s\u0142ynnej sprawy z 2007 roku, kiedy to s\u0119dzia we Frankfurcie, r\u00f3wnie\u017c cytuj\u0105c koran zamiast paragrafu 1565 Niemieckiego Prawa Federalnego uzna\u0142a, \u017ce m\u0105\u017c mo\u017ce bi\u0107 kobiet\u0119.<br \/>\r\n <br \/>\r\n Andrea Bramschem, prawniczka ze Stuttgartu w wywiadzie dla Die Zeit 19 lutego powiedzia\u0142a, \u017ce jest zszkokowana tymi wydarzeniami &#8222;Co si\u0119 dzieje w niemieckich s\u0105dach? Czy my mamy tutaj Arabie Saudyjsk\u0105 albo Iran? Nawet niekt\u00f3re kraje muzu\u0142ma\u0144skie s\u0105 bardziej \u015bwieckie od nas. W Syrii, Libanie, Tunezji obowi\u0105zuj\u0105 pozosta\u0142o\u015bci po kodeksie Napoleona. A u nas? Czy saudyjski s\u0119dzia uzna \u017ce Niemiec mo\u017ce pi\u0107 alkohol w Arabii Saudyjskiej bo Biblia mu na to pozwala?&#8221;<br \/>\r\n <br \/>\r\n Ale te sprawy nie dotycz\u0105 tylko s\u0105downictwa. Dyrektor szko\u0142y w Detmold uzna\u0142, \u017ce muzu\u0142ma\u0144skie dzieci mo\u017cna uczy\u0107 teorii kreacjonizmu jako alternatywy wobec teorii ewolucji.<br \/>\r\n <br \/>\r\n B.N.<\/p>\r\n\r\n<p>Za: <a href=\"http:\/\/europa21.pl\/\" target=\"_blank\">Europa21<\/a><\/p>\r\n\r\n<p><br class=\"spacer_\" \/><\/p>","protected":false},"excerpt":{"rendered":"Kolejny absurdalny wyrok s\u0105du w Niemczech. Lisa (46 lat), kt\u00f3ra wysz\u0142a za m\u0105\u017c za Egipcjanina wezwa\u0142a policyjna ochron\u0119 dla niej i dla 17 letniej c\u00f3rki, kiedy jej m\u0105\u017c zagrozi\u0142 c\u00f3rce \u015bmierci\u0105 gdy zosta\u0142a zgwa\u0142cona. Magdi, praktykuj\u0105cy muzu\u0142manin uwa\u017ca, \u017ce jego c\u00f3rka pope\u0142ni\u0142a &#8222;Zen\u0119&#8221; &#8211; cudzo\u0142\u00f3stwo. Powiedzia\u0142 swojej \u017conie, \u017ce zawsze by\u0142 podejrzliwy wobec swojej c\u00f3rki [&hellip;]","protected":false},"author":1,"featured_media":0,"comment_status":"closed","ping_status":"closed","sticky":false,"template":"","format":"standard","meta":{"_acf_changed":false,"_monsterinsights_skip_tracking":false,"_monsterinsights_sitenote_active":false,"_monsterinsights_sitenote_note":"","_monsterinsights_sitenote_category":0,"ngg_post_thumbnail":0,"footnotes":"","_wp_rev_ctl_limit":""},"categories":[6],"tags":[23,70],"acf":[],"_links":{"self":[{"href":"https:\/\/www.bibula.com\/index.php?rest_route=\/wp\/v2\/posts\/8339"}],"collection":[{"href":"https:\/\/www.bibula.com\/index.php?rest_route=\/wp\/v2\/posts"}],"about":[{"href":"https:\/\/www.bibula.com\/index.php?rest_route=\/wp\/v2\/types\/post"}],"author":[{"embeddable":true,"href":"https:\/\/www.bibula.com\/index.php?rest_route=\/wp\/v2\/users\/1"}],"replies":[{"embeddable":true,"href":"https:\/\/www.bibula.com\/index.php?rest_route=%2Fwp%2Fv2%2Fcomments&post=8339"}],"version-history":[{"count":0,"href":"https:\/\/www.bibula.com\/index.php?rest_route=\/wp\/v2\/posts\/8339\/revisions"}],"wp:attachment":[{"href":"https:\/\/www.bibula.com\/index.php?rest_route=%2Fwp%2Fv2%2Fmedia&parent=8339"}],"wp:term":[{"taxonomy":"category","embeddable":true,"href":"https:\/\/www.bibula.com\/index.php?rest_route=%2Fwp%2Fv2%2Fcategories&post=8339"},{"taxonomy":"post_tag","embeddable":true,"href":"https:\/\/www.bibula.com\/index.php?rest_route=%2Fwp%2Fv2%2Ftags&post=8339"}],"curies":[{"name":"wp","href":"https:\/\/api.w.org\/{rel}","templated":true}]}}