{"id":83186,"date":"2015-09-06T09:25:10","date_gmt":"2015-09-06T13:25:10","guid":{"rendered":"http:\/\/www.bibula.com\/?p=83186"},"modified":"2020-09-19T17:29:08","modified_gmt":"2020-09-19T21:29:08","slug":"83186","status":"publish","type":"post","link":"https:\/\/www.bibula.com\/?p=83186","title":{"rendered":"Mi\u0142y gest Franciszka wzgl\u0119dem FSSPX"},"content":{"rendered":"<p><strong>W Ko\u015bciele Posoborowym trwaj\u0105 przygotowania do Roku Mi\u0142osierdzia, kt\u00f3ry ma si\u0119 rozpocz\u0105\u0107 w uroczysto\u015b\u0107 Niepokalanego Pocz\u0119cia NMP, czyli 8 grudnia. Z tej to przyczyny Franciszek napisa\u0142 <span style=\"text-decoration: underline;\"><a href=\"http:\/\/press.vatican.va\/content\/salastampa\/en\/bollettino\/pubblico\/2015\/09\/01\/0637\/01386.html#polac\">list<\/a><\/span> zawieraj\u0105cy kilka wskaz\u00f3wek duszpasterskich. Dwie najwa\u017cniejsze my\u015bli Papie\u017ca s\u0105 szeroko komentowane. I co zaskakuj\u0105ce (do czego to dosz\u0142o, \u017ce nie krytykujemy Franciszka ?!), obie bezdyskusyjnie s\u0142uszne.<\/strong> <br \/>\r\n<br \/>\r\nFranciszek postanowi\u0142, by podczas Roku Mi\u0142osierdzia ka\u017cdy kap\u0142an m\u00f3g\u0142 rozgrzesza\u0107 kobiety spowiadaj\u0105ce si\u0119 z grzechu aborcji. Czyn ten wed\u0142ug prawa kanonicznego stanowi grzech zastrze\u017cony biskupowi, tj. w normalnych okoliczno\u015bciach mo\u017ce z niego rozgrzesza\u0107 wy\u0142\u0105cznie ordynariusz lub delegowani przeze\u0144 kap\u0142ani. Zakres delegacyj biskupich zale\u017cy od diecezji, co nie jest jasne ani przejrzyste dla wiernych. Jeden biskup upowa\u017cnia do rozgrzeszenia niemal wszystkich kap\u0142an\u00f3w (np. posiadaj\u0105cych pi\u0119cioletni sta\u017c kap\u0142a\u0144stwa), inny &#8211; jedynie wybranych pra\u0142at\u00f3w. Oczywi\u015bcie decyzja Franciszka nie wp\u0142ywa na pozosta\u0142e warunki sakramentu pokuty, to jest rachunek sumienia, \u017cal za grzechy, postanowienie poprawy, zado\u015b\u0107uczynienie Bogu i bli\u017aniemu. <br \/>\r\n<br \/>\r\nDrugie postanowienie Franciszka jest szczeg\u00f3lnie interesuj\u0105ce dla tradycjonalist\u00f3w. Na Rok Mi\u0142osierdzia Papie\u017c jednostronnie udziela w\u0142adzy administrowania sakramentu pokuty kap\u0142anom nale\u017c\u0105cym do Bractwa \u015bw. Piusa X: <br \/>\r\n<br \/>\r\n<i><\/i><\/p>\r\n<blockquote>Ten Jubileuszowy Rok Mi\u0142osierdzia nie wyklucza nikogo. Niekt\u00f3rzy wsp\u00f3\u0142bracia biskupi z r\u00f3\u017cnych stron opowiadali mi o ich dobrej wierze i praktykowaniu sakrament\u00f3w, z czym \u0142\u0105czy si\u0119 jednak dyskomfort \u017cycia w trudnej z duszpasterskiego punktu widzenia sytuacji. Ufam, \u017ce w bliskiej przysz\u0142o\u015bci b\u0119dzie mo\u017cna znale\u017a\u0107 rozwi\u0105zania pozwalaj\u0105ce przywr\u00f3ci\u0107 pe\u0142n\u0105 jedno\u015b\u0107 z kap\u0142anami i prze\u0142o\u017conymi Bractwa. Tymczasem, powodowany potrzeb\u0105 zabiegania o dobro tych wiernych, rozporz\u0105dzam i postanawiam, \u017ce osoby, kt\u00f3re w Roku \u015awi\u0119tym Mi\u0142osierdzia przyst\u0105pi\u0105 do Sakramentu Pojednania u kap\u0142an\u00f3w z Bractwa \u015bw. Piusa X, otrzymaj\u0105 wa\u017cne i zgodne z prawem rozgrzeszenie.<\/blockquote>\r\n<p>Nie widz\u0119 powod\u00f3w do tryumfu w zwi\u0105zku z t\u0105 decyzj\u0105, gdy\u017c zawsze by\u0142em przekonany co do wa\u017cno\u015bci i godziwo\u015bci spowiedzi u Piusowc\u00f3w. Ale z pewno\u015bci\u0105 sporo dobrych katolik\u00f3w mia\u0142o w\u0105tpliwo\u015bci w tej sprawie, a teraz si\u0119 ich pozb\u0119dzie. B\u0119dzie uczestniczy\u0107 we Mszach celebrowanych przez kap\u0142an\u00f3w Bractwa, kupi jego publikacje i je przeczyta, a mo\u017ce kiedy\u015b skorzysta ze spowiedzi, kt\u00f3re mia\u0142 na my\u015bli Franciszek. <br \/>\r\n<br \/>\r\nA poniewa\u017c wiemy, \u017ce prowizorki s\u0105 najtrwalsze, nie tylko w Polsce, to chyba mo\u017cemy za\u0142o\u017cy\u0107, i\u017c status FSSPX nie pogorszy si\u0119 po zako\u0144czeniu Roku Mi\u0142osierdzia, czyli w nocy z 20 na 21 listopada 2016 r. By\u0142oby to zreszt\u0105 bardzo \u2026 niemi\u0142osierne. <br \/>\r\n<br \/>\r\nJakie mog\u0105 by\u0107 dalsze konsekwencje zwyk\u0142ego papieskiego listu ? Ano cho\u0107by takie, \u017ce i ksi\u0119\u017com diecezjalnym i zakonnym, kt\u00f3rych prze\u0142o\u017ceni zmuszaj\u0105 do zachowa\u0144 sprzecznych z wiar\u0105 (np. ograniczanie praw zapisanych w Summorum Pontificum, odprawianie Nowej Mszy, udzielanie Komunii \u015aw. na r\u0119k\u0119, udzia\u0142 w spotkania mi\u0119dzyreligijnych itp.) by\u0142oby \u0142atwiej oddawa\u0107 si\u0119 pod opiek\u0119 duchow\u0105 Bractwa, w kt\u00f3rego kary kanoniczne wierzyliby ju\u017c tylko najg\u0142upsi moderni\u015bci. <br \/>\r\n<br \/>\r\nA skoro ju\u017c ich wspomnieli\u015bmy \u2026 Poniewa\u017c strony szkodliwe nale\u017cy monitorowa\u0107 i pi\u0119tnowa\u0107, ponownie zajrza\u0142em do nieszcz\u0119\u015bnik\u00f3w prowadz\u0105cych bloga pod szczytn\u0105 nazw\u0105 \u201eW obronie tradycji i wiary\u201d. Wci\u0105\u017c nie wida\u0107 reakcji <span style=\"text-decoration: underline;\"><a href=\"http:\/\/przedsoborowy.blogspot.com\/2015\/08\/internetowy-paszkwil-na-bractwo-sw.html\">na wpis M\u0142ota<\/a><\/span>, ale za to b\u0142yskawicznie pojawi\u0142a si\u0119 <span style=\"text-decoration: underline;\"><a href=\"https:\/\/wobronietradycjiiwiary.wordpress.com\/2015\/09\/01\/papiez-udziela-fsspx-jurysdykcji-spowiedzi-na-rok-milosierdzia-lub-balaganu-ciag-dalszy\/\">analiza po\u015bwi\u0119cona s\u0142owom Franciszka<\/a><\/span> na temat FSSPX. <br \/>\r\n<br \/>\r\nNiestety, temat FSSPX ponownie przer\u00f3s\u0142 naszego specjalist\u0119. Do\u015b\u0107 powiedzie\u0107, \u017ce go\u015b\u0107 nieprawid\u0142owo zinterpretowa\u0142 nawet \u2026 termin, od jakiego Franciszek legalizuje spowied\u017a dokonywan\u0105 przez kap\u0142an\u00f3w FSSPX. On twierdzi, \u017ce dzieje si\u0119 tak od daty publikacji papieskiego listu (1 wrze\u015bnia 2015) podczas gdy jego Autor wyra\u017anie odnosi\u0142 si\u0119 do okresu 8 grudnia 2015 &#8211; 20 listopada 2016 r. Wi\u0119kszo\u015b\u0107 wpisu stanowi\u0105 bzdury, kt\u00f3re wymagaj\u0105 analizy psychologicznej lub psychiatrycznej, ale na pewno nie teologicznej: <br \/>\r\n<br \/>\r\n<i><\/i><\/p>\r\n<blockquote>Dlaczego wi\u0119c papie\u017c Franciszek udzieli\u0142 tego przywileju? \u0179eby m\u0105ci\u0107, bo innych sensownych wyja\u015bnie\u0144 nie ma. A co z tego wynika:<br \/>\r\n1. Policzek dla miejscowej hierarchii ko\u015bcielnej.<br \/>\r\n2. Zam\u0119t w\u015br\u00f3d zwyk\u0142ych katolik\u00f3w.<br \/>\r\n3. Zam\u0119t w\u015br\u00f3d kanonist\u00f3w.<br \/>\r\n4. Zam\u0119t w\u015br\u00f3d wiernych Bractwa.<br \/>\r\n5. Zam\u0119t w\u015br\u00f3d tradycjonalist\u00f3w.<br \/>\r\n6. Przypuszczalny podzia\u0142 Bractwa.<br \/>\r\n7. Rado\u015b\u0107 sedewakantyst\u00f3w.<\/blockquote>\r\n<p><i><\/i> <br \/>\r\n<br \/>\r\nOto, do czego prowadz\u0105 za\u015blepienie i nienawi\u015b\u0107. <b>Wszyscy katolicy dobrej woli powinni cieszy\u0107 si\u0119 z decyzji Papie\u017ca Franciszka i wspiera\u0107 go modlitw\u0105, by podtrzyma\u0142 t\u0119 pass\u0119 na czas prac synodu na temat zagro\u017ce\u0144 rodziny. <\/b><\/p>\r\n<p><strong><em>Krusejder<\/em><\/strong><\/p>","protected":false},"excerpt":{"rendered":"W Ko\u015bciele Posoborowym trwaj\u0105 przygotowania do Roku Mi\u0142osierdzia, kt\u00f3ry ma si\u0119 rozpocz\u0105\u0107 w uroczysto\u015b\u0107 Niepokalanego Pocz\u0119cia NMP, czyli 8 grudnia. Z tej to przyczyny Franciszek napisa\u0142 list zawieraj\u0105cy kilka wskaz\u00f3wek duszpasterskich. Dwie najwa\u017cniejsze my\u015bli Papie\u017ca s\u0105 szeroko komentowane. I co zaskakuj\u0105ce (do czego to dosz\u0142o, \u017ce nie krytykujemy Franciszka ?!), obie bezdyskusyjnie s\u0142uszne. Franciszek postanowi\u0142, [&hellip;]","protected":false},"author":2,"featured_media":0,"comment_status":"closed","ping_status":"closed","sticky":false,"template":"","format":"standard","meta":{"_acf_changed":false,"_monsterinsights_skip_tracking":false,"_monsterinsights_sitenote_active":false,"_monsterinsights_sitenote_note":"","_monsterinsights_sitenote_category":0,"ngg_post_thumbnail":0,"footnotes":"","_wp_rev_ctl_limit":""},"categories":[3],"tags":[94,301,32],"acf":[],"_links":{"self":[{"href":"https:\/\/www.bibula.com\/index.php?rest_route=\/wp\/v2\/posts\/83186"}],"collection":[{"href":"https:\/\/www.bibula.com\/index.php?rest_route=\/wp\/v2\/posts"}],"about":[{"href":"https:\/\/www.bibula.com\/index.php?rest_route=\/wp\/v2\/types\/post"}],"author":[{"embeddable":true,"href":"https:\/\/www.bibula.com\/index.php?rest_route=\/wp\/v2\/users\/2"}],"replies":[{"embeddable":true,"href":"https:\/\/www.bibula.com\/index.php?rest_route=%2Fwp%2Fv2%2Fcomments&post=83186"}],"version-history":[{"count":2,"href":"https:\/\/www.bibula.com\/index.php?rest_route=\/wp\/v2\/posts\/83186\/revisions"}],"predecessor-version":[{"id":118177,"href":"https:\/\/www.bibula.com\/index.php?rest_route=\/wp\/v2\/posts\/83186\/revisions\/118177"}],"wp:attachment":[{"href":"https:\/\/www.bibula.com\/index.php?rest_route=%2Fwp%2Fv2%2Fmedia&parent=83186"}],"wp:term":[{"taxonomy":"category","embeddable":true,"href":"https:\/\/www.bibula.com\/index.php?rest_route=%2Fwp%2Fv2%2Fcategories&post=83186"},{"taxonomy":"post_tag","embeddable":true,"href":"https:\/\/www.bibula.com\/index.php?rest_route=%2Fwp%2Fv2%2Ftags&post=83186"}],"curies":[{"name":"wp","href":"https:\/\/api.w.org\/{rel}","templated":true}]}}