{"id":83184,"date":"2015-09-06T14:22:19","date_gmt":"2015-09-06T18:22:19","guid":{"rendered":"http:\/\/www.bibula.com\/?p=83184"},"modified":"2015-09-06T14:22:19","modified_gmt":"2015-09-06T18:22:19","slug":"papiez-franciszek-kazda-parafia-zakon-klasztor-i-sanktuarium-powinny-przyjac-uchodzcow","status":"publish","type":"post","link":"https:\/\/www.bibula.com\/?p=83184","title":{"rendered":"Papie\u017c Franciszek: Ka\u017cda parafia, zakon, klasztor i sanktuarium powinny przyj\u0105\u0107 uchod\u017ac\u00f3w"},"content":{"rendered":"<p><strong>Podczas niedzielnej modlitwy Anio\u0142 Pa\u0144ski papie\u017c Franciszek zaapelowa\u0142 do katolickich wsp\u00f3lnot na ca\u0142ym \u015bwiecie, aby przyjmowa\u0142y rodziny uchod\u017ac\u00f3w z Bliskiego Wschodu. \u201eZwracam si\u0119 do moich braci biskup\u00f3w Europy, a\u017ceby w swoich diecezjach wspierali ten m\u00f3j apel, przypominaj\u0105c, \u017ce mi\u0142osierdzie jest drugim imieniem mi\u0142o\u015bci\u201d &#8211; powiedzia\u0142 Ojciec \u015awi\u0119ty. Sam zapowiedzia\u0142, \u017ce Watykan przyjmie dwie rodziny.<\/strong><\/p><p>&#8211; <em>W obliczu tragedii dziesi\u0105tek tysi\u0119cy uchod\u017ac\u00f3w, kt\u00f3rzy uciekaj\u0105 przed \u015bmierci\u0105 z powodu wojny i g\u0142odu i znajduj\u0105 si\u0119 w marszu ku nadziei na \u017cycie, Ewangelia wzywa nas, by\u015bmy byli bli\u017animi najmniejszych i opuszczonych, by\u015bmy dali im konkretn\u0105 nadziej\u0119, a nie m\u00f3wili tylko: Odwagi, cierpliwo\u015bci!<\/em> &#8211; m\u00f3wi\u0142 papie\u017c podczas niedzielnej modlitwy Anio\u0142 Pa\u0144ski na Placu \u015awi\u0119tego Piotra.<\/p><p>Ojciec \u015awi\u0119ty odni\u00f3s\u0142 te s\u0142owa do sytuacji imigrant\u00f3w z Bliskiego Wschodu. &#8211; <em>Dlatego w zwi\u0105zku ze zbli\u017caniem si\u0119 Jubileuszu Mi\u0142osierdzia kieruj\u0119 apel do parafii, wsp\u00f3lnot zakonnych, do klasztor\u00f3w i sanktuari\u00f3w w ca\u0142ej Europie o konkretne wyra\u017cenie Ewangelii i przyj\u0119cie po jednej rodzinie uchod\u017ac\u00f3w<\/em> &#8211; zaapelowa\u0142 papie\u017c. &#8211; <em>To konkretny gest w ramach przygotowa\u0144 do Roku \u015awi\u0119tego<\/em> &#8211; doda\u0142.<\/p><p>&#8211; <em>Zwracam si\u0119 do moich braci biskup\u00f3w Europy, a\u017ceby w swoich diecezjach wspierali ten m\u00f3j apel, przypominaj\u0105c, \u017ce mi\u0142osierdzie jest drugim imieniem mi\u0142o\u015bci<\/em> &#8211; powiedzia\u0142 Franciszek. Sam za\u015b zapowiedzia\u0142, i\u017c Watykan przyjmie w najbli\u017cszych dniach dwie rodziny uchod\u017ac\u00f3w.<\/p><p>W podobnym wypowiedzia\u0142 si\u0119 abp Stanis\u0142aw G\u0105decki. &#8211; <em>Trzeba, \u017ceby ka\u017cda parafia przygotowa\u0142a miejsce dla tych ludzi, kt\u00f3rzy s\u0105 prze\u015bladowani, kt\u00f3rzy przyjad\u0105 tutaj, oczekuj\u0105c pomocnej r\u0119ki i tego braterstwa, kt\u00f3rego gdzie indziej nie znajduj\u0105<\/em> &#8211; zadeklarowa\u0142 w niedziel\u0119 hierarcha.<\/p><p>\u0179r\u00f3d\u0142o: tvn24.pl<\/p><p>FO<\/p>","protected":false},"excerpt":{"rendered":"Podczas niedzielnej modlitwy Anio\u0142 Pa\u0144ski papie\u017c Franciszek zaapelowa\u0142 do katolickich wsp\u00f3lnot na ca\u0142ym \u015bwiecie, aby przyjmowa\u0142y rodziny uchod\u017ac\u00f3w z Bliskiego Wschodu. \u201eZwracam si\u0119 do moich braci biskup\u00f3w Europy, a\u017ceby w swoich diecezjach wspierali ten m\u00f3j apel, przypominaj\u0105c, \u017ce mi\u0142osierdzie jest drugim imieniem mi\u0142o\u015bci\u201d &#8211; powiedzia\u0142 Ojciec \u015awi\u0119ty. Sam zapowiedzia\u0142, \u017ce Watykan przyjmie dwie rodziny.&#8211; W [&hellip;]","protected":false},"author":1,"featured_media":0,"comment_status":"closed","ping_status":"closed","sticky":false,"template":"","format":"standard","meta":{"_acf_changed":false,"_monsterinsights_skip_tracking":false,"_monsterinsights_sitenote_active":false,"_monsterinsights_sitenote_note":"","_monsterinsights_sitenote_category":0,"ngg_post_thumbnail":0,"footnotes":"","_wp_rev_ctl_limit":""},"categories":[3],"tags":[301,92,76,70,33],"acf":[],"_links":{"self":[{"href":"https:\/\/www.bibula.com\/index.php?rest_route=\/wp\/v2\/posts\/83184"}],"collection":[{"href":"https:\/\/www.bibula.com\/index.php?rest_route=\/wp\/v2\/posts"}],"about":[{"href":"https:\/\/www.bibula.com\/index.php?rest_route=\/wp\/v2\/types\/post"}],"author":[{"embeddable":true,"href":"https:\/\/www.bibula.com\/index.php?rest_route=\/wp\/v2\/users\/1"}],"replies":[{"embeddable":true,"href":"https:\/\/www.bibula.com\/index.php?rest_route=%2Fwp%2Fv2%2Fcomments&post=83184"}],"version-history":[{"count":0,"href":"https:\/\/www.bibula.com\/index.php?rest_route=\/wp\/v2\/posts\/83184\/revisions"}],"wp:attachment":[{"href":"https:\/\/www.bibula.com\/index.php?rest_route=%2Fwp%2Fv2%2Fmedia&parent=83184"}],"wp:term":[{"taxonomy":"category","embeddable":true,"href":"https:\/\/www.bibula.com\/index.php?rest_route=%2Fwp%2Fv2%2Fcategories&post=83184"},{"taxonomy":"post_tag","embeddable":true,"href":"https:\/\/www.bibula.com\/index.php?rest_route=%2Fwp%2Fv2%2Ftags&post=83184"}],"curies":[{"name":"wp","href":"https:\/\/api.w.org\/{rel}","templated":true}]}}