{"id":83085,"date":"2015-08-24T11:32:25","date_gmt":"2015-08-24T15:32:25","guid":{"rendered":"http:\/\/www.bibula.com\/?p=83085"},"modified":"2015-08-24T11:31:32","modified_gmt":"2015-08-24T15:31:32","slug":"slowackie-msw-jestesmy-krajem-bez-meczetu-i-tak-pozostanie-przyjmiemy-tylko-imigrantow-chrzescijan","status":"publish","type":"post","link":"https:\/\/www.bibula.com\/?p=83085","title":{"rendered":"S\u0142owackie MSW: jeste\u015bmy krajem bez meczetu i tak pozostanie. Przyjmiemy tylko imigrant\u00f3w-chrze\u015bcijan"},"content":{"rendered":"<p><strong>Rz\u0105d w Bratys\u0142awie zgodzi\u0142 si\u0119 na przyj\u0119cie niewielkiej liczby imigrant\u00f3w. Jednak w rachub\u0119 wchodz\u0105 wy\u0142\u0105cznie chrze\u015bcijanie. Zgodnie z unijnymi porozumieniami na S\u0142owacj\u0119 trafi 200 os\u00f3b pochodz\u0105cych z kraj\u00f3w islamskich przebywaj\u0105cych obecnie w Turcji i Grecji. <\/strong><\/p><p>Rzecznik s\u0142owackiego Ministerstwa Spraw Wewn\u0119trznych, Ivan Metik, o\u015bwiadczy\u0142, \u017ce gdyby jego kraj przyjmowa\u0142 imigrant\u00f3w-muzu\u0142man\u00f3w, to ci nie czuli by si\u0119 jak u siebie. <em>&#8211; S\u0142owacja to jedyny kraj w Europie, kt\u00f3ry nie posiada meczetu. Nie ma te\u017c muzu\u0142man\u00f3w. Zacz\u0119\u0142o by si\u0119 od protest\u00f3w z ich strony, a nie od jakichkolwiek pr\u00f3b integracji\u201d<\/em> &#8211; zauwa\u017cy\u0142 Metik.<\/p><p>Agencja do spraw Uchod\u017ac\u00f3w Organizacji Narod\u00f3w Zjednoczonych wezwa\u0142a S\u0142owacj\u0119, aby kraj ten \u201estosowa\u0142 bardziej integracyjne podej\u015bcie do kwestii relokacji\u201d. S\u0142owacki rzecznik zaprzecza jakoby decyzja jego rz\u0105du mia\u0142a cokolwiek wsp\u00f3lnego z dyskryminacj\u0105. <em>&#8211; Byli\u015bmy i jeste\u015bmy jedynie krajem tranzytowym. Na d\u0142u\u017cej przyjmiemy tylko chrze\u015bcijan i to w ilo\u015bci proporcjonalnej do liczby mieszka\u0144c\u00f3w naszego kraju <\/em>&#8211; stwierdzi\u0142 rzecznik s\u0142owackiego MSW.<em> <br \/><\/em><\/p><p>Postawa Bratys\u0142awy niepokoi rzecznik Komisji Europejskiej, kt\u00f3ra nie chce dopu\u015bci\u0107 do roz\u0142amu w imigracyjnej polityce UE. Bratys\u0142awa w ostatnich tygodniach sta\u0142a si\u0119 aren\u0105 licznych, jak na warunki s\u0142owackie, demonstracji i marsz\u00f3w przeciwko islamizacji. Protesty by\u0142y na tyle gwa\u0142towne, \u017ce w\u0142adze musia\u0142y zatrzyma\u0107 dziesi\u0105tki os\u00f3b.<\/p><p>Podobnie do tego sp\u0119dzaj\u0105cego sen z powiek Europejczyk\u00f3w problemu podchodz\u0105 tak\u017ce Czesi. W obu krajach internetowe media spo\u0142eczno\u015bciowe grzmi\u0105 coraz mocniejszymi has\u0142ami. Do naj\u0142agodniejszych nale\u017c\u0105: \u201eS\u0142owacja dla S\u0142owak\u00f3w\u201d, \u201eS\u0142owacja to nie Afryka\u201d czy \u201eRazem przeciwko dyktatowi Brukseli!\u201d.<\/p><p>Przypomnijmy, \u017ce Polska zobowi\u0105za\u0142a si\u0119 do przyj\u0119cia 2000 imigrant\u00f3w. Na przygotowanie miejsc i odpowiednich program\u00f3w asymilacyjnych nasz kraj otrzyma od UE 65 mln z\u0142otych.<\/p><p>\u0179r\u00f3d\u0142o: \u201eBBC World\u201d \/ www.ta3.com<\/p><p>ChS<\/p>","protected":false},"excerpt":{"rendered":"Rz\u0105d w Bratys\u0142awie zgodzi\u0142 si\u0119 na przyj\u0119cie niewielkiej liczby imigrant\u00f3w. Jednak w rachub\u0119 wchodz\u0105 wy\u0142\u0105cznie chrze\u015bcijanie. Zgodnie z unijnymi porozumieniami na S\u0142owacj\u0119 trafi 200 os\u00f3b pochodz\u0105cych z kraj\u00f3w islamskich przebywaj\u0105cych obecnie w Turcji i Grecji. Rzecznik s\u0142owackiego Ministerstwa Spraw Wewn\u0119trznych, Ivan Metik, o\u015bwiadczy\u0142, \u017ce gdyby jego kraj przyjmowa\u0142 imigrant\u00f3w-muzu\u0142man\u00f3w, to ci nie czuli by si\u0119 [&hellip;]","protected":false},"author":1,"featured_media":0,"comment_status":"closed","ping_status":"closed","sticky":false,"template":"","format":"standard","meta":{"_acf_changed":false,"_monsterinsights_skip_tracking":false,"ngg_post_thumbnail":0,"footnotes":"","_wp_rev_ctl_limit":""},"categories":[6],"tags":[76,70,268],"acf":[],"_links":{"self":[{"href":"https:\/\/www.bibula.com\/index.php?rest_route=\/wp\/v2\/posts\/83085"}],"collection":[{"href":"https:\/\/www.bibula.com\/index.php?rest_route=\/wp\/v2\/posts"}],"about":[{"href":"https:\/\/www.bibula.com\/index.php?rest_route=\/wp\/v2\/types\/post"}],"author":[{"embeddable":true,"href":"https:\/\/www.bibula.com\/index.php?rest_route=\/wp\/v2\/users\/1"}],"replies":[{"embeddable":true,"href":"https:\/\/www.bibula.com\/index.php?rest_route=%2Fwp%2Fv2%2Fcomments&post=83085"}],"version-history":[{"count":0,"href":"https:\/\/www.bibula.com\/index.php?rest_route=\/wp\/v2\/posts\/83085\/revisions"}],"wp:attachment":[{"href":"https:\/\/www.bibula.com\/index.php?rest_route=%2Fwp%2Fv2%2Fmedia&parent=83085"}],"wp:term":[{"taxonomy":"category","embeddable":true,"href":"https:\/\/www.bibula.com\/index.php?rest_route=%2Fwp%2Fv2%2Fcategories&post=83085"},{"taxonomy":"post_tag","embeddable":true,"href":"https:\/\/www.bibula.com\/index.php?rest_route=%2Fwp%2Fv2%2Ftags&post=83085"}],"curies":[{"name":"wp","href":"https:\/\/api.w.org\/{rel}","templated":true}]}}