{"id":83042,"date":"2015-08-20T09:37:56","date_gmt":"2015-08-20T13:37:56","guid":{"rendered":"http:\/\/www.bibula.com\/?p=83042"},"modified":"2015-08-20T09:37:56","modified_gmt":"2015-08-20T13:37:56","slug":"biskup-z-boliwii-zakazal-w-swojej-diecezji-komunii-sw-na-reke","status":"publish","type":"post","link":"https:\/\/www.bibula.com\/?p=83042","title":{"rendered":"Biskup z Boliwii zakaza\u0142 w swojej diecezji Komunii \u015bw. na r\u0119k\u0119"},"content":{"rendered":"<p>Nasi partnerzy w <em>Adelante la Fe \/ Rorate Caeli en Espanol<\/em>, donosz\u0105, \u017ce biskup diecezji Oruro, Boliwia og\u0142osi\u0142 w ostatni\u0105 niedziel\u0119, \u017ce nie b\u0119dzie ju\u017c na terenie jego diecezji mo\u017cliwo\u015bci otrzymania Komunii na r\u0119k\u0119 (<em>Exclusiva: El Obispo de Oruro proh\u00c3\u00adbe la comuni\u00f3n la mano en pl di\u00f3cesis su<\/em>). Raport m\u00f3wi, \u017ce <strong>biskup, polski misjonarz-werbista Krzysztof Bia\u0142asik, podj\u0105\u0142 t\u0119 decyzj\u0119<\/strong>, gdy\u017c zauwa\u017cy\u0142, \u017ce niekt\u00f3rzy ludzie otrzymuj\u0105 Hosti\u0119, ale jej nie spo\u017cywaj\u0105 najwyra\u017aniej chc\u0105c z nieznanych powod\u00f3w wynie\u015b\u0107 j\u0105.<\/p><p>Bp Bia\u0142asik ma 57 lat i zosta\u0142 mianowany biskupem Oruro przez papie\u017ca Benedykta XVI w dniu 30 czerwca, 2005; zosta\u0142 konsekrowany we wrze\u015bniu tego samego roku.<\/p><p>Wed\u0142ug naszej wiedzy, bp Bia\u0142asik jest ju\u017c trzecim biskupem w ci\u0105gu ostatnich dziesi\u0119ciu lat, kt\u00f3ry podj\u0105\u0142 tak\u0105 decyzj\u0119 o wycofaniu zgody na Komuni\u0119 na r\u0119k\u0119 w swojej diecezji. Dotychczas takie decyzje podejmowano odno\u015bnie poszczeg\u00f3lnych ko\u015bcio\u0142\u00f3w lub wi\u0119kszych uroczysto\u015bci z udzia\u0142em du\u017cej liczby wiernych.[&#8230;] Pierwszym by\u0142 Juan Luis Cipriani Lima kardyna\u0142, Peru w 2008 roku (ponownie w 2011 roku dla du\u017cych uroczysto\u015bci), nast\u0119pnie kardyna\u0142 Malcolm Ranjith Kolombo, Sri Lanka w 2011 roku (powt\u00f3rzy\u0142 w 2012). Czwarty biskup, zmar\u0142y niedawno Rogelio Livieres (niech spoczywa w pokoju), zdecydowanie pot\u0119pi\u0142 Komuni\u0119 na r\u0119k\u0119, w sierpniu 2014 w jednym z ostatnich akt\u00f3w jako biskup Ciudad de Este.[&#8230;] Wreszcie, Konferencja Biskup\u00f3w Katolickich Nigerii tymczasowo dozwoli\u0142a na komuni\u0119 na r\u0119k\u0119 w lipcu ubieg\u0142ego roku ( z powodu strachu przed wirusem Ebola), po czym szybko wycofa\u0142a to pozwolenie (w grudniu), gdy panika min\u0119\u0142a.<\/p><p>Kilku innych biskup\u00f3w diecezjalnych podj\u0119\u0142o dzia\u0142ania nakazuj\u0105ce Komuni\u0119 na j\u0119zyk w pewnych okoliczno\u015bciach. Nale\u017c\u0105 do nich: biskup Antonio Carlos Rossi Keller Frederico, Westfalia, Brazylia, kt\u00f3ry og\u0142osi\u0142 pod koniec 2011 roku , \u017ce osoby otrzymuj\u0105ce od niego Komuni\u0119 w jego katedrze, powinny to uczyni\u0107 na j\u0119zyk kl\u0119cz\u0105c; Biskup Eduardo Maria Taussig San Rafael, Argentyna, kt\u00f3ry wymaga\u0142 od wszystkich tego samego odno\u015bnie przyjmowania Komunii w jego katedrze w tym samym roku; Kardyna\u0142 Carlo Caffarra w Bolonii, kt\u00f3ry zleci\u0142 w 2009 roku, \u017ce w trzech g\u0142\u00f3wnych ko\u015bcio\u0142ach w jego archidiecezji (Katedra \u015bw Piotra, Bazylika San Petronio i Sanktuarium Madonny di San Luca) komunia ma by\u0107 udzielana wiernym tylko na j\u0119zyk. Oczywi\u015bcie przyk\u0142adem tych decyzji by\u0142o post\u0119powanie papie\u017ca Benedykta XVI pocz\u0105wszy od Bo\u017cego Cia\u0142a 2008, oraz szeroko relacjonowany (ale cz\u0119sto \u0142amany) wym\u00f3g, \u017ce podczas Mszy papieskich w Bazylice \u015awi\u0119tego Piotra Komunia mia\u0142a by\u0107 podawana tylko na j\u0119zyk.<\/p><p>Wreszcie warto przypomnie\u0107 jeszcze jeden przypadek jakim by\u0142, obecnie ju\u017c na emeryturze , bp Juan Rodolfo Laise OFMCap, kt\u00f3ry w 1996 roku wytrzyma\u0142 ogromn\u0105 presj\u0119 b\u0119d\u0105c jedynym biskupem diecezjalnym w Argentynie , kt\u00f3ry odm\u00f3wi\u0142 umo\u017cliwienia komunii na r\u0119k\u0119 w jego diecezji (San Luis), gdy taki indult zosta\u0142 udzielony dla Argentyny. Powiedziano nam, \u017ce diecezja nadal utrzymuje ten zakaz. Jego decyzja doprowadzi\u0142a go do napisania ksi\u0105\u017cki (&#8222;Komunia na r\u0119k\u0119&#8221;) a tak\u017ce wyst\u0105pie\u0144 na r\u00f3\u017cnych konferencjach w obronie przyjmowania Komunii na j\u0119zyk. Tradycyjni katolicy zaznajomieni z sytuacj\u0105 w pod koniec lat 90-tych i na pocz\u0105tku 2000 roku donosili, \u017ce sta\u0142 si\u0119 r\u00f3wnie\u017c zwolennikiem i przyjacielem Tradycyjnej Mszy \u0141aci\u0144skiej, kt\u00f3r\u0105 oferowa\u0142 w wielu okazjach. W pewnym sensie, biskup Atanazy Schneider jest jego nast\u0119pc\u0105 jako obro\u0144ca zar\u00f3wno tradycyjnego sposobu przyjmowania Komunii i tradycyjnej Mszy \u0141aci\u0144skiej.<\/p><p>T\u0142. z\u00a0<span style=\"text-decoration: underline;\"><a href=\"http:\/\/rorate-caeli.blogspot.com\/2015\/08\/bishop-in-bolivia-prohibits-communion.html\">http:\/\/rorate-caeli.blogspot.com<\/a><\/span><b><span style=\"text-decoration: underline;\"><a href=\"http:\/\/rorate-caeli.blogspot.com\/2015\/08\/bishop-in-bolivia-prohibits-communion.html\">\/<\/a><\/span>\u00a0<\/b>Anita Sienko<\/p>","protected":false},"excerpt":{"rendered":"Nasi partnerzy w Adelante la Fe \/ Rorate Caeli en Espanol, donosz\u0105, \u017ce biskup diecezji Oruro, Boliwia og\u0142osi\u0142 w ostatni\u0105 niedziel\u0119, \u017ce nie b\u0119dzie ju\u017c na terenie jego diecezji mo\u017cliwo\u015bci otrzymania Komunii na r\u0119k\u0119 (Exclusiva: El Obispo de Oruro proh\u00c3\u00adbe la comuni\u00f3n la mano en pl di\u00f3cesis su). Raport m\u00f3wi, \u017ce biskup, polski misjonarz-werbista Krzysztof [&hellip;]","protected":false},"author":1,"featured_media":0,"comment_status":"closed","ping_status":"closed","sticky":false,"template":"","format":"standard","meta":{"_acf_changed":false,"_monsterinsights_skip_tracking":false,"_monsterinsights_sitenote_active":false,"_monsterinsights_sitenote_note":"","_monsterinsights_sitenote_category":0,"ngg_post_thumbnail":0,"footnotes":"","_wp_rev_ctl_limit":""},"categories":[3],"tags":[119,216],"acf":[],"_links":{"self":[{"href":"https:\/\/www.bibula.com\/index.php?rest_route=\/wp\/v2\/posts\/83042"}],"collection":[{"href":"https:\/\/www.bibula.com\/index.php?rest_route=\/wp\/v2\/posts"}],"about":[{"href":"https:\/\/www.bibula.com\/index.php?rest_route=\/wp\/v2\/types\/post"}],"author":[{"embeddable":true,"href":"https:\/\/www.bibula.com\/index.php?rest_route=\/wp\/v2\/users\/1"}],"replies":[{"embeddable":true,"href":"https:\/\/www.bibula.com\/index.php?rest_route=%2Fwp%2Fv2%2Fcomments&post=83042"}],"version-history":[{"count":0,"href":"https:\/\/www.bibula.com\/index.php?rest_route=\/wp\/v2\/posts\/83042\/revisions"}],"wp:attachment":[{"href":"https:\/\/www.bibula.com\/index.php?rest_route=%2Fwp%2Fv2%2Fmedia&parent=83042"}],"wp:term":[{"taxonomy":"category","embeddable":true,"href":"https:\/\/www.bibula.com\/index.php?rest_route=%2Fwp%2Fv2%2Fcategories&post=83042"},{"taxonomy":"post_tag","embeddable":true,"href":"https:\/\/www.bibula.com\/index.php?rest_route=%2Fwp%2Fv2%2Ftags&post=83042"}],"curies":[{"name":"wp","href":"https:\/\/api.w.org\/{rel}","templated":true}]}}