{"id":83040,"date":"2015-08-20T09:29:10","date_gmt":"2015-08-20T13:29:10","guid":{"rendered":"http:\/\/www.bibula.com\/?p=83040"},"modified":"2015-08-20T09:29:10","modified_gmt":"2015-08-20T13:29:10","slug":"przedstawiciele-niemieckiego-episkopatu-twierdza-ze-ich-kraj-robi-za-malo-dla-uchodzcow","status":"publish","type":"post","link":"https:\/\/www.bibula.com\/?p=83040","title":{"rendered":"Przedstawiciele niemieckiego episkopatu twierdz\u0105, \u017ce ich kraj robi za ma\u0142o dla uchod\u017ac\u00f3w"},"content":{"rendered":"<p><strong>Przewodnicz\u0105cy niemieckiego episkopatu, kardyna\u0142 Reinhard Marx oraz arcybiskup Bambergu i dawny profesor prawa ko\u015bcielnego w Fuldzie, Ludwig Schick wypowiedzieli si\u0119 w Monachium w sprawie polityki imigracyjnej Niemiec. Duchowni o zwi\u0119kszon\u0105 pomoc dla przybysz\u00f3w.<\/strong><\/p><p>Jak wskaza\u0142 kard. Reinhard Marx, Niemcy nie powinny pozostawa\u0107 w tyle w sprawie zakwaterowania uchod\u017ac\u00f3w. &#8211; <em>Ten, kto przekracza niemieck\u0105 ziemi\u0119, powinien by\u0107 traktowany po ludzku i sprawiedliwie<\/em> &#8211; powiedzia\u0142 przewodnicz\u0105cy tamtejszego episkopatu. &#8211; <em>Jako chrze\u015bcijanie b\u0119dziemy to popiera\u0107<\/em> &#8211; doda\u0142.<\/p><p>Z kolei abp Ludwig Schitz, pe\u0142ni\u0105cy w niemieckim episkopacie urz\u0105d ds. Ko\u015bcio\u0142a na \u015bwiecie i b\u0119d\u0105cy nazywanym ko\u015bcielnym \u201eministrem ds. zagranicznych\u201d, wypowiedzia\u0142 si\u0119 przeciwko wrogo\u015bci wobec przybysz\u00f3w i wezwa\u0142 do innego ni\u017c dotychczas obchodzenia si\u0119 z uchod\u017acami. &#8211; <em>To ha\u0144ba, \u017ce niemieckie obozy dla uchod\u017ac\u00f3w s\u0105 podpalane, a przeciwko uchod\u017acom wo\u0142a si\u0119: obcokrajowcy, precz!<\/em> &#8211; powiedzia\u0142.<\/p><p>Arcybiskup uzna\u0142 te\u017c, \u017ce nie nale\u017cy m\u00f3wi\u0107 o \u201efalach uchod\u017ac\u00f3w\u201d oraz o \u201emasowej imigracji\u201d, mimo \u017ce do Niemiec przybywa wyj\u0105tkowo wielu uchod\u017ac\u00f3w. &#8211; <em>Trzeba jednak zwr\u00f3ci\u0107 uwag\u0119, by takie poj\u0119cia nie by\u0142y u\u017cywane, tak, by nie wzbudzi\u0107 w ten spos\u00f3b strachu, sloganem: \u201enasz dom jest pe\u0142en<\/em>\u201d &#8211; uzna\u0142.<\/p><p>Arcybiskup przypomnia\u0142, \u017ce Niemcy s\u0105 jednym z najbogatszych pa\u0144stw \u015bwiata. W por\u00f3wnaniu z biednymi krajami, jak Liban, Jordania, Irak czy Turcja \u201ew Niemczech i tak jest bardzo niewielu uchod\u017ac\u00f3w\u201d.\u00a0 Hierarcha zauwa\u017cy\u0142, \u017ce na ca\u0142ym \u015bwiecie ponad 60 milion\u00f3w ludzi to uchod\u017acy, a tylko oko\u0142o 4 proc. z nich przyby\u0142o do Unii Europejskiej. &#8211; <em>Mo\u017cemy przyj\u0105\u0107 wi\u0119cej &#8211; i z tym sobie poradzi\u0107 <\/em>&#8211; stwierdzi\u0142. Doda\u0142, \u017ce Niemcy to \u201ekraj chrze\u015bcija\u0144ski, kt\u00f3ry musi nie\u015b\u0107 pomoc wszystkim biednym, cierpi\u0105cym i szukaj\u0105cym pomocy\u201d.<\/p><p>Kard. Reinhard Marx stwierdzi\u0142 z kolei, \u017ce wobec wszystkich problem\u00f3w i trudno\u015bci, jakich do\u015bwiadcza \u015bwiat poza Europ\u0105, potrzebna jest okazanie \u201eogromnej solidarno\u015bci\u201d. Doda\u0142, \u017ce chrze\u015bcijanie musz\u0105 pomaga\u0107 uchod\u017acom wzoruj\u0105c si\u0119 na nauczaniu Pana Jezusa, cho\u0107by w zwi\u0105zku z przypowie\u015bci\u0105 o mi\u0142osiernym Samarytaninie.<\/p><p>\u0179r\u00f3d\u0142o: katholisch.de<\/p><p>Pach<\/p>","protected":false},"excerpt":{"rendered":"Przewodnicz\u0105cy niemieckiego episkopatu, kardyna\u0142 Reinhard Marx oraz arcybiskup Bambergu i dawny profesor prawa ko\u015bcielnego w Fuldzie, Ludwig Schick wypowiedzieli si\u0119 w Monachium w sprawie polityki imigracyjnej Niemiec. Duchowni o zwi\u0119kszon\u0105 pomoc dla przybysz\u00f3w.Jak wskaza\u0142 kard. Reinhard Marx, Niemcy nie powinny pozostawa\u0107 w tyle w sprawie zakwaterowania uchod\u017ac\u00f3w. &#8211; Ten, kto przekracza niemieck\u0105 ziemi\u0119, powinien by\u0107 [&hellip;]","protected":false},"author":1,"featured_media":0,"comment_status":"closed","ping_status":"closed","sticky":false,"template":"","format":"standard","meta":{"_acf_changed":false,"_monsterinsights_skip_tracking":false,"_monsterinsights_sitenote_active":false,"_monsterinsights_sitenote_note":"","_monsterinsights_sitenote_category":0,"ngg_post_thumbnail":0,"footnotes":"","_wp_rev_ctl_limit":""},"categories":[3],"tags":[166,76,33],"acf":[],"_links":{"self":[{"href":"https:\/\/www.bibula.com\/index.php?rest_route=\/wp\/v2\/posts\/83040"}],"collection":[{"href":"https:\/\/www.bibula.com\/index.php?rest_route=\/wp\/v2\/posts"}],"about":[{"href":"https:\/\/www.bibula.com\/index.php?rest_route=\/wp\/v2\/types\/post"}],"author":[{"embeddable":true,"href":"https:\/\/www.bibula.com\/index.php?rest_route=\/wp\/v2\/users\/1"}],"replies":[{"embeddable":true,"href":"https:\/\/www.bibula.com\/index.php?rest_route=%2Fwp%2Fv2%2Fcomments&post=83040"}],"version-history":[{"count":0,"href":"https:\/\/www.bibula.com\/index.php?rest_route=\/wp\/v2\/posts\/83040\/revisions"}],"wp:attachment":[{"href":"https:\/\/www.bibula.com\/index.php?rest_route=%2Fwp%2Fv2%2Fmedia&parent=83040"}],"wp:term":[{"taxonomy":"category","embeddable":true,"href":"https:\/\/www.bibula.com\/index.php?rest_route=%2Fwp%2Fv2%2Fcategories&post=83040"},{"taxonomy":"post_tag","embeddable":true,"href":"https:\/\/www.bibula.com\/index.php?rest_route=%2Fwp%2Fv2%2Ftags&post=83040"}],"curies":[{"name":"wp","href":"https:\/\/api.w.org\/{rel}","templated":true}]}}