{"id":83037,"date":"2015-08-20T09:27:34","date_gmt":"2015-08-20T13:27:34","guid":{"rendered":"http:\/\/www.bibula.com\/?p=83037"},"modified":"2015-08-20T09:27:34","modified_gmt":"2015-08-20T13:27:34","slug":"wegrzy-chca-karac-wiezieniem-za-nielegalne-przekroczenie-granicy","status":"publish","type":"post","link":"https:\/\/www.bibula.com\/?p=83037","title":{"rendered":"W\u0119grzy chc\u0105 kara\u0107 wi\u0119zieniem za nielegalne przekroczenie granicy"},"content":{"rendered":"<p><strong>W\u0119gry stawia\u0105 barier\u0119 na granicy z Serbi\u0105 ale okazuje si\u0119 ona niewystarczaj\u0105c\u0105 przeszkod\u0105 dla zalewu nielegalnych imigrant\u00f3w.<\/strong><\/p><p>Imigranci a tak\u017ce przemytnicy si\u0119gaj\u0105 bowiem po narz\u0119dzia aby niszczy\u0107 parkan. Przewodnicz\u0105cy frakcji parlamentarnej rz\u0105dz\u0105cego Fideszu Zolt\u00e1n Kov\u00e1cs\u00a0proponuje przeforsowanie takich zmian w przepisach aby nielegalne pzekroczenie granicy podlega\u0142o natychmiastowemu aresztowi. Kary za ten czyn mia\u0142yby wzrosn\u0105\u0107 do trzech lat pozbawienia wolno\u015bci. Rz\u0105dz\u0105ca kolicja Fideszu i KDNP chce przeg\u0142osowa\u0107 stosown\u0105 nowelizacj\u0119 na posiedzeniu Zgromadzenia Narodowego jakie odb\u0119dzie si\u0119 3-4 wrze\u015bnia. Od pocz\u0105tku tego miesi\u0105ca na granic\u0119 maj\u0105 tak\u017ce ruszy\u0107 wzmocnione patrole policji.<\/p><p>hungarytoday.hu\/kresy.pl<\/p>","protected":false},"excerpt":{"rendered":"W\u0119gry stawia\u0105 barier\u0119 na granicy z Serbi\u0105 ale okazuje si\u0119 ona niewystarczaj\u0105c\u0105 przeszkod\u0105 dla zalewu nielegalnych imigrant\u00f3w.Imigranci a tak\u017ce przemytnicy si\u0119gaj\u0105 bowiem po narz\u0119dzia aby niszczy\u0107 parkan. Przewodnicz\u0105cy frakcji parlamentarnej rz\u0105dz\u0105cego Fideszu Zolt\u00e1n Kov\u00e1cs\u00a0proponuje przeforsowanie takich zmian w przepisach aby nielegalne pzekroczenie granicy podlega\u0142o natychmiastowemu aresztowi. Kary za ten czyn mia\u0142yby wzrosn\u0105\u0107 do trzech lat [&hellip;]","protected":false},"author":1,"featured_media":0,"comment_status":"closed","ping_status":"closed","sticky":false,"template":"","format":"standard","meta":{"_acf_changed":false,"_monsterinsights_skip_tracking":false,"_monsterinsights_sitenote_active":false,"_monsterinsights_sitenote_note":"","_monsterinsights_sitenote_category":0,"ngg_post_thumbnail":0,"footnotes":"","_wp_rev_ctl_limit":""},"categories":[6],"tags":[76,179],"acf":[],"_links":{"self":[{"href":"https:\/\/www.bibula.com\/index.php?rest_route=\/wp\/v2\/posts\/83037"}],"collection":[{"href":"https:\/\/www.bibula.com\/index.php?rest_route=\/wp\/v2\/posts"}],"about":[{"href":"https:\/\/www.bibula.com\/index.php?rest_route=\/wp\/v2\/types\/post"}],"author":[{"embeddable":true,"href":"https:\/\/www.bibula.com\/index.php?rest_route=\/wp\/v2\/users\/1"}],"replies":[{"embeddable":true,"href":"https:\/\/www.bibula.com\/index.php?rest_route=%2Fwp%2Fv2%2Fcomments&post=83037"}],"version-history":[{"count":0,"href":"https:\/\/www.bibula.com\/index.php?rest_route=\/wp\/v2\/posts\/83037\/revisions"}],"wp:attachment":[{"href":"https:\/\/www.bibula.com\/index.php?rest_route=%2Fwp%2Fv2%2Fmedia&parent=83037"}],"wp:term":[{"taxonomy":"category","embeddable":true,"href":"https:\/\/www.bibula.com\/index.php?rest_route=%2Fwp%2Fv2%2Fcategories&post=83037"},{"taxonomy":"post_tag","embeddable":true,"href":"https:\/\/www.bibula.com\/index.php?rest_route=%2Fwp%2Fv2%2Ftags&post=83037"}],"curies":[{"name":"wp","href":"https:\/\/api.w.org\/{rel}","templated":true}]}}