{"id":83035,"date":"2015-08-20T09:25:33","date_gmt":"2015-08-20T13:25:33","guid":{"rendered":"http:\/\/www.bibula.com\/?p=83035"},"modified":"2015-08-21T12:35:13","modified_gmt":"2015-08-21T16:35:13","slug":"lichen-bp-a-schneider-odprawil-msze-sw-pontyfikalna-w-rycie-trydenckim","status":"publish","type":"post","link":"https:\/\/www.bibula.com\/?p=83035","title":{"rendered":"Liche\u0144: bp A. Schneider odprawi\u0142 Msz\u0119 \u015bw. pontyfikaln\u0105 w rycie trydenckim"},"content":{"rendered":"<p><strong>Bp Athanasius Schneider z Kazachstanu przewodniczy\u0142 19 sierpnia uroczystej pontyfikalnej Mszy \u015bw. w ramach trwaj\u0105cego w Sanktuarium Maryjnym w Licheniu Starym spotkania Ars Celebrandi, czyli warsztat\u00f3w o nadzwyczajnej formie rytu rzymskiego.<\/strong><\/p><p>Warsztaty Ars Celebrandi trwaj\u0105 w liche\u0144skim Sanktuarium od niedzieli 16 sierpnia. Uczestniczy w nich ponad 200 os\u00f3b z Polski i zagranicy. Zaj\u0119cia warsztatowe prowadz\u0105 wykwalifikowani i do\u015bwiadczeni praktycy i s\u0105 one przeznaczone zar\u00f3wno dla kap\u0142an\u00f3w i kleryk\u00f3w, jak i dla ministrant\u00f3w i os\u00f3b \u015bwieckich pragn\u0105cych zg\u0142\u0119bi\u0107 swoj\u0105 wiedz\u0119 w zakresie chora\u0142u gregoria\u0144skiego i muzyki polifonicznej.<\/p><p>Dzi\u015b, w ramach programu z uczestnikami spotka\u0142 si\u0119 biskup pomocniczy Astany w Kazachstanie &#8211; Athanasius Schneider ORC, kt\u00f3ry w liche\u0144skiej bazylice odprawi\u0142 uroczyst\u0105 Msz\u0119 \u015bw. pontyfikaln\u0105. W Licheniu tzw. Msze \u015bw. trydenckie nale\u017c\u0105 do rzadko\u015bci. Aby m\u00f3c j\u0105 odprawi\u0107, konieczna by\u0142a reorganizacja prezbiterium: g\u0142\u00f3wny celebrans zwr\u00f3cony by\u0142 przodem do tabernakulum (w stron\u0119 wschodu), na o\u0142tarzu pojawi\u0142o si\u0119 sze\u015b\u0107 \u015bwiec, a fotel celebransa znajdowa\u0142 tu\u017c przy \u0142awkach wiernych. Oczywi\u015bcie ca\u0142a liturgia (poza homili\u0105) by\u0142a sprawowana po \u0142acinie.<\/p><p>O znaczeniu pontyfikalnej Mszy \u015bw. m\u00f3wi ks. Pawe\u0142 Korupka ze Szczecina, kapelan warsztat\u00f3w. \u201eMsza \u015bw. pontyfikalna wygl\u0105da zupe\u0142nie inaczej ni\u017c inna Msza w obrz\u0105dku trydenckim dlatego, \u017ce przewiduje dodatkowe obrz\u0119dy, dodatkowe rewerencje wzgl\u0119dem biskupa, kt\u00f3rych nie spotkamy podczas Mszy \u015bw. celebrowanej przez kap\u0142ana\u201d &#8211; wyja\u015bni\u0142 duchowny. W\u015br\u00f3d wyr\u00f3\u017cnik\u00f3w Mszy \u015bw. pontyfikalnej ks. Korupka wymieni\u0142 m.in. obrz\u0119d uroczystego ubioru biskupa w szaty liturgiczne w prezbiterium przez kleryk\u00f3w, co nawi\u0105zuje do obrz\u0105dk\u00f3w bizantyjskich, a tak\u017ce u\u017cywanie dw\u00f3ch rodzaj\u00f3w mitry przez biskupa.<\/p><p>Ks. Korupka oznajmi\u0142, \u017ce bp. Scheidera zaproszony do udzia\u0142u w liche\u0144skich warsztatach przede wszystkim dlatego, \u017ce jest on jednym z niewielu hierarch\u00f3w, kt\u00f3rzy potrafi\u0105 celebrowa\u0107 Eucharysti\u0119 w starym obrz\u0105dku przedsoborowym. Ponadto, korzystaj\u0105c z okazji, biskup spotka\u0142 si\u0119 z uczestnikami warsztat\u00f3w w sali domu pielgrzyma ARKA, gdzie promowa\u0142 swoj\u0105 najnowsz\u0105 ksi\u0105\u017ck\u0119 \u201eCorpus Christi\u201d.<\/p><p>Warsztaty liturgii w nadzwyczajnej formie rytu rzymskiego Ars Celebrandi organizuje stowarzyszenie Una Voce Polonia. Patronat honorowy nad wydarzeniem obj\u0105\u0142 biskup w\u0142oc\u0142awski Wies\u0142aw Alojzy Mering.\u00a0<\/p><p>KAI, kra<\/p><p class=\"zrodlo\">Za: <a href=\"http:\/\/www.pch24.pl\/lichen--bp-a--schneider-odprawil-msze-sw--pontyfikalna-w-rycie-trydenckim,37653,i.html\">PoloniaChristiana &#8211; pch24.pl (2015-08-20)<\/a><\/p><h4>\u00a0<\/h4><hr style=\"background-color: #000000; border-width: 0; color: #000000; height: 2px; line-height: 0; text-align: center; width: 100%;\" \/><h4>\u00a0<\/h4><h2>Bp Schneider: To by\u0142a jedna z najpi\u0119kniejszych Mszy w moim \u017cyciu<\/h2><p><strong>W dniu 19 sierpnia br. biskup Athanasius Schneider z Kazachstanu celebrowa\u0142 na warsztatach liturgii tradycyjnej Ars Celebrandi Msz\u0119 \u015bw. pontyfikaln\u0105 oraz nieszpory pontyfikalne, a tak\u017ce wyg\u0142osi\u0142 wyk\u0142ad po\u015bwi\u0119cony prawid\u0142owej odnowie liturgii i godnej czci Naj\u015bwi\u0119tszego Sakramentu. Odpowiada\u0142 r\u00f3wnie\u017c na pytania uczestnik\u00f3w warsztat\u00f3w i podpisywa\u0142 swoj\u0105 najnowsz\u0105 ksi\u0105\u017ck\u0119 pt. \u201eCorpus Christi\u201d.<\/strong><\/p><p>W wyk\u0142adzie zatytu\u0142owanym \u201eOdnowa liturgii oraz wieczny zmys\u0142 Ko\u015bcio\u0142a\u201d, obficie podbudowanym licznymi cytatami z Nowego Testamentu, pism Ojc\u00f3w Ko\u015bcio\u0142a oraz konstytucji o liturgii <em>Sacrosanctum Concilium<\/em> Soboru Watyka\u0144skiego II, biskup Athanasius Schneider podkre\u015bli\u0142, ze zasadnicz\u0105 cech\u0105 \u015bwi\u0119tej liturgii jest adoracja Boga. Liturgia eucharystyczna jest najwznio\u015blejsz\u0105 realizacj\u0105 pierwszego przykazania Bo\u017cego, o kt\u00f3rym przypomnia\u0142 nam Jezus: \u201ePanu, Bogu swemu, b\u0119dziesz oddawa\u0142 pok\u0142on i Jemu samemu s\u0142u\u017cy\u0107 b\u0119dziesz\u201d (Mt 4,10).<\/p><p>Biskup Athanasius odni\u00f3s\u0142 si\u0119 do norm liturgicznych Ko\u015bcio\u0142a i wagi, jak\u0105 nale\u017cy im nadawa\u0107 zgodnie z ca\u0142ym Pismem \u015awi\u0119tym i nauczaniem katolickim. Przeciwstawianie norm zewn\u0119trznych wewn\u0119trznej czci serca jest sprzeczne z prawd\u0105 Bo\u017c\u0105 i w ci\u0105gu ca\u0142ej historii Ko\u015bcio\u0142a by\u0142o typowe dla licznych ruch\u00f3w heretyckich: gnostyk\u00f3w, katar\u00f3w i albigens\u00f3w, kalwinist\u00f3w, a wsp\u00f3\u0142cze\u015bnie katolickich progresist\u00f3w i niekt\u00f3rych ruch\u00f3w typu zielono\u015bwi\u0105tkowego w obr\u0119bie Ko\u015bcio\u0142a katolickiego \u201d\u201d podkre\u015bli\u0142. Zwr\u00f3ci\u0142 te\u017c uwag\u0119 na alarmuj\u0105ce dane o wzro\u015bcie liczby profanacji w zwi\u0105zku z udzielaniem Komunii \u015bw. na r\u0119k\u0119.<\/p><p>W dalszej cz\u0119\u015bci wyk\u0142adu biskup Schneider przedstawi\u0142 model prawid\u0142owej liturgii Ko\u015bcio\u0142a, oparty na Ksi\u0119dze Apokalipsy. Cechuje si\u0119 on siedmioma elementami, takimi jak: kl\u0119czenie, g\u0142\u0119bokie pok\u0142ony i upadanie na twarz; kadzid\u0142o; pie\u015bni \u201educhowe\u201d (w odr\u00f3\u017cnieniu od \u015bwieckich i zmys\u0142owych), wolno\u015b\u0107 od koncentracji na sobie samym; modlitwa razem z Anio\u0142ami; d\u0142ugie okresy ciszy oraz umieszczenie Chrystusa eucharystycznego, Baranka zabitego i \u017cyj\u0105cego, w centrum zgromadzenia liturgicznego.<\/p><p>W kazaniu wyg\u0142oszonym po polsku podczas Mszy \u015bwi\u0119tej pontyfikalnej, celebrowanej w bazylice liche\u0144skiej, biskup Athanasius Schneider powiedzia\u0142: \u201ePrawdziwa odnowa Ko\u015bcio\u0142a zaczyna si\u0119 w obszarze, kt\u00f3ry jest najwa\u017cniejszy, kt\u00f3ry jest sercem Ko\u015bcio\u0142a: w Eucharystycznym Panu. W sercu \u017cycia dzisiejszego Ko\u015bcio\u0142a powsta\u0142a jednak g\u0142\u0119boka rana z powodu okropno\u015bci braku czci w traktowaniu Naj\u015bwi\u0119tszego Sakramentu i z powodu licznych przypadk\u00f3w niegodnego przyjmowania Komunii \u015awi\u0119tej, bez pe\u0142ni wiary i bez prawdziwej skruchy\u201d. Doda\u0142 tak\u017ce: \u201eGrzeszny cz\u0142owiek chce postawi\u0107 w centrum siebie samego, r\u00f3wnie\u017c w ko\u015bcielnych wn\u0119trzach, r\u00f3wnie\u017c podczas Uczty Eucharystycznej; chce by\u0107 widziany i dostrzegany. Dlatego Eucharystyczny Jezus, B\u00f3g, kt\u00f3ry sta\u0142 si\u0119 cz\u0142owiekiem, obecny w Tabernakulum pod postaciami eucharystycznymi, usuwany jest w wielu ko\u015bcio\u0142ach na bok\u201d.<\/p><p>Po Mszy \u015bwi\u0119tej biskup Schneider podzieli\u0142 si\u0119 swoim odczuciem, \u017ce by\u0142a ona jedn\u0105 z najpi\u0119kniejszych w jego \u017cyciu. Pochwali\u0142 ceremoniarzy i ministrant\u00f3w, a tak\u017ce muzyk\u00f3w. Podczas Mszy \u015bpiewa\u0142a schola gregoria\u0144ska z\u0142o\u017cona z uczestnik\u00f3w warsztat\u00f3w wraz z kantorami Robertem Po\u017carskim, Marcinem Bornusem Szczyci\u0144skim, Janem Go\u0142askim i Konradem Zagajewskim. Na organach gra\u0142 Robert Hugo, wirtuoz organ\u00f3w, organista parafii uniwersyteckiej w Pradze (jej proboszczem jest ksi\u0105dz Tomasz Halik).<\/p><p>Wieczorem w dniu 19 sierpnia biskup Athanasius Schneider przewodniczy\u0142 nieszporom pontyfikalnym, a 20 sierpnia rano celebrowa\u0142 Msz\u0119 recytowan\u0105. Przed opuszczeniem Lichenia udzieli\u0142 specjalnej wypowiedzi dla uczestnik\u00f3w i organizator\u00f3w warsztat\u00f3w liturgii tradycyjnej \u201eArs Celebrandi\u201d:<\/p><p>Jestem pod naprawd\u0119 g\u0142\u0119bokim wra\u017ceniem spotkania \u201eArs Celebrandi\u201d, a szczeg\u00f3lnie tego, \u017ce spotka\u0142em tak wielu m\u0142odych ludzi i m\u0142odych ksi\u0119\u017cy pragn\u0105cych okazywania prawdziwej mi\u0142o\u015bci do \u015bwi\u0119tej liturgii oraz wi\u0119kszej czci dla Jezusa w \u015bwi\u0119tej liturgii. Do\u015bwiadczy\u0142em tutaj drobnego przyk\u0142adu wiosny Ko\u015bcio\u0142a, poniewa\u017c tradycyjna \u015bwi\u0119ta liturgia jest skarbem dla ca\u0142ego Ko\u015bcio\u0142a, jak powiedzia\u0142 papie\u017c Benedykt XVI, i skarbem, kt\u00f3ry przekazali nam nasi przodkowie; dlatego powinni\u015bmy j\u0105 kocha\u0107 i przekazywa\u0107 nast\u0119pnym pokoleniom.<\/p><p>Ta liturgia prowadzi nas ku do\u015bwiadczeniu obecno\u015bci Boga, Jezusa, oraz misterium Jego ofiary krzy\u017cowej, a tak\u017ce pi\u0119kna i majestatu Boga, i przyci\u0105ga nas bli\u017cej do Niego. Oczywi\u015bcie jest konieczne, aby pi\u0119kne celebracje wywiera\u0142y wp\u0142yw na nasze \u017cycie osobiste, chrze\u015bcija\u0144skie i moralne. Powinny one by\u0107 si\u0142\u0105 dodaj\u0105c\u0105 nam nowej mocy i nowej rado\u015bci do \u017cycia prawdziwym \u017cyciem chrze\u015bcija\u0144skim i dawania przyk\u0142adu bycia dobrym katolikiem. A zatem wynios\u0142em pozytywne wra\u017cenie i \u017cycz\u0119, aby to spotkanie \u201eArs Celebrandi\u201d by\u0142o kontynuowane w przysz\u0142o\u015bci i przyci\u0105ga\u0142o jeszcze wi\u0119cej m\u0142odych ludzi, seminarzyst\u00f3w i m\u0142odych ksi\u0119\u017cy, by pomaga\u0142o im \u017cy\u0107 bli\u017cej Jezusa oraz g\u0142\u0119biej prze\u017cywa\u0107 niesko\u0144czon\u0105 i niewys\u0142owion\u0105 tajemnic\u0119 Mszy \u015bwi\u0119tej.<\/p><p>dk<\/p><p class=\"zrodlo\">Za: <a href=\"http:\/\/www.pch24.pl\/bp-schneider--to-byla-jedna-z-najpiekniejszych-mszy-w-moim-zyciu,37674,i.html\">PoloniaChristiana &#8211; pch24.pl (2015-08-21)<\/a><\/p>","protected":false},"excerpt":{"rendered":"Bp Athanasius Schneider z Kazachstanu przewodniczy\u0142 19 sierpnia uroczystej pontyfikalnej Mszy \u015bw. w ramach trwaj\u0105cego w Sanktuarium Maryjnym w Licheniu Starym spotkania Ars Celebrandi, czyli warsztat\u00f3w o nadzwyczajnej formie rytu rzymskiego.Warsztaty Ars Celebrandi trwaj\u0105 w liche\u0144skim Sanktuarium od niedzieli 16 sierpnia. Uczestniczy w nich ponad 200 os\u00f3b z Polski i zagranicy. Zaj\u0119cia warsztatowe prowadz\u0105 wykwalifikowani [&hellip;]","protected":false},"author":1,"featured_media":0,"comment_status":"closed","ping_status":"closed","sticky":false,"template":"","format":"standard","meta":{"_acf_changed":false,"_monsterinsights_skip_tracking":false,"_monsterinsights_sitenote_active":false,"_monsterinsights_sitenote_note":"","_monsterinsights_sitenote_category":0,"ngg_post_thumbnail":0,"footnotes":"","_wp_rev_ctl_limit":""},"categories":[5],"tags":[92,24],"acf":[],"_links":{"self":[{"href":"https:\/\/www.bibula.com\/index.php?rest_route=\/wp\/v2\/posts\/83035"}],"collection":[{"href":"https:\/\/www.bibula.com\/index.php?rest_route=\/wp\/v2\/posts"}],"about":[{"href":"https:\/\/www.bibula.com\/index.php?rest_route=\/wp\/v2\/types\/post"}],"author":[{"embeddable":true,"href":"https:\/\/www.bibula.com\/index.php?rest_route=\/wp\/v2\/users\/1"}],"replies":[{"embeddable":true,"href":"https:\/\/www.bibula.com\/index.php?rest_route=%2Fwp%2Fv2%2Fcomments&post=83035"}],"version-history":[{"count":0,"href":"https:\/\/www.bibula.com\/index.php?rest_route=\/wp\/v2\/posts\/83035\/revisions"}],"wp:attachment":[{"href":"https:\/\/www.bibula.com\/index.php?rest_route=%2Fwp%2Fv2%2Fmedia&parent=83035"}],"wp:term":[{"taxonomy":"category","embeddable":true,"href":"https:\/\/www.bibula.com\/index.php?rest_route=%2Fwp%2Fv2%2Fcategories&post=83035"},{"taxonomy":"post_tag","embeddable":true,"href":"https:\/\/www.bibula.com\/index.php?rest_route=%2Fwp%2Fv2%2Ftags&post=83035"}],"curies":[{"name":"wp","href":"https:\/\/api.w.org\/{rel}","templated":true}]}}