{"id":83033,"date":"2015-08-20T09:24:30","date_gmt":"2015-08-20T13:24:30","guid":{"rendered":"http:\/\/www.bibula.com\/?p=83033"},"modified":"2015-08-20T09:24:30","modified_gmt":"2015-08-20T13:24:30","slug":"francja-seria-kradziezy-i-profanacji-w-katolickich-swiatyniach","status":"publish","type":"post","link":"https:\/\/www.bibula.com\/?p=83033","title":{"rendered":"Francja: seria kradzie\u017cy i profanacji w katolickich \u015bwi\u0105tyniach"},"content":{"rendered":"<p><strong>W ci\u0105gu ostatniego tygodnia dosz\u0142o we Francji do licznych profanacji miejsc i przedmiot\u00f3w kultu. Duch Rewolucji Francuskiej ci\u0105gle \u017cyje w \u0142onie Najstarszej C\u00f3ry Ko\u015bcio\u0142a.<\/strong><\/p><p>Dziennik Le <em>T\u00c3\u00a9l\u00c3\u00a9gramme<\/em> poinformowa\u0142 o sprofanowaniu 15 sierpnia w \u015awi\u0119to Wniebowzi\u0119cia Naj\u015bwi\u0119tszej Maryi Panny, figury Matki Boskiej w Moulin-L&#8217;Ev\u00c3\u00aaque w gminie Plescop w Bretanii. Figura z gipsu nale\u017c\u0105ca do parafii M\u00c3\u00a9riadec, zosta\u0142a powa\u017cnie uszkodzona. Odbito z niej nos, palce i lew\u0105 r\u0119k\u0119, poci\u0119to praw\u0105.<\/p><p>Zdaniem w\u0142a\u015bciciela terenu, na kt\u00f3rym znajduje si\u0119 figura Jeana Stieglera, &#8222;jest to ewidentna profanacja&#8221;.<\/p><p>Z kolei na francuskiej wyspie Reunion, we wtorek 18 sierpnia m\u0119\u017cczyzna stara\u0142 si\u0119 podpali\u0107 ko\u015bci\u00f3\u0142 Notre-Dame-de-la-Salette w Saint Leu. Zaalarmowani \u017candarmi przybyli do \u015bwi\u0105tyni w czasie kiedy podk\u0142ada\u0142 ogie\u0144. Podpalacz przebywa w areszcie.<\/p><p>Natomiast w niedziel\u0119 16 sierpnia w Gex (depart. Ain) na po\u0142udniu Francji dosz\u0142o do profanacji w ko\u015bciele \u015awi\u0119tego Piotra. Skradziono kielichy i konsekrowane hostie. Ko\u015bci\u00f3\u0142 zosta\u0142 zamkni\u0119ty do 19 sierpnia. W czwartek o godz. 19-tej zostanie odprawiona Msza przeb\u0142agalna, po kt\u00f3rej odb\u0119dzie si\u0119 adoracja Naj\u015bwi\u0119tszego Sakramentu. Proboszcz zaapelowa\u0142 do parafian o post we wszystkie \u015brody i pi\u0105tki do ko\u0144ca sierpnia.<\/p><p>W weekend Wniebowzi\u0119cia dokonano te\u017c profanacji i kradzie\u017cy w tym samym departamencie w ko\u015bciele parafialnym w Collonges. Skradziono tam liczne przedmioty kultu.<\/p><p>FLC<\/p>","protected":false},"excerpt":{"rendered":"W ci\u0105gu ostatniego tygodnia dosz\u0142o we Francji do licznych profanacji miejsc i przedmiot\u00f3w kultu. Duch Rewolucji Francuskiej ci\u0105gle \u017cyje w \u0142onie Najstarszej C\u00f3ry Ko\u015bcio\u0142a.Dziennik Le T\u00c3\u00a9l\u00c3\u00a9gramme poinformowa\u0142 o sprofanowaniu 15 sierpnia w \u015awi\u0119to Wniebowzi\u0119cia Naj\u015bwi\u0119tszej Maryi Panny, figury Matki Boskiej w Moulin-L&#8217;Ev\u00c3\u00aaque w gminie Plescop w Bretanii. Figura z gipsu nale\u017c\u0105ca do parafii M\u00c3\u00a9riadec, zosta\u0142a [&hellip;]","protected":false},"author":1,"featured_media":0,"comment_status":"closed","ping_status":"closed","sticky":false,"template":"","format":"standard","meta":{"_acf_changed":false,"_monsterinsights_skip_tracking":false,"_monsterinsights_sitenote_active":false,"_monsterinsights_sitenote_note":"","_monsterinsights_sitenote_category":0,"ngg_post_thumbnail":0,"footnotes":"","_wp_rev_ctl_limit":""},"categories":[10],"tags":[132,114,191],"acf":[],"_links":{"self":[{"href":"https:\/\/www.bibula.com\/index.php?rest_route=\/wp\/v2\/posts\/83033"}],"collection":[{"href":"https:\/\/www.bibula.com\/index.php?rest_route=\/wp\/v2\/posts"}],"about":[{"href":"https:\/\/www.bibula.com\/index.php?rest_route=\/wp\/v2\/types\/post"}],"author":[{"embeddable":true,"href":"https:\/\/www.bibula.com\/index.php?rest_route=\/wp\/v2\/users\/1"}],"replies":[{"embeddable":true,"href":"https:\/\/www.bibula.com\/index.php?rest_route=%2Fwp%2Fv2%2Fcomments&post=83033"}],"version-history":[{"count":0,"href":"https:\/\/www.bibula.com\/index.php?rest_route=\/wp\/v2\/posts\/83033\/revisions"}],"wp:attachment":[{"href":"https:\/\/www.bibula.com\/index.php?rest_route=%2Fwp%2Fv2%2Fmedia&parent=83033"}],"wp:term":[{"taxonomy":"category","embeddable":true,"href":"https:\/\/www.bibula.com\/index.php?rest_route=%2Fwp%2Fv2%2Fcategories&post=83033"},{"taxonomy":"post_tag","embeddable":true,"href":"https:\/\/www.bibula.com\/index.php?rest_route=%2Fwp%2Fv2%2Ftags&post=83033"}],"curies":[{"name":"wp","href":"https:\/\/api.w.org\/{rel}","templated":true}]}}