{"id":83011,"date":"2015-08-19T09:29:42","date_gmt":"2015-08-19T13:29:42","guid":{"rendered":"http:\/\/www.bibula.com\/?p=83011"},"modified":"2015-08-19T09:29:42","modified_gmt":"2015-08-19T13:29:42","slug":"arcybiskup-madrytu-czas-na-otwarcie-na-homoseksualistow","status":"publish","type":"post","link":"https:\/\/www.bibula.com\/?p=83011","title":{"rendered":"Arcybiskup Madrytu: czas na \u201eotwarcie&#8221; na homoseksualist\u00f3w"},"content":{"rendered":"<p><strong>Wiceprzewodnicz\u0105cy hiszpa\u0144skiego episkopatu, arcybiskup Carlos Osoro, wzywa do mocniejszego \u201eukierunkowania Ko\u015bcio\u0142a na ludzi\u201d. Rozumie przez to mi\u0119dzy innymi \u201eotwarte\u201d podej\u015bcie do homoseksualist\u00f3w.<\/strong><\/p><p><img fetchpriority=\"high\" decoding=\"async\" class=\"\" style=\"border: 0px none; margin: 10px;\" src=\"http:\/\/www.pch24.pl\/images\/min_mid_big\/mid_37616.jpg\" alt=\"Arcybiskup Madrytu: czas na \u201eotwarcie\u201d na homoseksualist\u00f3w\" width=\"333\" height=\"197\" align=\"left\" \/>&#8211; <em>Nie ma chrze\u015bcijan pierwszej, drugiej lub trzeciej klasy<\/em> &#8211; powiedzia\u0142 abp Osoro wed\u0142ug hiszpa\u0144skich medi\u00f3w na konferencji prasowej w Madrycie. Doda\u0142, \u017ce wszyscy ochrzczeni s\u0105 \u201euczniami Chrystusa\u201d. Homoseksuali\u015bci, tak samo jak rozwodnicy w nowych zwi\u0105zkach czy transseksuali\u015bci, nie mog\u0105 by\u0107 jego zdaniem \u201epot\u0119piani i os\u0105dzani\u201d.<\/p><p>70-letni arcybiskup jest w hiszpa\u0144skim episkopacie niezwykle wp\u0142ywowy i cieszy si\u0119 znacznym poparciem. Kwestia homoseksualizmu nie zawsze jest jednak oceniana po jego my\u015bli. Jeszcze w ubieg\u0142ym roku kardyna\u0142 Fernando Sebastian Aguilar, emerytowany arcybiskup Pampeluny, opisa\u0142 homoseksualizm jako \u201ewad\u0119\u201d, kt\u00f3ra mo\u017ce zosta\u0107 wyleczona.<\/p><p>Pach<\/p><p>\u0179r\u00f3d\u0142o: kathpress.co.at<\/p>","protected":false},"excerpt":{"rendered":"Wiceprzewodnicz\u0105cy hiszpa\u0144skiego episkopatu, arcybiskup Carlos Osoro, wzywa do mocniejszego \u201eukierunkowania Ko\u015bcio\u0142a na ludzi\u201d. Rozumie przez to mi\u0119dzy innymi \u201eotwarte\u201d podej\u015bcie do homoseksualist\u00f3w.&#8211; Nie ma chrze\u015bcijan pierwszej, drugiej lub trzeciej klasy &#8211; powiedzia\u0142 abp Osoro wed\u0142ug hiszpa\u0144skich medi\u00f3w na konferencji prasowej w Madrycie. Doda\u0142, \u017ce wszyscy ochrzczeni s\u0105 \u201euczniami Chrystusa\u201d. Homoseksuali\u015bci, tak samo jak rozwodnicy w [&hellip;]","protected":false},"author":1,"featured_media":0,"comment_status":"closed","ping_status":"closed","sticky":false,"template":"","format":"standard","meta":{"_acf_changed":false,"_monsterinsights_skip_tracking":false,"ngg_post_thumbnail":0,"footnotes":"","_wp_rev_ctl_limit":""},"categories":[3],"tags":[26,189,33],"acf":[],"_links":{"self":[{"href":"https:\/\/www.bibula.com\/index.php?rest_route=\/wp\/v2\/posts\/83011"}],"collection":[{"href":"https:\/\/www.bibula.com\/index.php?rest_route=\/wp\/v2\/posts"}],"about":[{"href":"https:\/\/www.bibula.com\/index.php?rest_route=\/wp\/v2\/types\/post"}],"author":[{"embeddable":true,"href":"https:\/\/www.bibula.com\/index.php?rest_route=\/wp\/v2\/users\/1"}],"replies":[{"embeddable":true,"href":"https:\/\/www.bibula.com\/index.php?rest_route=%2Fwp%2Fv2%2Fcomments&post=83011"}],"version-history":[{"count":0,"href":"https:\/\/www.bibula.com\/index.php?rest_route=\/wp\/v2\/posts\/83011\/revisions"}],"wp:attachment":[{"href":"https:\/\/www.bibula.com\/index.php?rest_route=%2Fwp%2Fv2%2Fmedia&parent=83011"}],"wp:term":[{"taxonomy":"category","embeddable":true,"href":"https:\/\/www.bibula.com\/index.php?rest_route=%2Fwp%2Fv2%2Fcategories&post=83011"},{"taxonomy":"post_tag","embeddable":true,"href":"https:\/\/www.bibula.com\/index.php?rest_route=%2Fwp%2Fv2%2Ftags&post=83011"}],"curies":[{"name":"wp","href":"https:\/\/api.w.org\/{rel}","templated":true}]}}