{"id":82962,"date":"2015-08-17T11:22:00","date_gmt":"2015-08-17T15:22:00","guid":{"rendered":"http:\/\/www.bibula.com\/?p=82962"},"modified":"2015-08-17T11:27:47","modified_gmt":"2015-08-17T15:27:47","slug":"ukraina-ruszy-proces-beatyfikacyjny-ojca-stepana-bandery","status":"publish","type":"post","link":"https:\/\/www.bibula.com\/?p=82962","title":{"rendered":"Ukraina: ruszy proces beatyfikacyjny ojca Stepana Bandery?"},"content":{"rendered":"<p><strong>Cerkiew greko-katolicka na Ukrainie chce beatyfikacji ks. Andrzeja (Andrija) Bandery, ojca nacjonalisty Stepana Bandery. W ostatnich dniach na zachodniej Ukrainie zintensyfikowano dzia\u0142ania na rzecz beatyfikacji duchownego.<\/strong><\/p><p><img fetchpriority=\"high\" decoding=\"async\" class=\"\" style=\"border: 0px none; margin: 10px;\" src=\"http:\/\/www.pch24.pl\/images\/min_mid_big\/mid_37590.jpg\" alt=\"Ukraina: ruszy proces beatyfikacyjny ojca Stepana Bandery?\" width=\"303\" height=\"179\" align=\"left\" \/>Pomys\u0142 beatyfikacji ks. Andrija Bandery pojawi\u0142 si\u0119 w 2009 r., jednak dopiero w ostatnich tygodniach ukrai\u0144scy greko-katolicy zacz\u0119li kompletowa\u0107 niezb\u0119dn\u0105 dokumentacj\u0119. Dokumenty i zeznania \u015bwiadk\u00f3w maj\u0105 pos\u0142u\u017cy\u0107 do pe\u0142nego zbadania \u017cyciorysu ksi\u0119dza. Wkr\u00f3tce maj\u0105 one trafi\u0107 do Watykanu. Media na zachodniej Ukrainie (g\u0142\u00f3wnie lwowskie) przekonuj\u0105, \u017ce kap\u0142an przez ca\u0142e \u017cycie by\u0142 wierny g\u0142oszonym przez siebie warto\u015bciom chrze\u015bcija\u0144skim. Dba\u0142 o stan ducha i patriotyzm narodu ukrai\u0144skiego.<\/p><p>Cho\u0107 do ewentualnej beatyfikacji Andrzeja Bandery pozostaje sporo czasu, w greko-katolickiej \u015bwi\u0105tyni w wiosce Koziowa w Kraju Tarnopolskim powsta\u0142 sporych rozmiar\u00f3w witra\u017c przedstawiaj\u0105cy ojca Stepana Bandery, nacjonalisty odpowiedzialnego za \u015bmier\u0107 dziesi\u0105tek tysi\u0119cy polskich cywil\u00f3w.<\/p><p>Ks. Andrzej Bandera urodzi\u0142 si\u0119 w 1892 r. w Stryju. W roku 1928\u00a0 zosta\u0142 aresztowany przez polsk\u0105 policj\u0119 pod zarzutem odprawienia Mszy za zabitych \u017co\u0142nierzy Ukrai\u0144skiej Armii Halickiej, podczas kt\u00f3rych mia\u0142 nawo\u0142ywa\u0107 do nienawi\u015bci do Polski i Polak\u00f3w oraz opowiada\u0107 si\u0119 za przy\u0142\u0105czeniem Galicji do przysz\u0142ego pa\u0144stwa ukrai\u0144skiego.<\/p><p>Miesi\u0105c przed atakiem III Rzeszy na ZSRR w 1941 r., kap\u0142ana i jego c\u00f3rki aresztowano. Powodem by\u0142a nacjonalistyczna dzia\u0142alno\u015b\u0107 syna, Stepana. 10 lipca 1941 r. ks. Bandera zosta\u0142 rozstrzelany. Dzi\u015b miejsce jego poch\u00f3wku wci\u0105\u017c nie jest znane. Andrzej Bandera zosta\u0142 zrehabilitowany 8 listopada 1992. W tym samym roku jego najbli\u017csza rodzina po raz pierwszy pozna\u0142a jego z\u0142o\u017cony \u017cyciorys.<\/p><p>ChS<\/p><p>\u0179r\u00f3d\u0142a: Interfax-Religia, kresy.pl<\/p><p class=\"zrodlo_sz\">fot. \u00d0\u00d0\u0161\u00d0\u2019\u00d0\u00a1 \/ Wikimedia Commons<\/p><blockquote><p><strong>Wybrane komentarze internaut\u00f3w ze strony \u017ar\u00f3d\u0142owej:<\/strong><\/p><p><em>PR<\/em><\/p><p>Taki sam &#8222;anio\u0142&#8221; jak Jozafat Kocy\u0142owski kt\u00f3rego beatyfikowa\u0142 JPII, kt\u00f3ry by\u0142 kapelanem SS Galizien i otwarcie popiera\u0142 antypolskie dzia\u0142ania. Tak to w\u0142a\u015bnie dzia\u0142a ko\u015bci\u00f3\u0142&#8230;<\/p><p><em>Reagan<\/em><\/p><p>A dlaczego by nie? 16 lipca 2015r papie\u017c Franciszek uzna\u0142 heroiczno\u015b\u0107 cn\u00f3t unickiego arcybiskupa Andrzeja Szeptyckiego. Ju\u017c tydzie\u0144 po og\u0142oszeniu objawi\u0142 si\u0119 cud. W zasadzie ten zdrajca Polski, kolaborant sowiecki i hitlerowski ju\u017c dzi\u015b mo\u017ce by\u0107 beatyfikowany i stawiany nam za wz\u00f3r. Dlaczego sam Stefan Bandera lub Szuchewycz, Enej i Kupiak nie mieliby by\u0107 \u015bwi\u0119tymi r\u00f3wnie\u017c naszego ko\u015bcio\u0142a? Wszystko jest mo\u017cliwe? Ale przecie\u017c odbywa si\u0119 to przy milcz\u0105cej zgodzie lub oboj\u0119tno\u015bci polskiego episkopatu i w\u0142adz pa\u0144stwowych. Polski episkopat przez 70 lat od krwawych mord\u00f3w na Polakach dokonanych przez Ukrai\u0144sk\u0105 Armi\u0119 Powsta\u0144cz\u0105, Organizacj\u0119 Ukrai\u0144skich Nacjonalist\u00f3w oraz SS Galizien, ten nasz episkopat nie potrafi\u0142 doprowadzi\u0107 cho\u0107by do beatyfikacji bodaj jednego m\u0119czennika kresowego. Cho\u0107by jednego spo\u015br\u00f3d 120 polskich ksi\u0119\u017cy lub si\u00f3str zamordowanych przez banderowc\u00f3w. O zwyk\u0142ych ludziach, kt\u00f3rzy oddali \u017cycie w obronie kap\u0142an\u00f3w nie wspomn\u0119. Jak to si\u0119 dzieje?<\/p><p><em>Edyta<\/em><\/p><p>&#8222;Dba\u0142 o stan ducha i patriotyzm narodu ukrai\u0144skiego.&#8221; Jakie by\u0142y tego owoce? rze\u017a Polak\u00f3w i straszliwe tortury banderowc\u00f3w?<\/p><\/blockquote><p class=\"zrodlo\">Za: <a href=\"http:\/\/www.pch24.pl\/ukraina--ruszy-proces-beatyfikacyjny-ojca-stepana-bandery-,37590,i.html#ixzz3j5CJxhk6\">PoloniaChristiana &#8211; pch24.pl (2015-08-17)<\/a><\/p>","protected":false},"excerpt":{"rendered":"Cerkiew greko-katolicka na Ukrainie chce beatyfikacji ks. Andrzeja (Andrija) Bandery, ojca nacjonalisty Stepana Bandery. W ostatnich dniach na zachodniej Ukrainie zintensyfikowano dzia\u0142ania na rzecz beatyfikacji duchownego.Pomys\u0142 beatyfikacji ks. Andrija Bandery pojawi\u0142 si\u0119 w 2009 r., jednak dopiero w ostatnich tygodniach ukrai\u0144scy greko-katolicy zacz\u0119li kompletowa\u0107 niezb\u0119dn\u0105 dokumentacj\u0119. Dokumenty i zeznania \u015bwiadk\u00f3w maj\u0105 pos\u0142u\u017cy\u0107 do pe\u0142nego zbadania [&hellip;]","protected":false},"author":1,"featured_media":0,"comment_status":"closed","ping_status":"closed","sticky":false,"template":"","format":"standard","meta":{"_acf_changed":false,"_monsterinsights_skip_tracking":false,"_monsterinsights_sitenote_active":false,"_monsterinsights_sitenote_note":"","_monsterinsights_sitenote_category":0,"ngg_post_thumbnail":0,"footnotes":"","_wp_rev_ctl_limit":""},"categories":[6],"tags":[65,30,167,17,41],"acf":[],"_links":{"self":[{"href":"https:\/\/www.bibula.com\/index.php?rest_route=\/wp\/v2\/posts\/82962"}],"collection":[{"href":"https:\/\/www.bibula.com\/index.php?rest_route=\/wp\/v2\/posts"}],"about":[{"href":"https:\/\/www.bibula.com\/index.php?rest_route=\/wp\/v2\/types\/post"}],"author":[{"embeddable":true,"href":"https:\/\/www.bibula.com\/index.php?rest_route=\/wp\/v2\/users\/1"}],"replies":[{"embeddable":true,"href":"https:\/\/www.bibula.com\/index.php?rest_route=%2Fwp%2Fv2%2Fcomments&post=82962"}],"version-history":[{"count":0,"href":"https:\/\/www.bibula.com\/index.php?rest_route=\/wp\/v2\/posts\/82962\/revisions"}],"wp:attachment":[{"href":"https:\/\/www.bibula.com\/index.php?rest_route=%2Fwp%2Fv2%2Fmedia&parent=82962"}],"wp:term":[{"taxonomy":"category","embeddable":true,"href":"https:\/\/www.bibula.com\/index.php?rest_route=%2Fwp%2Fv2%2Fcategories&post=82962"},{"taxonomy":"post_tag","embeddable":true,"href":"https:\/\/www.bibula.com\/index.php?rest_route=%2Fwp%2Fv2%2Ftags&post=82962"}],"curies":[{"name":"wp","href":"https:\/\/api.w.org\/{rel}","templated":true}]}}