{"id":82827,"date":"2015-08-10T12:01:43","date_gmt":"2015-08-10T16:01:43","guid":{"rendered":"http:\/\/www.bibula.com\/?p=82827"},"modified":"2015-08-10T12:44:26","modified_gmt":"2015-08-10T16:44:26","slug":"orban-spotkal-sie-z-miedwiediewem","status":"publish","type":"post","link":"https:\/\/www.bibula.com\/?p=82827","title":{"rendered":"Orban spotka\u0142 si\u0119 z Miedwiediewem"},"content":{"rendered":"<p><strong>Premier W\u0119gier spotka\u0142 si\u0119 z premierem Dmitrijem Miedwiediewem przy okazji mistrzostw \u015bwiata w p\u0142ywaniu, kt\u00f3re odbywaj\u0105 si\u0119 w Kazaniu.<\/strong><\/p><p>Orban odby\u0142 z premierem Rosji rozmowy, po kt\u00f3rych obaj zapewnili o \u201eprzyjaznych stosunkach\u201d \u0142\u0105cz\u0105cych oba kraje. Premier W\u0119gier podkre\u015bli\u0142, \u017ce pomimo \u201eobecnych trudno\u015bci\u201d jego kraj zamierza utrzyma\u0107 \u201ewszystko to, co dobre\u201d w relacjach z Rosj\u0105. Z kolei Miedwiediew powiedzia\u0142, \u017ce stosunki Rosji z W\u0119grami, niezale\u017cnie od sankcji, pozostaj\u0105 \u201estabilne i przyjacielskie\u201d.<\/p><p>IAR \/ TVP.info \/ Kresy.pl<\/p>","protected":false},"excerpt":{"rendered":"Premier W\u0119gier spotka\u0142 si\u0119 z premierem Dmitrijem Miedwiediewem przy okazji mistrzostw \u015bwiata w p\u0142ywaniu, kt\u00f3re odbywaj\u0105 si\u0119 w Kazaniu.Orban odby\u0142 z premierem Rosji rozmowy, po kt\u00f3rych obaj zapewnili o \u201eprzyjaznych stosunkach\u201d \u0142\u0105cz\u0105cych oba kraje. Premier W\u0119gier podkre\u015bli\u0142, \u017ce pomimo \u201eobecnych trudno\u015bci\u201d jego kraj zamierza utrzyma\u0107 \u201ewszystko to, co dobre\u201d w relacjach z Rosj\u0105. Z kolei [&hellip;]","protected":false},"author":1,"featured_media":0,"comment_status":"closed","ping_status":"closed","sticky":false,"template":"","format":"standard","meta":{"_acf_changed":false,"_monsterinsights_skip_tracking":false,"ngg_post_thumbnail":0,"footnotes":"","_wp_rev_ctl_limit":""},"categories":[6],"tags":[179,141],"acf":[],"_links":{"self":[{"href":"https:\/\/www.bibula.com\/index.php?rest_route=\/wp\/v2\/posts\/82827"}],"collection":[{"href":"https:\/\/www.bibula.com\/index.php?rest_route=\/wp\/v2\/posts"}],"about":[{"href":"https:\/\/www.bibula.com\/index.php?rest_route=\/wp\/v2\/types\/post"}],"author":[{"embeddable":true,"href":"https:\/\/www.bibula.com\/index.php?rest_route=\/wp\/v2\/users\/1"}],"replies":[{"embeddable":true,"href":"https:\/\/www.bibula.com\/index.php?rest_route=%2Fwp%2Fv2%2Fcomments&post=82827"}],"version-history":[{"count":0,"href":"https:\/\/www.bibula.com\/index.php?rest_route=\/wp\/v2\/posts\/82827\/revisions"}],"wp:attachment":[{"href":"https:\/\/www.bibula.com\/index.php?rest_route=%2Fwp%2Fv2%2Fmedia&parent=82827"}],"wp:term":[{"taxonomy":"category","embeddable":true,"href":"https:\/\/www.bibula.com\/index.php?rest_route=%2Fwp%2Fv2%2Fcategories&post=82827"},{"taxonomy":"post_tag","embeddable":true,"href":"https:\/\/www.bibula.com\/index.php?rest_route=%2Fwp%2Fv2%2Ftags&post=82827"}],"curies":[{"name":"wp","href":"https:\/\/api.w.org\/{rel}","templated":true}]}}