{"id":82790,"date":"2015-08-07T09:23:01","date_gmt":"2015-08-07T13:23:01","guid":{"rendered":"http:\/\/www.bibula.com\/?p=82790"},"modified":"2015-08-07T09:57:28","modified_gmt":"2015-08-07T13:57:28","slug":"ksieza-przepraszaja-komorowskiego","status":"publish","type":"post","link":"https:\/\/www.bibula.com\/?p=82790","title":{"rendered":"Ksi\u0119\u017ca przepraszaj\u0105 Komorowskiego"},"content":{"rendered":"<p><strong>W ko\u015bciele ss. wizytek w Warszawie odprawiono msz\u0119 \u015bw. w intencji Bronis\u0142awa Komorowskiego i jego rodziny. Ksi\u0119\u017c\u0105 sprawuj\u0105cy liturgi\u0119 przeprosili ust\u0119puj\u0105cego prezydenta za \u201ewiele pod\u0142ych niesprawiedliwo\u015bci wypowiedzianych przez ludzi Ko\u015bcio\u0142a\u201d.<\/strong><\/p><p>Opr\u00f3cz pary prezydenckiej na mszy \u015bw. obecni byli przedstawiciele kancelarii Bronis\u0142awa Komorowskiego: Jacek Micha\u0142owski, Maciej Klimczak, Irena W\u00f3ycicka i Henryk Wujec, a tak\u017ce prezydent Warszawy Hanna Gronkiewicz-Waltz.<\/p><p><span class=\"pullquote\">Msz\u0119 koncelebrowali rektor ko\u015bcio\u0142a ss. wizytek ks. Aleksander Seniuk, ks. Kazimierz Sowa, ks. Stanis\u0142aw Opiela i ks. Andrzej Luter<\/span>.<\/p><p>&#8211; <strong>Dzisiaj dzi\u0119kujemy panu prezydentowi Bronis\u0142awowi Komorowskiemu za pi\u0119\u0107 lat jego prezydentury, za jego s\u0142u\u017cb\u0119 wolnej Polsce. Dzi\u0119kujemy mu za to budowanie pomost\u00f3w, za to, \u017ce \u201enie umywa\u0142 r\u0105k\u201d, za to, \u017ce otwiera\u0142 si\u0119 na innych ludzi, na inne pogl\u0105dy, na inn\u0105 wizj\u0119 \u015bwiata, na inn\u0105 wizj\u0119 cz\u0142owieka, kieruj\u0105c si\u0119 przy tym zawsze chrze\u015bcija\u0144sk\u0105 intuicj\u0105 i wiar\u0105. Dzi\u0119kujemy, \u017ce nie pr\u00f3bowa\u0142 budowa\u0107 Polski sterylnej, dzi\u0119kujemy, panie prezydencie<\/strong> &#8211; m\u00f3wi\u0142 podczas homilii ks. Luter. Zebrani odpowiedzieli brawami.<\/p><p>&#8211; <strong>W ostatnim czasie spotka\u0142o pana, panie prezydencie, wiele niesprawiedliwo\u015bci, tak\u017ce bardzo pod\u0142ych. I niestety by\u0142y one wypowiadane przez ludzi, kt\u00f3rych nazywamy lud\u017ami Ko\u015bcio\u0142a. Zosta\u0142y przez nich samych wypowiedziane i innych, z ich b\u0142ogos\u0142awie\u0144stwem. S\u0142owa, kt\u00f3re nigdy nie powinny si\u0119 pojawi\u0107 w ustach takich ludzi. \u015awi\u0119te s\u0142owa mi\u0142o\u015b\u0107 i mi\u0142osierdzie by\u0142y poniewierane w\u015br\u00f3d s\u0142\u00f3w nikczemnych. I nikt mnie nie przekona, \u017ce taki j\u0119zyk mo\u017ce p\u0142yn\u0105\u0107 z serca przemienionego. P\u0142ynie z serca kamiennego <\/strong>&#8211; m\u00f3wi\u0142 rektor ks. Aleksander Seniuk.\u00a0<\/p><p>&#8211; <strong>My, tzn. Andrzej Luter, Staszek Opiela, Kazik Sowa i jeszcze inni, kt\u00f3rzy mi zg\u0142aszali z przykro\u015bci\u0105, \u017ce nie mog\u0105 przyby\u0107 (&#8230;), nie jeste\u015bmy episcopoi (z gr. biskupi), my jeste\u015bmy presbyteroi &#8211; kap\u0142ani (&#8230;) i czujemy odpowiedzialno\u015b\u0107 za te niesprawiedliwo\u015bci rzucane na pana <\/strong>&#8211; m\u00f3wi\u0142 ks. Seniuk. &#8211; <strong>Wyobra\u017amy sobie, jak pana, panie prezydencie, rani\u0105 te s\u0142owa zw\u0142aszcza dotycz\u0105ce pana wiary, sumienia, wierno\u015bci Ko\u015bcio\u0142owi. Wi\u0119c prosz\u0119 przyj\u0105\u0107, panie prezydencie, pani Anno (&#8230;) i m\u00f3wi\u0119 to w imieniu, my\u015bl\u0119, wielu kap\u0142an\u00f3w &#8211; przepraszamy was, prosimy o wybaczenie nam i tak\u017ce tym wszystkim, kt\u00f3rzy nie wiedz\u0105, co czyni\u0105<\/strong> &#8211; doda\u0142, co zebrani zn\u00f3w przyj\u0119li brawami.<\/p><p>TVP.info\/KRESY.PL<\/p><p class=\"zrodlo\">Za: <a href=\"http:\/\/www.pch24.pl\/rzecznik-archidiecezji-warszawskiej--sprawa-slow--ktore-padly-nasz-mszy-za-komorowskiego-bedzie-wyjasniana-,37445,i.html\">Kresy.pl (<span class=\"date\">07 sierpnia 2015<\/span>)<\/a><\/p><h4>\u00a0<\/h4><hr style=\"background-color: #000000; border-width: 0; color: #000000; height: 2px; line-height: 0; text-align: center; width: 100%;\" \/><h4>\u00a0<\/h4><h2>Rzecznik Archidiecezji Warszawskiej: sprawa s\u0142\u00f3w, kt\u00f3re pad\u0142y na Mszy za Komorowskiego b\u0119dzie wyja\u015bniana<\/h2><p><strong>Na pytanie portalu PCh24.pl o reakcj\u0119 Kurii Warszawskiej na s\u0142owa, kt\u00f3re pad\u0142y podczas Mszy \u015aw. z udzia\u0142em Bronis\u0142awa Komorowskiego w ko\u015bciele ss. Wizytek, rzecznik Archidiecezji, ksi\u0105dz Przemys\u0142aw \u015aliwi\u0144ski odpowiedzia\u0142, i\u017c jak zawsze, kiedy s\u0142owa kap\u0142ana wzbudzaj\u0105 medialne poruszenie sprawa \u201eb\u0119dzie wyja\u015bniana\u201d.<\/strong><\/p><p><img fetchpriority=\"high\" decoding=\"async\" class=\"\" src=\"http:\/\/www.pch24.pl\/images\/min_mid_big\/mid_37445.jpg\" alt=\"Rzecznik Archidiecezji Warszawskiej: sprawa s\u0142\u00f3w, kt\u00f3re pad\u0142y na Mszy za Komorowskiego b\u0119dzie wyja\u015bniana \" width=\"601\" height=\"355\" \/><\/p><p><em>fot. Jan Lorek<\/em><\/p><p>Czy jednak doczekamy si\u0119 oficjalnego komunikatu ze strony Kurii, tego od ks. \u015aliwi\u0144skiego\u00a0si\u0119\u00a0nie dowiedzieli\u015bmy.<\/p><p>Msz\u0119 \u015awi\u0119t\u0105 koncelebrowali ksi\u0119\u017ca Andrzej Luter, Kazimierz Sowa, Aleksander Seniuk i Stanis\u0142aw Opiela. Ks. Luter zwr\u00f3ci\u0142 si\u0119 te\u017c w kazaniu bezpo\u015brednio do b. prezydenta RP Bronis\u0142awa Komorowskiego m\u00f3wi\u0105c, \u017ce &#8222;dzisiaj dzi\u0119kujemy za 5 lat jego prezydentury, za jego s\u0142u\u017cb\u0119 w wolnej Polsce&#8221;. &#8211; <em>Dzi\u0119kujemy mu za to &#8222;budowanie pomost\u00f3w&#8221;, za to, \u017ce nie &#8222;umywa\u0142 r\u0105k&#8221;, za to, \u017ce otwiera\u0142 si\u0119 na innych ludzi, na inne pogl\u0105dy, na inn\u0105 wizj\u0119 \u015bwiata, na inn\u0105 wizj\u0119 cz\u0142owieka, kieruj\u0105c si\u0119 przy tym zawsze chrze\u015bcija\u0144sk\u0105 intuicj\u0105 i wiar\u0105. Dzi\u0119kujemy mu, \u017ce nie pr\u00f3bowa\u0142 budowa\u0107 Polski sterylnej<\/em> &#8211; stwierdzi\u0142 kaznodzieja.<\/p><p>Na zako\u0144czenie Mszy g\u0142os zabra\u0142 r\u00f3wnie\u017c rektor ko\u015bcio\u0142a wizytek ks. Seniuk. Wzruszony powiedzia\u0142, \u017ce w ostatnim czasie prezydenta Komorowskiego &#8222;spotka\u0142o wiele niesprawiedliwo\u015bci&#8221; a niekt\u00f3re z nich zosta\u0142y wypowiedziane r\u00f3wnie\u017c przez &#8222;ludzi Ko\u015bcio\u0142a&#8221;. &#8211; <em>My nie jeste\u015bmy <\/em>episkopoi<em> ale <\/em>prezbiteroi<em> i ka\u017cdy na swoj\u0105 miar\u0119 czuje odpowiedzialno\u015b\u0107 za te niesprawiedliwo\u015bci rzucane na Pana. To prawda, \u017ce nieraz w poczuciu bezsilno\u015bci milczymy wtedy, kiedy trzeba wo\u0142a\u0107, \u017ce tak nie mo\u017cna, \u017ce tak nie m\u00f3wi Ewangelia <\/em>&#8211; stwierdzi\u0142 kap\u0142an. Wed\u0142ug niego przeprasza\u0142 za wielu ksi\u0119\u017cy, wed\u0142ug kt\u00f3rych ostatnio pad\u0142o wiele s\u0142\u00f3w rani\u0105cych by\u0142ego prezydenta, a dotycz\u0105cych jego wiary, sumienia i wierno\u015bci Ko\u015bcio\u0142owi. &#8211; <em>Prosimy, wybaczcie nam i tak\u017ce tym wszystkim, kt\u00f3rzy nie wiedz\u0105, co czyni\u0105<\/em> &#8211; powiedzia\u0142. \u00a0<\/p><p>Do sprawy \u201eprzeprosin\u201d odni\u00f3s\u0142 si\u0119 tak\u017ce na antenie TVP INFO ks. Kazimierz Sowa z archidiecezji krakowskiej: \u201eMieli\u015bmy tak\u0105 wewn\u0119trzn\u0105 potrzeb\u0119, by powiedzie\u0107 mu, \u017ce nie godzi si\u0119 por\u00f3wnywa\u0107 kogo\u015b do Hitlera. Prezydent Komorowski jest osob\u0105, kt\u00f3rej Ko\u015bci\u00f3\u0142 zar\u00f3wno w latach osiemdziesi\u0105tych, jak i w latach wolno\u015bci wiele zawdzi\u0119cza\u201d.<\/p><p>Zdaniem duchownego , niekt\u00f3re s\u0142owa, jakie pada\u0142y z ust duchownych, obra\u017ca\u0142y Bronis\u0142awa Komorowskiego i dezawuowa\u0142y to, co w swoim \u017cyciu zrobi\u0142. &#8211; <em>To nie by\u0142 wy\u0142\u0105cznie komentarz do jakich\u015b ostatnich wydarze\u0144. Nie ma czego\u015b takiego jak opinia ca\u0142ego episkopatu w sprawie Bronis\u0142awa Komorowskiego. Tak samo nasze przeprosiny s\u0105 nasz\u0105 prywatn\u0105 inicjatyw\u0105<\/em> &#8211; uwa\u017ca ks. Sowa.<\/p><p>luk<\/p><p class=\"zrodlo\">Za: <a href=\"http:\/\/www.pch24.pl\/rzecznik-archidiecezji-warszawskiej--sprawa-slow--ktore-padly-nasz-mszy-za-komorowskiego-bedzie-wyjasniana-,37445,i.html\">PoloniaChristiana &#8211; pch24.pl (2015-08-07)<\/a><\/p><h4>\u00a0<\/h4><hr style=\"background-color: #000000; border-width: 0; color: #000000; height: 2px; line-height: 0; text-align: center; width: 100%;\" \/><h4>\u00a0<\/h4><h2>Ks. prof. Bortkiewicz o Mszy za Komorowskiego: czy ksi\u0105dz Seniuk wie, co m\u00f3wi?<\/h2><p><strong>\u201eMsza mia\u0142a charakter nie prosz\u0105cy, nie przeb\u0142agalny, a dzi\u0119kczynny. Owszem pojawi\u0142 si\u0119 w niej element przeb\u0142agania, ale\u2026 za wypowiedzi ludzi Ko\u015bcio\u0142a oceniaj\u0105ce krytycznie moralne aspekty prezydentury Komorowskiego\u201d &#8211; zauwa\u017ca na portalu Fronda.pl, Ks. prof. Pawe\u0142 Bortkiewicz TChr odnosz\u0105c si\u0119 do s\u0142\u00f3w, kt\u00f3re pad\u0142y podczas Mszy \u015aw. z udzia\u0142em Bronis\u0142awa Komorowskiego w ko\u015bciele ss. Wizytek.<\/strong><\/p><p>Ksi\u0105dz Bortkiewicz w komentarzu dla Fronda.pl przypomnia\u0142 s\u0142owa ks. Seniuka, kt\u00f3re pad\u0142y podczas Mszy \u015bw. sprawowanej w ko\u015bciele wizytek w Warszawie: \u201enie jeste\u015bmy episcopoi (z gr. biskupi), my jeste\u015bmy presbyteroi &#8211; kap\u0142ani (&#8230;) i czujemy odpowiedzialno\u015b\u0107 za te niesprawiedliwo\u015bci rzucane na pana. Wyobra\u017amy sobie, jak pana, panie prezydencie, rani\u0105 te s\u0142owa zw\u0142aszcza dotycz\u0105ce pana wiary, sumienia, wierno\u015bci Ko\u015bcio\u0142owi. Wi\u0119c prosz\u0119 przyj\u0105\u0107, panie prezydencie, pani Anno (&#8230;) i m\u00f3wi\u0119 to w imieniu, my\u015bl\u0119, wielu kap\u0142an\u00f3w &#8211; przepraszamy was, prosimy o wybaczenie nam i tak\u017ce tym wszystkim, kt\u00f3rzy nie wiedz\u0105, co czyni\u0105\u201d.<\/p><p>\u201eJe\u015bli ksi\u0105dz wypowiadaj\u0105cy te s\u0142owa, by\u0142 poczytalny, powinien bezwzgl\u0119dnie odpowiedzie\u0107 za zdeprecjonowanie s\u0142\u00f3w polskiego episkopatu, za wykpienie ich powagi, za szkodliw\u0105 bezmy\u015blno\u015b\u0107\u201d &#8211; pyta ks. Bortkiewicz.<\/p><p>Jak zauwa\u017ca duchowny \u201ewarto zapyta\u0107, czy ks. rektor Seniuk wie, co m\u00f3wi, czy te\u017c \u00a0powtarza to, co m\u00f3wi\u0105 niekt\u00f3re media? Czy wie, \u017ce istnieje dla nas wierz\u0105cych nie Urz\u0105d Nauczycielski GW i TVN, ale Urz\u0105d Nauczycielski Ko\u015bcio\u0142a?\u201d.<\/p><p>\u201eBardzo niepokoj\u0105ce jest owo przeciwstawienie biskup\u00f3w i kap\u0142an\u00f3w. Skoro ks. Seniuk tak lubi j\u0119zyk grecki, mo\u017ce warto, by przypomnia\u0142 sobie, jaki jest \u017ar\u00f3d\u0142os\u0142\u00f3w podzia\u0142u, dzielenia? Czy nie wsp\u00f3\u0142brzmi on z\u00a0dia ballo?\u201d &#8211; zauwa\u017ca ks. prof. Pawe\u0142 Bortkiewicz TChr.<\/p><p>\u0179r\u00f3d\u0142o: Fronda.pl<\/p><p>luk<\/p><p class=\"zrodlo\">Za: <a href=\"http:\/\/www.pch24.pl\/ks--prof--bortkiewicz-o-mszy-za-komorowskiego--czy-ksiadz-seniuk-wie--co-mowi-,37442,i.html\">PoloniaChristiana &#8211; pch24.pl (<span class=\"date\">07 sierpnia 2015<\/span>)<\/a><\/p><h4>\u00a0<\/h4><hr style=\"background-color: #000000; border-width: 0; color: #000000; height: 2px; line-height: 0; text-align: center; width: 100%;\" \/><h4>\u00a0<\/h4><h2>Ma\u0142a schizma w Warszawie? Ksi\u0119\u017ca dzi\u0119kuj\u0105 za kadencj\u0119 Komorowskiego i przepraszaj\u0105 go za \u201eludzi Ko\u015bcio\u0142a\u201d<\/h2><p><img decoding=\"async\" class=\"\" src=\"http:\/\/www.pch24.pl\/images\/min_mid_big\/mid_37421.jpg\" alt=\"Ma\u0142a schizma w Warszawie? Ksi\u0119\u017ca dzi\u0119kuj\u0105 za kadencj\u0119 Komorowskiego i przepraszaj\u0105 go za \u201eludzi Ko\u015bcio\u0142a\u201d\" width=\"601\" height=\"355\" \/><\/p><p><em>Krystian Maj\/FORUM<\/em><\/p><p><strong>Msz\u0119 w warszawskim ko\u015bciele si\u00f3str Wizytek odprawiono w intencji Bronis\u0142awa Komorowskiego, Anny Komorowskiej i ca\u0142ej ich rodziny. Pocz\u0105tkowo KAI informowa\u0142a, \u017ce intencj\u0105 mszy b\u0119dzie \u201epodzi\u0119kowanie za pi\u0119\u0107 lat prezydentury\u201d. W ko\u015bciele tak czy inaczej dosz\u0142o do skandalu &#8211; ksi\u0119\u017ca poczuli si\u0119 w obowi\u0105zku przeprosi\u0107 Komorowskiego za \u201eludzi Ko\u015bcio\u0142a\u201d, sugeruj\u0105c przy tym, \u017ce przepraszaj\u0105 za postaw\u0119 biskup\u00f3w.<\/strong><\/p><p>Msz\u0119 \u015awi\u0119t\u0105 koncelebrowali ksi\u0119\u017ca Andrzej Luter, Kazimierz Sowa, Aleksander Seniuk i Stanis\u0142aw Opiela. Ks. Luter zwr\u00f3ci\u0142 si\u0119 te\u017c w kazaniu bezpo\u015brednio do b. prezydenta RP Bronis\u0142awa Komorowskiego m\u00f3wi\u0105c, \u017ce &#8222;dzisiaj dzi\u0119kujemy za 5 lat jego prezydentury, za jego s\u0142u\u017cb\u0119 w wolnej Polsce&#8221;. &#8211; <em>Dzi\u0119kujemy mu za to &#8222;budowanie pomost\u00f3w&#8221;, za to, \u017ce nie &#8222;umywa\u0142 r\u0105k&#8221;, za to, \u017ce otwiera\u0142 si\u0119 na innych ludzi, na inne pogl\u0105dy, na inn\u0105 wizj\u0119 \u015bwiata, na inn\u0105 wizj\u0119 cz\u0142owieka, kieruj\u0105c si\u0119 przy tym zawsze chrze\u015bcija\u0144sk\u0105 intuicj\u0105 i wiar\u0105. Dzi\u0119kujemy mu, \u017ce nie pr\u00f3bowa\u0142 budowa\u0107 Polski sterylnej<\/em> &#8211; stwierdzi\u0142 kaznodzieja.<\/p><p>Przypomnijmy, \u017ce dwa tygodnie temu informowali\u015bmy &#8211; za Katolick\u0105 Agencj\u0105 Informacyjn\u0105 &#8211; \u017ce intencj\u0105 Mszy \u015awi\u0119tej ma by\u0107 \u201edzi\u0119kczynienie za prezydentur\u0119 Bronis\u0142awa Komorowskiego\u201d. Wywo\u0142a\u0142o to lawin\u0119 krytyki pod adresem ksi\u0119dza przyjmuj\u0105cego tak\u0105 intencj\u0119 &#8211; w ostatnich tygodniach prezydentury podpisa\u0142 antyklerykaln\u0105 konwencj\u0119 zwan\u0105 anty-przemocow\u0105, oraz stanowczo oprotestowan\u0105 przez Ko\u015bci\u00f3\u0142 ustaw\u0119 o in-vitro. Po tej informacji poinformowano jednak, \u017ce intencja Mszy \u015awi\u0119tej b\u0119dzie inna. Podzi\u0119kowa\u0144 dla Komorowskiego jak wida\u0107 jednak nie zabrak\u0142o.<\/p><p>Na zako\u0144czenie Mszy g\u0142os zabra\u0142 r\u00f3wnie\u017c rektor ko\u015bcio\u0142a wizytek ks. Seniuk. Wzruszony powiedzia\u0142, \u017ce w ostatnim czasie prezydenta Komorowskiego &#8222;spotka\u0142o wiele niesprawiedliwo\u015bci&#8221; a niekt\u00f3re z nich zosta\u0142y wypowiedziane r\u00f3wnie\u017c przez &#8222;ludzi Ko\u015bcio\u0142a&#8221;. &#8211; <em>My nie jeste\u015bmy <\/em>episkopoi<em> ale <\/em>prezbiteroi<em> i ka\u017cdy na swoj\u0105 miar\u0119 czuje odpowiedzialno\u015b\u0107 za te niesprawiedliwo\u015bci rzucane na Pana. To prawda, \u017ce nieraz w poczuciu bezsilno\u015bci milczymy wtedy, kiedy trzeba wo\u0142a\u0107, \u017ce tak nie mo\u017cna, \u017ce tak nie m\u00f3wi Ewangelia <\/em>&#8211; stwierdzi\u0142 kap\u0142an. Wed\u0142ug niego przeprasza\u0142 za wielu ksi\u0119\u017cy, wed\u0142ug kt\u00f3rych ostatnio pad\u0142o wiele s\u0142\u00f3w rani\u0105cych by\u0142ego prezydenta, a dotycz\u0105cych jego wiary, sumienia i wierno\u015bci Ko\u015bcio\u0142owi. &#8211; <em>Prosimy, wybaczcie nam i tak\u017ce tym wszystkim, kt\u00f3rzy nie wiedz\u0105, co czyni\u0105<\/em> &#8211; powiedzia\u0142. \u00a0<\/p><p>\u0179r\u00f3d\u0142o: KAI<\/p><p>kra<\/p><p class=\"zrodlo\">Za: <a href=\"http:\/\/www.pch24.pl\/mala-schizma-w-warszawie--ksieza-dziekuja-za-kadencje-komorowskiego-i-przepraszaja-go-za-ludzi-kosciola,37421,i.html\">PoloniaChristiana &#8211; pch24.pl (2015-08-07)<\/a><\/p><h4>\u00a0<\/h4><hr style=\"background-color: #000000; border-width: 0; color: #000000; height: 2px; line-height: 0; text-align: center; width: 100%;\" \/>","protected":false},"excerpt":{"rendered":"W ko\u015bciele ss. wizytek w Warszawie odprawiono msz\u0119 \u015bw. w intencji Bronis\u0142awa Komorowskiego i jego rodziny. Ksi\u0119\u017c\u0105 sprawuj\u0105cy liturgi\u0119 przeprosili ust\u0119puj\u0105cego prezydenta za \u201ewiele pod\u0142ych niesprawiedliwo\u015bci wypowiedzianych przez ludzi Ko\u015bcio\u0142a\u201d.Opr\u00f3cz pary prezydenckiej na mszy \u015bw. obecni byli przedstawiciele kancelarii Bronis\u0142awa Komorowskiego: Jacek Micha\u0142owski, Maciej Klimczak, Irena W\u00f3ycicka i Henryk Wujec, a tak\u017ce prezydent Warszawy Hanna [&hellip;]","protected":false},"author":1,"featured_media":0,"comment_status":"closed","ping_status":"closed","sticky":false,"template":"","format":"standard","meta":{"_acf_changed":false,"_monsterinsights_skip_tracking":false,"_monsterinsights_sitenote_active":false,"_monsterinsights_sitenote_note":"","_monsterinsights_sitenote_category":0,"ngg_post_thumbnail":0,"footnotes":"","_wp_rev_ctl_limit":""},"categories":[5],"tags":[92,144,33],"acf":[],"_links":{"self":[{"href":"https:\/\/www.bibula.com\/index.php?rest_route=\/wp\/v2\/posts\/82790"}],"collection":[{"href":"https:\/\/www.bibula.com\/index.php?rest_route=\/wp\/v2\/posts"}],"about":[{"href":"https:\/\/www.bibula.com\/index.php?rest_route=\/wp\/v2\/types\/post"}],"author":[{"embeddable":true,"href":"https:\/\/www.bibula.com\/index.php?rest_route=\/wp\/v2\/users\/1"}],"replies":[{"embeddable":true,"href":"https:\/\/www.bibula.com\/index.php?rest_route=%2Fwp%2Fv2%2Fcomments&post=82790"}],"version-history":[{"count":0,"href":"https:\/\/www.bibula.com\/index.php?rest_route=\/wp\/v2\/posts\/82790\/revisions"}],"wp:attachment":[{"href":"https:\/\/www.bibula.com\/index.php?rest_route=%2Fwp%2Fv2%2Fmedia&parent=82790"}],"wp:term":[{"taxonomy":"category","embeddable":true,"href":"https:\/\/www.bibula.com\/index.php?rest_route=%2Fwp%2Fv2%2Fcategories&post=82790"},{"taxonomy":"post_tag","embeddable":true,"href":"https:\/\/www.bibula.com\/index.php?rest_route=%2Fwp%2Fv2%2Ftags&post=82790"}],"curies":[{"name":"wp","href":"https:\/\/api.w.org\/{rel}","templated":true}]}}