{"id":82707,"date":"2015-08-04T11:09:58","date_gmt":"2015-08-04T15:09:58","guid":{"rendered":"http:\/\/www.bibula.com\/?p=82707"},"modified":"2015-08-05T11:32:23","modified_gmt":"2015-08-05T15:32:23","slug":"facebook-usunal-zdjecia-polskich-pilkarzy-za-koszulki-ze-znakiem-polski-walczacej","status":"publish","type":"post","link":"https:\/\/www.bibula.com\/?p=82707","title":{"rendered":"Facebook usun\u0105\u0142 zdj\u0119cia polskich pi\u0142karzy. Za koszulki ze znakiem Polski Walcz\u0105cej!"},"content":{"rendered":"<p><strong>Trzej pi\u0142karze Lechii Gda\u0144sk &#8211; \u0141ukasz Budzi\u0142ek, Piotr Wi\u015bniewski oraz Sebastian Mila &#8211; postanowili upami\u0119tni\u0107 71. rocznic\u0119 wybuchu Powstania Warszawskiego publikuj\u0105c na Facebooku zdj\u0119cie, na kt\u00f3rym prezentuj\u0105 si\u0119 w koszulkach ze znakiem \u201ePolski Walcz\u0105cej\u201d. Zdj\u0119cie zosta\u0142o usuni\u0119te. Dlaczego? Oficjalnie ma by\u0107 sprzeczne \u201eze standardami spo\u0142eczno\u015bci Facebooka dotycz\u0105cymi nago\u015bci\u201d. Zdj\u0119cie prezentowa\u0142o trzech m\u0119\u017cczyzn w koszulach z kr\u00f3tkim r\u0119kawem\u2026 <br \/> <\/strong><\/p><p>Rzecznik Lechii ujawni\u0142, \u017ce pi\u0142karze klubu za\u0142o\u017cyli okoliczno\u015bciowe koszulki w ramach wsp\u00f3\u0142pracy ze stowarzyszeniem Lwy P\u00f3\u0142nocy. Dokumentuj\u0105ce to zdj\u0119cie zosta\u0142o opublikowane na Facebooku. To nie spodoba\u0142o si\u0119 jednak\u2026 administracji serwisu spo\u0142eczno\u015bciowego.<\/p><p>Zdj\u0119cie zosta\u0142o usuni\u0119te poniewa\u017c &#8211; oficjalnie &#8211; jest niezgodne ze standardami dotycz\u0105cymi\u2026 nago\u015bci. \u201eNiestety, Facebook usun\u0105\u0142 zdj\u0119cie pi\u0142karzy w koszulkach Polski Walcz\u0105cej z powodu naruszenia regulaminu\u201d &#8211; potwierdzi\u0142 rzecznik Lechii, Kacper Suchecki. W jaki spos\u00f3b zdj\u0119cie pi\u0142karzy narusza\u0142o standardy? Tego nie wiemy.<\/p><p>W ostatnim czasie administratorzy serwisu umo\u017cliwili u\u017cytkownikom pokrycie zdj\u0119cia profilowego\u2026 t\u0119czow\u0105 flag\u0105. Wszystko w ramach poparcia dla ruchu LGBT w zwi\u0105zku z decyzj\u0105 ameryka\u0144skiego S\u0105du Najwy\u017cszego w sprawie \u201ema\u0142\u017ce\u0144stw\u201d os\u00f3b tej samej p\u0142ci.<\/p><p>Znane s\u0105 te\u017c inne przypadki usuwania zdj\u0119\u0107 i stron \u201e\u0142ami\u0105cych standardy spo\u0142eczno\u015bci Facebooka\u201d. Prawicowych, katolickich, polemicznych wobec postulat\u00f3w ruchu LGBT. W grudniu Facebook usun\u0105\u0142 stron\u0119 protestacyjn\u0105 \u201eNie kupuj\u0119 w Empiku\u201d, kt\u00f3ra sprzeciwia\u0142a si\u0119 obecno\u015bci Nergala i Marii Czubaszek w kampani reklamowej prowadzonej w okresie \u015bwi\u0105tecznym.<\/p><p>\u0179r\u00f3d\u0142o: niezalezna.pl<\/p><p>mar, mat<\/p><p class=\"zrodlo\">Za: <a href=\"http:\/\/www.pch24.pl\/facebook-usunal-zdjecia-polskich-pilkarzy--za-koszulki-ze-znakiem-polski-walczacej-,37333,i.html\">PoloniaChristiana &#8211; pch24.pl (2015-08-03)<\/a><\/p><h4>\u00a0<\/h4><hr style=\"background-color: #000000; border-width: 0; color: #000000; height: 2px; line-height: 0; text-align: center; width: 100%;\" \/><h4>\u00a0<\/h4><h2>Facebook przeprasza za usuni\u0119cie zdj\u0119cia pi\u0142karzy w patriotycznych koszulkach<\/h2><p><strong>Moderatorzy Facebooka t\u0142umacz\u0105 si\u0119 nawa\u0142em pracy.<\/strong><\/p><p>&#8211;\u00a0Zesp\u00f3\u0142 administrator\u00f3w Facebooka pracuje ca\u0142\u0105 dob\u0119, analizuj\u0105c nap\u0142ywaj\u0105ce zg\u0142oszenia\u00a0&#8211; czytamy w o\u015bwiadczeniu przedstawicieli portalu.<\/p><p>&#8211;\u00a0System raportowania tre\u015bci zosta\u0142 przygotowany z my\u015bl\u0105 o zapewnieniu bezpiecze\u0144stwa osobom korzystaj\u0105cym z portalu i chronieniu ich przed n\u0119kaniem i nadu\u017cyciami ze strony innych os\u00f3b. Przy tak du\u017cej liczbie zg\u0142osze\u0144 czasem zdarza si\u0119 nam pope\u0142ni\u0107 b\u0142\u0105d. W tym przypadku omy\u0142kowo usun\u0119li\u015bmy tre\u015bci strony \u201eLechia Gda\u0144sk\u201d, ale rozpocz\u0119li\u015bmy przywracanie tej tre\u015bci natychmiast po otrzymaniu odpowiedniego zg\u0142oszenia. Rozumiemy, \u017ce pami\u0119\u0107 o Powstaniu Warszawskim jest wa\u017cna dla Polak\u00f3w i jest nam przykro za sytuacj\u0119, kt\u00f3ra zaistnia\u0142a w wyniku tego b\u0142\u0119du\u00a0&#8211; wyja\u015bniaj\u0105 przedstawiciele Facebooka.<\/p><p>Przeczytaj tak\u017ce: <a href=\"http:\/\/www.kresy.pl\/wydarzenia,spoleczenstwo?zobacz\/facebook-usunal-zdjecie-pilkarzy-w-koszulkach-ze-znakiem-polski-walczacej\">Facebook usun\u0105\u0142 zdj\u0119cie pi\u0142karzy w koszulkach ze znakiem \u201ePolski Walcz\u0105cej\u201d<\/a><\/p><p>wirtualnemedia.pl\/KRESY.PL<\/p><p class=\"zrodlo\">Za: <a href=\"http:\/\/www.kresy.pl\/wydarzenia,spoleczenstwo?zobacz\/facebook-przeprasza-za-usuniecie-zdjecia-pilkarzy-w-patriotycznych-koszulkach-\">Kresy.pl (05 sierpnia 2015)<\/a><\/p><h4>\u00a0<\/h4><hr style=\"background-color: #000000; border-width: 0; color: #000000; height: 2px; line-height: 0; text-align: center; width: 100%;\" \/><h4>\u00a0<\/h4>","protected":false},"excerpt":{"rendered":"Trzej pi\u0142karze Lechii Gda\u0144sk &#8211; \u0141ukasz Budzi\u0142ek, Piotr Wi\u015bniewski oraz Sebastian Mila &#8211; postanowili upami\u0119tni\u0107 71. rocznic\u0119 wybuchu Powstania Warszawskiego publikuj\u0105c na Facebooku zdj\u0119cie, na kt\u00f3rym prezentuj\u0105 si\u0119 w koszulkach ze znakiem \u201ePolski Walcz\u0105cej\u201d. Zdj\u0119cie zosta\u0142o usuni\u0119te. Dlaczego? Oficjalnie ma by\u0107 sprzeczne \u201eze standardami spo\u0142eczno\u015bci Facebooka dotycz\u0105cymi nago\u015bci\u201d. Zdj\u0119cie prezentowa\u0142o trzech m\u0119\u017cczyzn w koszulach z [&hellip;]","protected":false},"author":1,"featured_media":0,"comment_status":"closed","ping_status":"closed","sticky":false,"template":"","format":"standard","meta":{"_acf_changed":false,"_monsterinsights_skip_tracking":false,"ngg_post_thumbnail":0,"footnotes":"","_wp_rev_ctl_limit":""},"categories":[12],"tags":[65,16,155,92,213],"acf":[],"_links":{"self":[{"href":"https:\/\/www.bibula.com\/index.php?rest_route=\/wp\/v2\/posts\/82707"}],"collection":[{"href":"https:\/\/www.bibula.com\/index.php?rest_route=\/wp\/v2\/posts"}],"about":[{"href":"https:\/\/www.bibula.com\/index.php?rest_route=\/wp\/v2\/types\/post"}],"author":[{"embeddable":true,"href":"https:\/\/www.bibula.com\/index.php?rest_route=\/wp\/v2\/users\/1"}],"replies":[{"embeddable":true,"href":"https:\/\/www.bibula.com\/index.php?rest_route=%2Fwp%2Fv2%2Fcomments&post=82707"}],"version-history":[{"count":0,"href":"https:\/\/www.bibula.com\/index.php?rest_route=\/wp\/v2\/posts\/82707\/revisions"}],"wp:attachment":[{"href":"https:\/\/www.bibula.com\/index.php?rest_route=%2Fwp%2Fv2%2Fmedia&parent=82707"}],"wp:term":[{"taxonomy":"category","embeddable":true,"href":"https:\/\/www.bibula.com\/index.php?rest_route=%2Fwp%2Fv2%2Fcategories&post=82707"},{"taxonomy":"post_tag","embeddable":true,"href":"https:\/\/www.bibula.com\/index.php?rest_route=%2Fwp%2Fv2%2Ftags&post=82707"}],"curies":[{"name":"wp","href":"https:\/\/api.w.org\/{rel}","templated":true}]}}