{"id":82648,"date":"2015-08-01T18:05:12","date_gmt":"2015-08-01T22:05:12","guid":{"rendered":"http:\/\/www.bibula.com\/?p=82648"},"modified":"2015-08-01T18:05:12","modified_gmt":"2015-08-01T22:05:12","slug":"wywiad-z-marianem-miszalskim-autorem-ksiazki-zydowskie-lobby-polityczne-w-polsce","status":"publish","type":"post","link":"https:\/\/www.bibula.com\/?p=82648","title":{"rendered":"Wywiad z Marianem Miszalskim autorem ksi\u0105\u017cki \u201e\u017bydowskie lobby polityczne w Polsce&#8221;"},"content":{"rendered":"<p>Marian Miszalski urodzi\u0142 si\u0119 1948. Uko\u0144czy\u0142 wydzia\u0142 prawa Uniwersytetu \u0141\u00f3dzkiego i podyplomowe dziennikarstwo na Uniwersytecie Warszawskim. W latach 1973-1981 by\u0142 dziennikarzem \u0142\u00f3dzkiego \u201eG\u0142osu Robotniczego\u201d. W latach osiemdziesi\u0105tych dzia\u0142a\u0142 w NSZZ Solidarno\u015b\u0107. W stanie wojennym by\u0142 internowany. Od 1983 wsp\u00f3\u0142prowadzi z Stanis\u0142awem Michalkiewiczem nielegalne wydawnictwo \u201eKurs\u201d, kt\u00f3re wydawa\u0142o zakazane przez komunistyczny re\u017cim ksi\u0105\u017cki i czasopisma promuj\u0105ce idee wolnorynkowe w PRL. Marian Miszalski dzia\u0142a\u0142 w KPN, PC, UPR. Dzi\u015b publikuje w \u201eNiedzieli\u201d, \u201eNajwy\u017cszym Czasie\u201d, paryskim \u201eG\u0142osie Katolickim\u201d. Jest autorem kilku ksi\u0105\u017cek i t\u0142umaczem (mi\u0119dzy innymi powie\u015bci Jeana Raspaila, publicystyki Guy Sormana, ksi\u0105\u017cki \u201eWandea. Ludob\u00f3jstwo francusko-francuskie\u201d).\u00a0<span id=\"more-44629\"><\/span><\/p><p><img fetchpriority=\"high\" decoding=\"async\" class=\"\" style=\"border: 0px none; margin: 10px;\" src=\"http:\/\/sklep-niezalezna.pl\/userdata\/gfx\/8f0bb440d6cb8c544278d57cfc80ceba.jpg\" alt=\"\" width=\"262\" height=\"364\" align=\"left\" \/><b>Czym jest lobby polityczne ?<\/b><\/p><p>Lobby polityczne to grupa wp\u0142ywu (grupa nacisku), usi\u0142uj\u0105ca wp\u0142ywa\u0107 na w\u0142adze i opini\u0119 publiczn\u0105 celem uzyskania dla siebie korzystnych decyzji, b\u0105d\u017a w praktyce administracyjnej, b\u0105d\u017a w ustawodawstwie.<\/p><p><b>Jakie s\u0105 cele \u017cydowskiego lobby politycznego w Polsce i na \u015bwiecie?<\/b><\/p><p>Na \u015bwiecie &#8211; r\u00f3\u017cne, w zale\u017cno\u015bci od kraju, gdzie takie lobby istnieje i od si\u0142y takiego lobby. W Polsce wskaza\u0142bym kilka cel\u00f3w: interpretacja historii i bie\u017c\u0105cej polityki z \u017cydowskiego punktu widzenia, prezentowanego jako \u201eobiektywny\u201d &#8211; co sk\u0142ada si\u0119 na to, co nazywamy polityk\u0105 historyczn\u0105 (propagand\u0105); judaizacja chrze\u015bcija\u0144stwa, czyli usi\u0142owanie rugowania etyki chrze\u015bcija\u0144skiej z \u017cycia publicznego i zast\u0119powania j\u0105 etyk\u0105 opart\u0105 na judaizmie; popieranie polityki pa\u0144stwa Izrael bez wzgl\u0119du na to, jak ta polityka ma si\u0119 do interes\u00f3w pa\u0144stwa polskiego; polityka kadrowa &#8211; lokowanie \u017byd\u00f3w na wa\u017cnych stanowiskach; wreszcie &#8211; wspieranie roszcze\u0144 maj\u0105tkowych niekt\u00f3rych organizacji \u017cydowskich, wysuwanych ca\u0142kowicie bezpodstawnie pod adresem Polski.<\/p><p><b>Jaka jest skala obecno\u015bci \u017cydowskiego lobby politycznego w polskoj\u0119zycznych mediach?<\/b><\/p><p>G\u0142os tego lobby obecny jest przede wszystkim w mediach nale\u017c\u0105cych do koncernu medialnego \u201eAgora\u201d, kt\u00f3ry prowadzi dzia\u0142alno\u015b\u0107 w segmentach prasy, filmu, ksi\u0105\u017cek, reklamy, internecie i radiu (21 lokalnych stacji nadawczych, radio TOK FM, Rock Radio i w licznych sp\u00f3\u0142kach zale\u017cnych). Jest to bardzo silna obecno\u015b\u0107.<\/p><p><b>Jakie s\u0105 \u017ar\u00f3d\u0142a kulturowe \u017cydowskiego szowinizmu?<\/b><\/p><p>S\u0105dz\u0119, \u017ce takie same, jak wszystkich innych szowinizm\u00f3w: przekonanie, \u017ce jaki\u015b nar\u00f3d jest lepszy od innych i w zwi\u0105zku z tym nale\u017c\u0105 si\u0119 mu szczeg\u00f3lne przywileje kosztem innych. W przypadku \u017byd\u00f3w-szowinist\u00f3w korzenie takiego przekonania mog\u0105 tkwi\u0107 w judaizmie, ale i w zwyk\u0142ej ludzkiej g\u0142upocie.<\/p><p><b>W Polsce kreowany jest mit o zas\u0142ugach w\u0142adc\u00f3w przed rozbiorowej Polski, jak to ma si\u0119 do fakt\u00f3w, w aspekcie uprzywilejowania \u017byd\u00f3w kosztem wi\u0119kszo\u015bci mieszka\u0144c\u00f3w ziem polskich?<\/b><\/p><p>To obszerny temat i trudno mi om\u00f3wi\u0107 go w wywiadzie &#8211; odsy\u0142am do lektury mojej ksi\u0105\u017cki. Niekt\u00f3rzy w\u0142adcy Polski potrzebuj\u0105c pieni\u0119dzy udzielali \u017bydom przywilej\u00f3w fiskalnych w zamian za dostarczanie pieni\u0105dza. Przywileje utrwala\u0142y si\u0119\u2026 Kaha\u0142y stawa\u0142y si\u0119 para-bankami, bez konkurencji.<\/p><p><b>Jaki by\u0142 stosunek ko\u015bcio\u0142a katolickiego w przedrozbiorowej Polsce do uprzywilejowania \u017byd\u00f3w?<\/b><\/p><p>My\u015bl\u0119, \u017ce temat ten wymaga osobnego opracowania. Ko\u015bci\u00f3\u0142 by\u0142 d\u0142ugo przeciwny lichwie, czyli po\u017cyczaniu na procent.<\/p><p><b>Jakimi przywilejami w przedrozbiorowej Polsce cieszyli si\u0119 \u017bydzi?<\/b><\/p><p>Przede wszystkim w\u0142asn\u0105 organizacj\u0105 quasi-pa\u0144stwow\u0105: w\u0142adze \u017cydowskich gmin wyznaniowych (kaha\u0142y) sprawowa\u0142y nad ludno\u015bci\u0105 \u017cydowsk\u0105 w\u0142adz\u0119 administracyjn\u0105 i s\u0105downicz\u0105, prowadzi\u0142y ewidencj\u0119 ludno\u015bci \u017cydowskiej i pob\u00f3r podatk\u00f3w, zar\u00f3wno w imieniu Skarbu pa\u0144stwa, jak w\u0142asnym. Feliks Koneczny pisze wprost, \u017ce by\u0142o to \u201epa\u0144stwo w pa\u0144stwie\u201d, kt\u00f3re nie mia\u0142o tylko w\u0142asnego wojska. Niezale\u017cnie od tego niekt\u00f3rzy \u017bydzi otrzymywali od niekt\u00f3rych w\u0142adc\u00f3w osobiste przywileje (najcz\u0119\u015bciej w zamian za us\u0142ugi menniczo-fiskalne (pob\u00f3r podatk\u00f3w i organizowanie po\u017cyczek pieni\u0119\u017cnych) i dlatego dochodzili do wielkich fortun.<\/p><p><b>Jakie by\u0142y skutki uprzywilejowania \u017byd\u00f3w w przed rozbiorowej Polsce dla Polak\u00f3w i samych \u017byd\u00f3w?<\/b><\/p><p>Istot\u0105 przywileju jest polepszenie czyjej\u015b pozycji ekonomicznej arbitraln\u0105 decyzj\u0105 w\u0142adzy. Przywileje powodowa\u0142y \u0142atwo\u015b\u0107 bogacenia si\u0119 w\u0142adz kahalnych i poszczeg\u00f3lnych beneficjant\u00f3w tych przywilej\u00f3w wzgl\u0119dem innych grup spo\u0142ecznych. Przywileje dziel\u0105, nie \u0142\u0105cza. Quasi-pa\u0144stwowy status \u017cydowskich gmin wyznaniowych &#8211; kt\u00f3ry by\u0142 przywilejem &#8211; separowa\u0142 spo\u0142eczno\u015b\u0107 \u017cydowsk\u0105 od polskiej, niezale\u017cnie od r\u00f3\u017cnicy wyznaniowej.<\/p><p><b>Jaki by\u0142 udzia\u0142 \u017byd\u00f3w w handlu niewolnikami, od czas\u00f3w kiedy ofiarami handlu niewolnikami byli S\u0142owianie a\u017c do czas\u00f3w nowo\u017cytnych?<\/b><\/p><p>Trudno mi powiedzie\u0107, bo nie \u015bledzi\u0142em tego w\u0105tku. Ale historycy s\u0105 na og\u00f3\u0142 zgodni, \u017ce udzia\u0142 \u017byd\u00f3w w handlu niewolnikami by\u0142 bardzo du\u017cy, od czas\u00f3w antycznych do ko\u0144ca trwania niewolnictwa.<\/p><p><b>Czy \u017bydzi po pierwszej wojnie \u015bwiatowej poparli uzyskanie przez Polsk\u0119 niepodleg\u0142o\u015bci?<\/b><\/p><p>Je\u015bli wierzy\u0107 Romanowi Dmowskiemu, bezpo\u015bredniemu uczestnikowi rokowa\u0144 powojennych, poliglocie, \u015bwietnie zorientowanemu w polityce mi\u0119dzynarodowej &#8211; czynili wiele, by m\u0142od\u0105 polsk\u0105 niepodleg\u0142o\u015b\u0107 os\u0142abi\u0107, a terytorialnie Polsk\u0119 umniejszy\u0107. Z pism Romana Dmowskiego wyci\u0105gn\u0105\u0142em w swej ksi\u0105\u017cce ten w\u0105tek: stosunk\u00f3w polsko-\u017cydowskich w okresie paryskiej konferencji pokojowej w roku 1919. O ile wiem &#8211; nikt poza Dmowskim tych relacji tak dok\u0142adnie nie opisa\u0142.<\/p><p><b>Jaka by\u0142a skala wsp\u00f3\u0142pracy \u017byd\u00f3w z nazistami i sowietami podczas II w\u015b?<\/b><\/p><p>Temat wsp\u00f3\u0142pracy \u017byd\u00f3w z nazistami wydaje mi si\u0119 zbyt skomplikowany, z\u0142o\u017cony , by m\u00f3wi\u0107 o nim w kr\u00f3tkim wywiadzie. Odsy\u0142am do \u015bwietnej pracy historycznej Ewy Kurek &#8211; \u201ePoza granic\u0105 solidarno\u015bci\u201d (wydawnictwo CLIO, Lublin, 2008), do kt\u00f3rej zreszt\u0105 odwo\u0142uje si\u0119 w swojej ksi\u0105\u017cce. Wsp\u00f3\u0142praca ta wynika\u0142a, s\u0105dz\u0119, w\u0142a\u015bnie z owej quasi-pa\u0144stwowo\u015bci \u017cydowskiej, utrwalonej przez wieki w Polsce przedrozbiorowej: separowa\u0142 ona od siebie Polak\u00f3w i \u017byd\u00f3w, niezale\u017cnie od r\u00f3\u017cnic religijnych; co do wsp\u00f3\u0142pracy z sowietami &#8211; sprawa jest oczywista: by\u0142a to pot\u0119\u017cna kolaboracja na szkod\u0119 Polski.<\/p><p><b>Jak\u0105 pozycje w okupowanej przez komunist\u00f3w Polsce po II wojnie \u015bwiatowej Polsce zaj\u0119li \u017bydzi ?<\/b><\/p><p>Wyj\u0105tkowo uprzywilejowan\u0105: jako sowieccy nadzorcy komunist\u00f3w rodzimych.<\/p><p><b>Czy \u017bydzi w okupowanej przez komunist\u00f3w Polsce cieszyli si\u0119 przywilejami, niedost\u0119pnymi dla Polak\u00f3w?<\/b><\/p><p>Formalnie nigdzie takich przywilej\u00f3w nie zapisano w prawie (no, mo\u017ce poza zapisami dotycz\u0105cymi \u017cydowskiej reprezentacji w KRN czy PPR, albo tworzenia \u201e\u017cydowskich przedsi\u0119biorstw\u201d), ale sowiecka obsada kluczowych resort\u00f3w si\u0142owych, handlu zagranicznego, finans\u00f3w oraz propagandy \u017bydami skutkowa\u0142a w praktyce uprzywilejowaniem reszty \u017cydowskiej spo\u0142eczno\u015bci. Jego konsekwencje trwaj\u0105 do dzisiaj\u2026<\/p><p><b>Czy prawd\u0105 jest to \u017ce klika Jaruzelskiego bardzo blisko wsp\u00f3\u0142pracowa\u0142a z \u015brodowiskami \u017cydowskimi, na ziemiach polskich i w USA, w ostatniej dekadzie PRL?<\/b><\/p><p>Moim zdaniem wsp\u00f3\u0142praca ekipy Jaruzelskiego z lobby \u017cydowskim w Polsce (mocno os\u0142abionym w 1968 roku wewn\u0119trzn\u0105 walk\u0105 partyjn\u0105 w \u0142onie PZPR &#8211; \u201enatoli\u0144czycy\u201d contra \u201epu\u0142awianie\u201d) zacz\u0119\u0142a si\u0119 w roku 1983, ju\u017c w dwa lata po og\u0142oszeniu stanu wojennego, kiedy to Jaruzelski ostentacyjnie odznaczy\u0142 Medalem Krajowej Rady Narodowej Jakuba Bermana, czo\u0142owego zbrodniarza stalinowskiego w Polsce, \u201eucho i oko\u201d samego Stalina, wcze\u015bniej zwi\u0105zanego z \u201epu\u0142awianami\u201d. O tym ponownym wzajemnym zbli\u017caniu si\u0119 i p\u00f3\u017aniejszej wsp\u00f3\u0142pracy lobby \u017cydowskiego z ekip\u0105 Jaruzelski-Kiszczak pisz\u0119 obszernie w ksi\u0105\u017cce.<\/p><p><b>Czy zgodzi\u0142 by si\u0119 Pan z opini\u0105, \u017ce proces transformacji ustrojowej PRL w III RP zosta\u0142 przygotowany przez komunist\u00f3w w celu zachowania przez nich monopolu w\u0142asno\u015bci i kontroli nad polityk\u0105? Jaka by\u0142a rola \u015brodowiska \u017cydowskiego w tej transformacji? Czy tacy ludzie jak ksi\u0119\u017ca byli zabijani przez komunist\u00f3w bo byli prawdziwymi liderami opozycji kt\u00f3rzy mogli zagrozi\u0107 kontraktowi Jaruzelskiego z lobby \u017cydowskim?<\/b><\/p><p>Co do pierwszego pytania -tak; co do drugiego &#8211; lobby \u017cydowskie zaoferowa\u0142o komunistom sw\u0105 pomoc: os\u0142on\u0119 propagandow\u0105 tej operacji, oczywi\u015bcie &#8211; nie za darmo\u2026 W trzeciej kwestii: zab\u00f3jstwo ks. Jerzego Popie\u0142uszki uwa\u017cam za \u201eprowokacj\u0119 w prowokacji\u201d. Wojskowa bezpieka (WSI) postanowi\u0142a podporz\u0105dkowa\u0107 sobie wreszcie bezpiek\u0119 cywiln\u0105 (SB); moim zdaniem WSI od pocz\u0105tku do ko\u0144ca kontrolowa\u0142o porwanie ks. Jerzego, w trakcie porwania SB zorientowa\u0142o si\u0119, \u017ce zosta\u0142o wci\u0105gni\u0119te w pu\u0142apk\u0119\u2026 Analizuje to obszernie w swej poprzedniej ksi\u0105\u017cce \u201eNajnowsza spiskowa historia Polski\u201d. Potem polecia\u0142y g\u0142owy w SB i Kiszczak podporz\u0105dkowa\u0142 ca\u0142kowicie bezpiece wojskowej bezpiek\u0119 cywiln\u0105. Co do morderstw pozosta\u0142ych ksi\u0119\u017cy &#8211; s\u0142u\u017cy\u0142y z pewno\u015bci\u0105 zastraszaniu i Ko\u015bcio\u0142a, i opinii publicznej, ale nie mam dostatecznej wiedzy by diagnozowa\u0107: czy by\u0142y \u201eoddoln\u0105\u201d inicjatyw\u0105 bezpieczniackich \u201edo\u0142\u00f3w\u201d, czy tym \u201edo\u0142om\u201d kto\u015b \u201ez g\u00f3ry\u201d sugerowa\u0142 takie dzia\u0142ania. Tertium non datur.<\/p><p><b>Jakie organizacje pozarz\u0105dowe stanowi\u0105 zaplecze dla lobby \u017cydowskiego w Polsce?<\/b><\/p><p>Zaplecze? Raczej wzajemnie si\u0119 wspieraj\u0105, na miar\u0119 mo\u017cliwo\u015bci. \u201eAgora\u201d &#8211; Fundacj\u0119 Batorego, Fundacja Batorego &#8211; \u201eAgor\u0119\u201d, i tak, z wzajemno\u015bci\u0105, wszystkie pozosta\u0142e, kt\u00f3re zaliczam w swej ksi\u0105\u017cce do \u017cydowskiego lobby politycznego.<\/p><p><b>Czy \u017bydzi w III RP s\u0105 uprzywilejowani?<\/b><\/p><p>Cho\u0107by ustaw\u0105 o \u201eStosunku pa\u0144stwa polskiego do gmin wyznaniowych \u017cydowskich\u201d, o czym pisz\u0119 obszernie w swej ksi\u0105\u017cce, cho\u0107by finansowaniem \u017bydowskiego Instytutu Historycznego z bud\u017cetu pa\u0144stwa, albo Muzeum Historii \u017byd\u00f3w. Z chwil\u0105, gdy rz\u0105d Tuska uzna\u0142 afiliacje \u017cydowskiej agendy HEART przy Unii Europejskiej i w Polsce &#8211; to uprzywilejowanie mo\u017ce posun\u0105\u0107 si\u0119 znacznie i niebezpiecznie dalej.<\/p><p><b>Jak wielki do tej pory nienale\u017cny maj\u0105tek dostali \u017bydzi, i jakie s\u0105 ich dalsze nieuzasadnione \u017c\u0105dania?<\/b><\/p><p>Trzy organizacje \u017cydowskie ze Stan\u00f3w Zjednoczonych \u017cycz\u0105 sobie od Polski maj\u0105tku warto\u015bci bodaj 60-65 miliard\u00f3w dolar\u00f3w. Do tej pory \u017cydowskie gminy wyznaniowe w Polsce- skupiaj\u0105ce raptem <span class=\"skimlinks-unlinked\">ok.1200<\/span> wyznawc\u00f3w dosta\u0142y do roku 2009 maj\u0105tek szacowany na 287 milion\u00f3w z\u0142otych. Proces przekazywania maj\u0105tku tym gminom ca\u0142y czas trwa, dokonuje si\u0119 w trybie administracyjnym, trudnym do skontrolowania we wszystkich wojew\u00f3dztwach, obj\u0119tych \u201egminami \u017cydowskimi\u201d. Od dawna postuluj\u0119, by kto\u015b z pos\u0142\u00f3w opozycji zainterpelowa\u0142 w tej sprawie ministra spraw wewn\u0119trznych i cyfryzacji, ale jako\u015b boj\u0105 si\u0119 zainterpelowa\u0107\u2026 Mo\u017ce w nadchodz\u0105cej kampanii wyborczej trzeba kandydatom na pos\u0142\u00f3w stawia\u0107 warunek: \u201eNiech pan(pani) teraz, tutaj, g\u0142o\u015bno i publicznie, zobowi\u0105\u017ce si\u0119, \u017ce zainterpeluje w tej sprawie ministra spraw wewn\u0119trznych, bo jak nie, to nie oddamy na pana(pani\u0105) g\u0142os\u00f3w\u201d.<\/p><p>Co wi\u0119cej &#8211; nie wiadomo, do czego zobowi\u0105za\u0142 si\u0119 rz\u0105d PO wobec wspomnianych na pocz\u0105tku organizacji \u017cydowskich chc\u0105cych wy\u0142udzi\u0107 od Polski wielki maj\u0105tek, bo przedstawiciel jednej z tych organizacji stwierdzi\u0142 niedawno publicznie, \u017ce s\u0105 takie zobowi\u0105zania ze strony rz\u0105du PO\/PSL! Wi\u0119c i w tej kwestii trzeba naciska\u0107 kandydat\u00f3w na pos\u0142\u00f3w no i samych pos\u0142\u00f3w. Inaczej &#8211; wiele na to wskazuje &#8211; palcem w bucie nie kiwn\u0105 ci \u201ereprezentanci narodu\u201d\u2026<\/p><p><b>Jaka jest skala imigracji \u017cydowskiej do Polski?<\/b><\/p><p>Podobno 2 tysi\u0105ce paszport\u00f3w rocznie, ale i tu oficjalnych danych brak.<\/p><p><b>Jakie s\u0105 cele \u017byd\u00f3w wobec ko\u015bcio\u0142a katolickiego?<\/b><\/p><p>\u201e\u017byd\u00f3w\u201d to chyba za du\u017co powiedziane; natomiast \u017cydowskie lobby polityczne czyni wiele, by autorytet Ko\u015bcio\u0142a katolickiego podwa\u017ca\u0107, a chrze\u015bcija\u0144stwo &#8211; judaizowa\u0107. W kierunku zast\u0105pienia uniwersalnej etyki chrze\u015bcija\u0144skiej jak\u0105\u015b inn\u0105, odmienn\u0105 etyka\u2026 Rzecz jasna &#8211; im s\u0142abszy Ko\u015bci\u00f3\u0142 Katolicki &#8211; tym lepiej dla takiej polityki.<\/p><p><b>Czy Rosja jest sojusznikiem wsp\u00f3lnoty \u017cydowskiej i Izraela?<\/b><\/p><p>Jak jej wygodnie, to bywa, jak niewygodnie &#8211; to nie bywa\u2026 Nie wierz\u0119 w \u201erosyjski antysemityzm\u201d jako spr\u0119\u017cyn\u0119 jej polityki, tu nie ma sentyment\u00f3w i emocji, s\u0105 interesy, czasem sprzeczne, czasem zbie\u017cne.<\/p><p><b>Czy polityka \u017cydowska wobec Polski wsp\u00f3\u0142cze\u015bnie ma te same cechy co polityka \u017cydowska wobec Polski przed wiekami?<\/b><\/p><p>Odk\u0105d powsta\u0142o pa\u0144stwo Izrael i wytworzy\u0142o si\u0119 pot\u0119\u017cne lobby \u017cydowskie w Ameryce tendencja polityki \u017cydowskiej, by utworzy\u0107 w Polsce \u017cydowskie \u201epa\u0144stwo w pa\u0144stwie\u201d os\u0142ab\u0142a; bardziej realistyczna, jak s\u0105dz\u0119, wydaje si\u0119 \u017cydowskim politykom w dzisiejszych warunkach koncepcja administrowania niesuwerenn\u0105 Polsk\u0105 z cudzej por\u0119ki i przy cudzym wsparciu, jak za Stalina, gdy ten eksperyment szed\u0142 ca\u0142kiem nie\u017ale. Czyja to mo\u017ce by\u0107 dzisiaj \u201epor\u0119ka\u201d? Strategicznych partner\u00f3w &#8211; Berlina i Moskwy? Waszyngtonu? Berlina, Moskwy i Waszyngtonu, mimo i r\u00f3\u017cnic? Ale up\u00f3r w\u0142adz Izraela i ameryka\u0144skich organizacji \u017cydowskich w sprawie wy\u0142udzenia od Polski wielkiego maj\u0105tku wskazuje, \u017ce plany wytworzenia w Polsce uprzywilejowanej maj\u0105tkowo\u201dszlachty jerozolimskiej\u201d, zaczynu pa\u0144stwa w pa\u0144stwie, nie zosta\u0142y ca\u0142kowicie zarzucone.<\/p><p><strong><em>Jan Bodakowski<\/em><\/strong><\/p>","protected":false},"excerpt":{"rendered":"Marian Miszalski urodzi\u0142 si\u0119 1948. Uko\u0144czy\u0142 wydzia\u0142 prawa Uniwersytetu \u0141\u00f3dzkiego i podyplomowe dziennikarstwo na Uniwersytecie Warszawskim. W latach 1973-1981 by\u0142 dziennikarzem \u0142\u00f3dzkiego \u201eG\u0142osu Robotniczego\u201d. W latach osiemdziesi\u0105tych dzia\u0142a\u0142 w NSZZ Solidarno\u015b\u0107. W stanie wojennym by\u0142 internowany. Od 1983 wsp\u00f3\u0142prowadzi z Stanis\u0142awem Michalkiewiczem nielegalne wydawnictwo \u201eKurs\u201d, kt\u00f3re wydawa\u0142o zakazane przez komunistyczny re\u017cim ksi\u0105\u017cki i czasopisma promuj\u0105ce [&hellip;]","protected":false},"author":1,"featured_media":0,"comment_status":"closed","ping_status":"closed","sticky":false,"template":"","format":"standard","meta":{"_acf_changed":false,"_monsterinsights_skip_tracking":false,"_monsterinsights_sitenote_active":false,"_monsterinsights_sitenote_note":"","_monsterinsights_sitenote_category":0,"ngg_post_thumbnail":0,"footnotes":"","_wp_rev_ctl_limit":""},"categories":[162],"tags":[22,92,53],"acf":[],"_links":{"self":[{"href":"https:\/\/www.bibula.com\/index.php?rest_route=\/wp\/v2\/posts\/82648"}],"collection":[{"href":"https:\/\/www.bibula.com\/index.php?rest_route=\/wp\/v2\/posts"}],"about":[{"href":"https:\/\/www.bibula.com\/index.php?rest_route=\/wp\/v2\/types\/post"}],"author":[{"embeddable":true,"href":"https:\/\/www.bibula.com\/index.php?rest_route=\/wp\/v2\/users\/1"}],"replies":[{"embeddable":true,"href":"https:\/\/www.bibula.com\/index.php?rest_route=%2Fwp%2Fv2%2Fcomments&post=82648"}],"version-history":[{"count":0,"href":"https:\/\/www.bibula.com\/index.php?rest_route=\/wp\/v2\/posts\/82648\/revisions"}],"wp:attachment":[{"href":"https:\/\/www.bibula.com\/index.php?rest_route=%2Fwp%2Fv2%2Fmedia&parent=82648"}],"wp:term":[{"taxonomy":"category","embeddable":true,"href":"https:\/\/www.bibula.com\/index.php?rest_route=%2Fwp%2Fv2%2Fcategories&post=82648"},{"taxonomy":"post_tag","embeddable":true,"href":"https:\/\/www.bibula.com\/index.php?rest_route=%2Fwp%2Fv2%2Ftags&post=82648"}],"curies":[{"name":"wp","href":"https:\/\/api.w.org\/{rel}","templated":true}]}}