{"id":82632,"date":"2015-07-23T09:42:03","date_gmt":"2015-07-23T13:42:03","guid":{"rendered":"http:\/\/www.bibula.com\/?p=82632"},"modified":"2015-07-23T09:42:03","modified_gmt":"2015-07-23T13:42:03","slug":"michalkiewicz-lobby-zydowskie-a-polskie-tchorzliwe-elity","status":"publish","type":"post","link":"https:\/\/www.bibula.com\/?p=82632","title":{"rendered":"Michalkiewicz: Lobby \u017cydowskie a polskie, tch\u00f3rzliwe elity"},"content":{"rendered":"<div class=\"trescartykulu\"><p><strong><em>Ze Stanis\u0142awem Michalkiewiczem rozmawia Rafa\u0142 Pazio.<\/em><\/strong><\/p><p><strong>NCZAS: W swojej <span style=\"text-decoration: underline;\"><a href=\"http:\/\/sklep-niezalezna.pl\/pl\/p\/Zydowskie-lobby-polityczne-w-Polsce-Marian-Miszalski\/976\">nowej ksi\u0105\u017cce (tutaj) Marian Miszalski<\/a><\/span> zauwa\u017ca, \u017ce celem g\u0142\u00f3wnym lobby \u017cydowskiego w Polsce jest walka z Ko\u015bcio\u0142em katolickim, tak aby prawo w Polsce by\u0142o s\u0142abe, \u017ceby etyka chrze\u015bcija\u0144ska by\u0142a rozmyta<\/strong>.<\/p><p>MICHALKIEWICZ: Jest to spostrze\u017cenie trafne. Celem ka\u017cdego lobby politycznego, r\u00f3wnie\u017c \u017cydowskiego w Polsce, jest stworzenie odpowiednich warunk\u00f3w dla realizacji w\u0142asnych politycznych albo innych plan\u00f3w. Doprowadzanie kogo\u015b do stanu bezbronno\u015bci ca\u0142kowitej albo cz\u0119\u015bciowej jest jak najbardziej po\u017c\u0105dane. Jedyn\u0105 organizacj\u0105, kt\u00f3ra z braku innych mo\u017cliwo\u015bci, w warunkach g\u0142\u0119bokiego kryzysu przyw\u00f3dztwa, kt\u00f3ry prze\u017cywamy, pe\u0142ni funkcje przyw\u00f3dcze, tak\u017ce przyw\u00f3dztwa politycznego &#8211; jest Ko\u015bci\u00f3\u0142 katolicki. Dlatego staje si\u0119 g\u0142\u00f3wnym celem ataku. Tak samo by\u0142o za komuny. Atakowanie Ko\u015bcio\u0142a \u015bwiadczy dobrze o spostrzegawczo\u015bci przyw\u00f3dc\u00f3w lobby \u017cydowskiego. Uderzaj\u0105 w najwa\u017cniejszy punkt, kt\u00f3ry jeszcze pozwala narodowi polskiemu jako\u015b si\u0119 politycznie konsolidowa\u0107. Pan Miszalski bardzo trafnie to widzi. Zdaj\u0119 sobie spraw\u0119, \u017ce celem lobby \u017cydowskiego jest zachwianie czy os\u0142abienie czujno\u015bci Polak\u00f3w. Nie musimy si\u0119 do tych cel\u00f3w tak dok\u0142adnie akomodowa\u0107. Mamy, jako Polacy, w\u0142asne cele &#8211; na przyk\u0142ad unikanie sytuacji, w kt\u00f3rych jeste\u015bmy doprowadzeni do stanu bezbronno\u015bci.<\/p><p><strong>Marian Miszalski zauwa\u017ca r\u00f3wnie\u017c, \u017ce lobby \u017cydowskie przeforsowa\u0142o w obecnej konstytucji z 1997 roku tzw. preambu\u0142\u0119 Mazowieckiego. To sprawia, \u017ce polski system prawny zawiera ograniczaj\u0105cy cywilizacyjnie wsp\u00f3lny mianownik religijny.<\/strong><\/p><p>Preambu\u0142a do konstytucji z 1997 roku, w kt\u00f3rej Tadeusz Mazowiecki rzeczywi\u015bcie ma chyba du\u017cy udzia\u0142, przypomina mi tak\u0105 modlitw\u0119 francuskiego \u017co\u0142nierza z epoki rewolucji francuskiej: \u201ePanie Bo\u017ce, je\u015bli jeste\u015b, zbaw dusz\u0119 moj\u0105, je\u015bli j\u0105 mam\u201d. To najkr\u00f3tszy komentarz do tej preambu\u0142y.<\/p><p><strong>Czy chrze\u015bcija\u0144stwo pozbawi\u0142o nar\u00f3d \u017cydowski charakteru narodu uprzywilejowanego?<\/strong><\/p><p>Nie tyle pozbawi\u0142o. Przekonanie, \u017ce \u017bydzi s\u0105 wyj\u0105tkowym narodem w ca\u0142ym wszech\u015bwiecie, \u017ce s\u0105 narodem wyr\u00f3\u017cnionym przez Stw\u00f3rc\u0119 wszech\u015bwiata, jest istotnym sk\u0142adnikiem \u017cydowskiej to\u017csamo\u015bci. Warto wczyta\u0107 si\u0119 w opis podr\u00f3\u017cy misyjnych Paw\u0142a z Tarsu. \u015awi\u0119ty Pawe\u0142 by\u0142 \u017bydem, takim nawet nawr\u00f3conym ubekiem, ale by\u0142 inteligentny i spostrzegawczy. W pierwszych swoich podr\u00f3\u017cach misyjnych kierowa\u0142 si\u0119 oczywi\u015bcie do znajomych, to znaczy do skupisk \u017cydowskich. Przyj\u0119ty zosta\u0142 wrogo i postawiono mu zarzut, na pierwszy rzut oka dziwaczny. Zarzut dotyczy\u0142 tego, \u017ce dzia\u0142a przeciwko narodowi. \u015awi\u0119ty Pawe\u0142 nie g\u0142osi\u0142 \u017cadnego programu politycznego. Nie nawo\u0142ywa\u0142 do powstania przeciwko Rzymowi ani do uleg\u0142o\u015bci wobec Rzymu, tylko promowa\u0142 chrze\u015bcija\u0144stwo. W tym zarzucie jest jednak pewien sens. \u015awi\u0119ty Pawe\u0142, g\u0142osz\u0105c chrze\u015bcija\u0144stwo, g\u0142osi\u0142 tym samym chrze\u015bcija\u0144ski uniwersalizm, kt\u00f3ry nie tylko podwa\u017ca, ale w pewnym sensie o\u015bmiesza \u017cydowskie pretensje i uroszczenia do wyj\u0105tkowo\u015bci w ca\u0142ym wszech\u015bwiecie. Ju\u017c \u00f3wcze\u015bni \u017bydzi sz\u00f3stym zmys\u0142em to wyczuli, \u017ce chrze\u015bcija\u0144stwo uderza w istotny sk\u0142adnik \u017cydowskiej to\u017csamo\u015bci. St\u0105d zarzut, \u017ce jest skierowane przeciwko narodowi. St\u0105d te\u017c wrogo\u015b\u0107 przez wieki &#8211; mniej lub bardziej si\u0119 zaznaczaj\u0105ca &#8211; wobec chrze\u015bcija\u0144stwa.<\/p><p><strong>W sferze ideowej mie\u015bci si\u0119 inny cel \u017cydowskiego lobbowania politycznego, czyli polityka historyczna, kt\u00f3ra wskazuje na holokaust jako na \u015bwieck\u0105 religi\u0119.<\/strong><\/p><p>Tu rozr\u00f3\u017cni\u0142bym dwie rzeczy. Polityka historyczna jest czym\u015b dora\u017anym. \u017bydowska polityka historyczna zosta\u0142a dostosowana do niemieckiej polityki historycznej po deklaracji kanclerza Schr\u00f6dera z 1998 roku, \u017ce okres niemieckiej pokuty dobieg\u0142 ko\u0144ca. To oznacza\u0142o gro\u017ab\u0119 utraty mo\u017cliwo\u015bci ekonomicznej eksploatacji holokaustu. Do tej pory taka mia\u0142a miejsce &#8211; na przyk\u0142ad 100 miliard\u00f3w marek od Niemiec, dostawy okr\u0119t\u00f3w podwodnych, itd. W momencie kiedy kanclerz Schr\u00f6der tak\u0105 deklaracj\u0119 wyg\u0142osi\u0142, z \u017cydowskiego punktu widzenia zaistnia\u0142a nowa okoliczno\u015b\u0107. Trzeba by\u0142o dostosowa\u0107 \u017cydowsk\u0105 polityk\u0119 historyczn\u0105 do niemieckiej, kt\u00f3rej celem jest stopniowe zdejmowanie z Niemiec odpowiedzialno\u015bci za drug\u0105 wojn\u0119 \u015bwiatow\u0105. \u017bydowska polityka historyczna zmierza do przerzucenia tej odpowiedzialno\u015bci na winowajc\u0119 zast\u0119pczego, na kt\u00f3rego zosta\u0142a wytypowana Polska. Je\u017celi winowajc\u0119 zast\u0119pczego si\u0119 znajdzie, b\u0119dzie mo\u017cna w dalszym ci\u0105gu eksploatowa\u0107 holokaust.<\/p><p>Holokaust jako czynnik religijny wyprowadzi\u0142bym z takiego pr\u0105du, jaki si\u0119 pojawi\u0142 w wieku XX w kr\u0119gu cywilizacji zachodniej. To uboczny produkt sekularyzmu. Ze\u015bwiecczenie dzia\u0142a na wszystkie narody, r\u00f3wnie\u017c nar\u00f3d \u017cydowski. W przypadku innych narod\u00f3w nie jest to bardzo gro\u017ane, gdy\u017c mia\u0142y mn\u00f3stwo czynnik\u00f3w okre\u015blaj\u0105cych to\u017csamo\u015b\u0107. W przypadku \u017byd\u00f3w, zw\u0142aszcza w okresie diaspory, g\u0142\u00f3wnym czynnikiem determinuj\u0105cym i podtrzymuj\u0105cym to\u017csamo\u015b\u0107 by\u0142a religia. Sekularyzm stanowi\u0142 du\u017ce zagro\u017cenie, zw\u0142aszcza dla przetrwania narodu \u017cydowskiego jako narodu. Sprawi\u0142, \u017ce w\u015br\u00f3d wielu \u017byd\u00f3w pojawi\u0142y si\u0119 w\u0105tpliwo\u015bci, czy maj\u0105 wierzy\u0107 w te staro\u017cytne opowie\u015bci, \u017ce Morze Czerwone si\u0119 rozst\u0105pi\u0142o, itd. Znalaz\u0142o si\u0119 jednak wydarzenie ca\u0142kiem \u015bwie\u017ce, w kt\u00f3re nie trzeba wierzy\u0107, tylko odpowiednio przeinterpretowa\u0107. Chodzi o holokaust.<\/p><p>Istot\u0105 tzw. religii holokaustu jest pogl\u0105d, \u017ce by\u0142 wydarzeniem wyj\u0105tkowym w dziejach \u015bwiata. Nie wiadomo dlaczego, bo przecie\u017c sama rewolucja bolszewicka w Rosji poch\u0142on\u0119\u0142a znacznie wi\u0119cej ofiar. Nie ma powodu, \u017ceby przyk\u0142ada\u0107 tu kryterium ilo\u015bciowe. Jest tylko jeden pow\u00f3d, aby holokaust m\u00f3g\u0142 by\u0107 uznany za wyj\u0105tkowe wydarzenie w dziejach \u015bwiata. Chodzi o potrzeby \u017cydowskiej to\u017csamo\u015bci. Nar\u00f3d \u017cydowski nadal jest wyj\u0105tkowy, gdy\u017c prze\u017cy\u0142 do\u015bwiadczenie bez precedensu w historii \u015bwiata. Nie wystarczy, \u017ceby \u017bydzi w to uwierzyli. Musi w to uwierzy\u0107 reszta \u015bwiata. Funkcja holokaustu jest narzucana ca\u0142emu nie\u017cydowskiemu otoczeniu.<\/p><p><strong>Marian Miszalski pisze tak\u017ce o celu roszczeniowym lobby \u017cydowskiego. Dostrzega, \u017ce cel ekonomiczny jest w Polsce eksponowany do\u015b\u0107 ogl\u0119dnie, z silniejsz\u0105 rol\u0105 w kwestii roszcze\u0144 ameryka\u0144skich organizacji \u017cydowskich. <\/strong><\/p><p>Do 2011 roku tak mo\u017cna by\u0142o powiedzie\u0107. Po powstaniu zespo\u0142u HEART, w kt\u00f3rego powstaniu wzi\u0119\u0142o udzia\u0142 Pa\u0144stwo Izrael, nie mo\u017cna powiedzie\u0107, \u017ce tylko organizacje ameryka\u0144skie. Mamy tu cele nie tylko ekonomiczne, ale te\u017c polityczne. Wyobra\u017amy sobie, jakie skutki poci\u0105gn\u0119\u0142aby za sob\u0105 realizacja \u017cydowskich roszcze\u0144 maj\u0105tkowych wobec Polski. S\u0105 szacowane na 60-65 miliard\u00f3w dolar\u00f3w. \u015arodowisko, kt\u00f3re na terenie Polski dysponowa\u0142oby maj\u0105tkiem tego rz\u0119du, mia\u0142oby niew\u0105tpliwie dominuj\u0105c\u0105 pozycj\u0119 ekonomiczn\u0105, kt\u00f3ra natychmiast prze\u0142o\u017cy\u0142aby si\u0119 na dominuj\u0105c\u0105 pozycj\u0119 spo\u0142eczn\u0105 i polityczn\u0105. To \u015brodowisko zacz\u0119\u0142oby pe\u0142ni\u0107 rol\u0119 szlachty.<\/p><p><strong>Jak polskie elity polityczne zachowuj\u0105 si\u0119 wobec perspektywy tych roszcze\u0144?<\/strong><\/p><p>Tch\u00f3rzliwie. Izraelski prezydent, kiedy przyjecha\u0142 do Warszawy jesieni\u0105 ubieg\u0142ego roku na otwarcie Muzeum Historii \u017byd\u00f3w Polskich, w wypowiedzi dla PAP stwierdzi\u0142, \u017ce pami\u0119ta o sprawie roszcze\u0144, pami\u0119ta o z\u0142o\u017conych obietnicach i podpisanych umowach. Nale\u017ca\u0142oby naszych Umi\u0142owanych Przyw\u00f3dc\u00f3w poci\u0105gn\u0105\u0107 za j\u0119zyk. Czy wiedz\u0105, kto komu i jakie obietnice z\u0142o\u017cy\u0142, jakie umowy podpisa\u0142? Czy mog\u0105 spowodowa\u0107 konsekwencje finansowe lub inne dla polskich obywateli?<\/p><p>Moim zdaniem, przed wyborami trzeba te kwestie wyja\u015bni\u0107. Je\u017celi jaki\u015b parlamentarzysta powie, \u017ce nic na ten temat nie wie, to znaczy, \u017ce to cymba\u0142 i nie wolno go wybra\u0107 do Sejmu. Gdyby\u015bmy o to zapytali os\u0142a, te\u017c by nic nie wiedzia\u0142. Ale nie ma \u017cadnego powodu, \u017ceby os\u0142a wybiera\u0107 na parlamentarzyst\u0119. Je\u017celi wiedzia\u0142 i nic nie powiedzia\u0142, to jeszcze gorzej. Jest \u0142ajdakiem i tym bardziej nie mo\u017cna go wybiera\u0107 na reprezentanta narodu, bo ten nar\u00f3d w\u0142a\u015bnie zdradza, ukrywaj\u0105c przed nim tak wa\u017cne informacje. Warto te\u017c zauwa\u017cy\u0107, \u017ce przy pozorach nieprzejednanej wrogo\u015bci mi\u0119dzy Prawem i Sprawiedliwo\u015bci\u0105 a Platform\u0105 Obywatelsk\u0105 \u017caden pose\u0142 PiS nie odwa\u017cy\u0142 si\u0119 w tej sprawie zainterpelowa\u0107.<\/p><p><strong>Dzi\u0119kuj\u0119 za rozmow\u0119<\/strong>.<\/p><p><a href=\"http:\/\/sklep-niezalezna.pl\/pl\/p\/Zydowskie-lobby-polityczne-w-Polsce-Marian-Miszalski\/976\"><span style=\"text-decoration: underline;\">\u017bydowskie lobby polityczne w Polsce (Marian Miszalski<\/span>)<\/a> &#8211; Pierwsze na rynku om\u00f3wienie historii \u017cydowskiego lobby politycznego w Polsce. Zapewne wiele os\u00f3b si\u0119 zdziwi si\u0119 zar\u00f3wno tym, jak d\u0142ugo ono ju\u017c w naszym kraju funkcjonuje, jak i tym, \u017ce walczyli z nim nie jacy\u015b czarnosecinni \u201eantysemici\u201d, ale tacy ludzie jak Stanis\u0142aw Staszic, Jan Ursyn Niemcewicz, Roman Dmowski, Boles\u0142aw Prus, a nawet J\u00f3zef Pi\u0142sudski. Ksi\u0105\u017cka do kupienia w <a href=\"http:\/\/sklep-niezalezna.pl\/pl\/p\/Zydowskie-lobby-polityczne-w-Polsce-Marian-Miszalski\/976\">wersji papierowej (TUTAJ)<\/a> oraz jako <span style=\"text-decoration: underline;\"><a href=\"http:\/\/sklep-niezalezna.pl\/pl\/p\/e-book-Zydowskie-lobby-polityczne-w-Polsce-Marian-Miszalski\/975\">e-wydanie (TUTAJ)<\/a><\/span>.","protected":false},"excerpt":{"rendered":"Ze Stanis\u0142awem Michalkiewiczem rozmawia Rafa\u0142 Pazio.NCZAS: W swojej nowej ksi\u0105\u017cce (tutaj) Marian Miszalski zauwa\u017ca, \u017ce celem g\u0142\u00f3wnym lobby \u017cydowskiego w Polsce jest walka z Ko\u015bcio\u0142em katolickim, tak aby prawo w Polsce by\u0142o s\u0142abe, \u017ceby etyka chrze\u015bcija\u0144ska by\u0142a rozmyta.MICHALKIEWICZ: Jest to spostrze\u017cenie trafne. Celem ka\u017cdego lobby politycznego, r\u00f3wnie\u017c \u017cydowskiego w Polsce, jest stworzenie odpowiednich warunk\u00f3w dla [&hellip;]","protected":false},"author":1,"featured_media":0,"comment_status":"closed","ping_status":"closed","sticky":false,"template":"","format":"standard","meta":{"_acf_changed":false,"_monsterinsights_skip_tracking":false,"_monsterinsights_sitenote_active":false,"_monsterinsights_sitenote_note":"","_monsterinsights_sitenote_category":0,"ngg_post_thumbnail":0,"footnotes":"","_wp_rev_ctl_limit":""},"categories":[8],"tags":[132,65,22,53,34],"acf":[],"_links":{"self":[{"href":"https:\/\/www.bibula.com\/index.php?rest_route=\/wp\/v2\/posts\/82632"}],"collection":[{"href":"https:\/\/www.bibula.com\/index.php?rest_route=\/wp\/v2\/posts"}],"about":[{"href":"https:\/\/www.bibula.com\/index.php?rest_route=\/wp\/v2\/types\/post"}],"author":[{"embeddable":true,"href":"https:\/\/www.bibula.com\/index.php?rest_route=\/wp\/v2\/users\/1"}],"replies":[{"embeddable":true,"href":"https:\/\/www.bibula.com\/index.php?rest_route=%2Fwp%2Fv2%2Fcomments&post=82632"}],"version-history":[{"count":0,"href":"https:\/\/www.bibula.com\/index.php?rest_route=\/wp\/v2\/posts\/82632\/revisions"}],"wp:attachment":[{"href":"https:\/\/www.bibula.com\/index.php?rest_route=%2Fwp%2Fv2%2Fmedia&parent=82632"}],"wp:term":[{"taxonomy":"category","embeddable":true,"href":"https:\/\/www.bibula.com\/index.php?rest_route=%2Fwp%2Fv2%2Fcategories&post=82632"},{"taxonomy":"post_tag","embeddable":true,"href":"https:\/\/www.bibula.com\/index.php?rest_route=%2Fwp%2Fv2%2Ftags&post=82632"}],"curies":[{"name":"wp","href":"https:\/\/api.w.org\/{rel}","templated":true}]}}