{"id":82630,"date":"2015-07-23T09:35:32","date_gmt":"2015-07-23T13:35:32","guid":{"rendered":"http:\/\/www.bibula.com\/?p=82630"},"modified":"2015-07-23T09:41:56","modified_gmt":"2015-07-23T13:41:56","slug":"niesiolowski-kosciol-stoi-po-stronie-klamstwa-i-nienawisci","status":"publish","type":"post","link":"https:\/\/www.bibula.com\/?p=82630","title":{"rendered":"Niesio\u0142owski: Ko\u015bci\u00f3\u0142 stoi po stronie k\u0142amstwa i nienawi\u015bci"},"content":{"rendered":"<p><strong>W wywiadzie udzielonym TVP Info polityk Platformy Obywatelskiej Stefan Niesio\u0142owski w brutalny i prostacki spos\u00f3b zaatakowa\u0142 hierarch\u00f3w i kap\u0142an\u00f3w Ko\u015bcio\u0142a katolickiego.<\/strong><\/p><p style=\"text-align: justify;\">Niesio\u0142owskiego rozsierdzi\u0142 list episkopatu Polski, w kt\u00f3rym biskupi przypominaj\u0105, \u017ce katolicy nie mog\u0105 stosowac in vitro.<\/p><p style=\"text-align: justify;\">&#8211; Ci biskupi zupe\u0142nie nie rozumiej\u0105, o czym m\u00f3wi\u0105 &#8211; m\u00f3wi\u0142 Niesio\u0142owski. Jego zdaniem \u201ew Polsce trwa brutalna zimna wojna domowa\u201d.<\/p><p style=\"text-align: justify;\">&#8211; I w tej wojnie Ko\u015bci\u00f3\u0142, w znacznej cz\u0119\u015bci, stoi brutalnie po stronie k\u0142amstwa i nienawi\u015bci. I t\u0119 nienawi\u015b\u0107 g\u0142osi &#8211; wykrzykiwa\u0142 Niesio\u0142owski.<\/p><p style=\"text-align: justify;\">Dzia\u0142ania Ko\u015bcio\u0142a w sprawie in vitro pose\u0142 PO okre\u015bli\u0142 mianem \u201eha\u0144by\u201d.<\/p><p style=\"text-align: justify;\">Gdy prowadz\u0105cy przywo\u0142a\u0142 osob\u0119 kardyna\u0142a Stanis\u0142awa Dziwisza, pose\u0142 odparowa\u0142: \u201eJak kardyna\u0142 Dziwisz pochowa\u0142 Lecha Kaczy\u0144skiego na Wawelu, to dla mnie wypowiadanie tego nazwiska przychodzi z du\u017c\u0105 trudno\u015bci\u0105. Czuj\u0119 do niego wstr\u0119t za to co zrobi\u0142\u201d.<\/p><p style=\"text-align: justify;\">Niesio\u0142owski nie omieszka\u0142 tak\u017ce obrazi\u0107 o. Tadeusza Rydzyka, nazywaj\u0105c redemptoryst\u0119 \u201eprostakiem i nieukiem\u201d.<\/p><p>PCh24.pl\/KRESY.PL<\/p><p class=\"zrodlo\">Za: <a href=\"http:\/\/www.kresy.pl\/wydarzenia,polityka?zobacz\/niesiolowski-kosciol-stoi-po-stronie-klamstwa-i-nienawisci\">Kresy.pl (<span class=\"date\">23 lipca 2015<\/span>)<\/a><\/p><h4>\u00a0<\/h4><hr style=\"background-color: #000000; border-width: 0; color: #000000; height: 2px; line-height: 0; text-align: center; width: 100%;\" \/><h4>\u00a0<\/h4>","protected":false},"excerpt":{"rendered":"W wywiadzie udzielonym TVP Info polityk Platformy Obywatelskiej Stefan Niesio\u0142owski w brutalny i prostacki spos\u00f3b zaatakowa\u0142 hierarch\u00f3w i kap\u0142an\u00f3w Ko\u015bcio\u0142a katolickiego.Niesio\u0142owskiego rozsierdzi\u0142 list episkopatu Polski, w kt\u00f3rym biskupi przypominaj\u0105, \u017ce katolicy nie mog\u0105 stosowac in vitro.&#8211; Ci biskupi zupe\u0142nie nie rozumiej\u0105, o czym m\u00f3wi\u0105 &#8211; m\u00f3wi\u0142 Niesio\u0142owski. Jego zdaniem \u201ew Polsce trwa brutalna zimna wojna [&hellip;]","protected":false},"author":1,"featured_media":0,"comment_status":"closed","ping_status":"closed","sticky":false,"template":"","format":"standard","meta":{"_acf_changed":false,"_monsterinsights_skip_tracking":false,"_monsterinsights_sitenote_active":false,"_monsterinsights_sitenote_note":"","_monsterinsights_sitenote_category":0,"ngg_post_thumbnail":0,"footnotes":"","_wp_rev_ctl_limit":""},"categories":[8],"tags":[132,92,83],"acf":[],"_links":{"self":[{"href":"https:\/\/www.bibula.com\/index.php?rest_route=\/wp\/v2\/posts\/82630"}],"collection":[{"href":"https:\/\/www.bibula.com\/index.php?rest_route=\/wp\/v2\/posts"}],"about":[{"href":"https:\/\/www.bibula.com\/index.php?rest_route=\/wp\/v2\/types\/post"}],"author":[{"embeddable":true,"href":"https:\/\/www.bibula.com\/index.php?rest_route=\/wp\/v2\/users\/1"}],"replies":[{"embeddable":true,"href":"https:\/\/www.bibula.com\/index.php?rest_route=%2Fwp%2Fv2%2Fcomments&post=82630"}],"version-history":[{"count":0,"href":"https:\/\/www.bibula.com\/index.php?rest_route=\/wp\/v2\/posts\/82630\/revisions"}],"wp:attachment":[{"href":"https:\/\/www.bibula.com\/index.php?rest_route=%2Fwp%2Fv2%2Fmedia&parent=82630"}],"wp:term":[{"taxonomy":"category","embeddable":true,"href":"https:\/\/www.bibula.com\/index.php?rest_route=%2Fwp%2Fv2%2Fcategories&post=82630"},{"taxonomy":"post_tag","embeddable":true,"href":"https:\/\/www.bibula.com\/index.php?rest_route=%2Fwp%2Fv2%2Ftags&post=82630"}],"curies":[{"name":"wp","href":"https:\/\/api.w.org\/{rel}","templated":true}]}}