{"id":82628,"date":"2015-07-23T09:42:06","date_gmt":"2015-07-23T13:42:06","guid":{"rendered":"http:\/\/www.bibula.com\/?p=82628"},"modified":"2015-07-23T09:42:06","modified_gmt":"2015-07-23T13:42:06","slug":"bp-turzynski-o-podpisaniu-ustawy-o-in-vitro-to-stawia-prezydenta-poza-oficjalnym-nauczaniem-kosciola","status":"publish","type":"post","link":"https:\/\/www.bibula.com\/?p=82628","title":{"rendered":"Bp Turzy\u0144ski o podpisaniu ustawy o in vitro: to stawia Prezydenta poza oficjalnym nauczaniem Ko\u015bcio\u0142a"},"content":{"rendered":"<p><strong>\u201eTo ustawa eugeniczna i skrajnie selektywna. Takich rzeczy nie powinni\u015bmy nigdy robi\u0107\u201d &#8211; powiedzia\u0142 biskup Piotr Turzy\u0144ski, odnosz\u0105c si\u0119 do podpisanej dzisiaj przez Prezydenta RP Bronis\u0142awa Komorowskiego ustawy &#8222;o leczeniu niep\u0142odno\u015bci&#8221;.<\/strong><\/p><p>&#8211; <em>Szkoda, \u017ce pan prezydent Komorowski nie odnalaz\u0142 swojej to\u017csamo\u015bci chrze\u015bcija\u0144skiej, bo ustawa, kt\u00f3r\u0105 podpisa\u0142, stawia go poza oficjalnym nauczaniem Ko\u015bcio\u0142a<\/em> &#8211; powiedzia\u0142 biskup Turzy\u0144ski na antenie Radia Plus Radom.<\/p><p>Wed\u0142ug biskupa pomocniczego diecezji radomskiej ustawa &#8222;o leczeniu niep\u0142odno\u015bci&#8221; stawia cz\u0142owieka wy\u017cej od Boga. &#8211; <em>Je\u017celi cz\u0142owiek zaczyna zarz\u0105dza\u0107 natur\u0105 wed\u0142ug swoich praw, to zaczyna niszczy\u0107 to, co jest wok\u00f3\u0142 nas. To ustawa eugeniczna i skrajnie selektywna. Takich rzeczy nie powinni\u015bmy nigdy robi\u0107. Przekroczyli\u015bmy pewn\u0105 granic\u0119, po kt\u00f3rej b\u0119dzie mo\u017cna \u0142atwiej &#8222;bawi\u0107&#8221; si\u0119 cz\u0142owiekiem<\/em> &#8211; powiedzia\u0142 biskup Turzy\u0144ski.<\/p><p>Na koniec odni\u00f3s\u0142 si\u0119 do s\u0142\u00f3w prezydenta Bronis\u0142awa Komorowskiego, kt\u00f3ry powiedzia\u0142, \u017ce nie jest prezydentem ludzkich sumie\u0144, tylko prezydentem polskich obywateli. &#8211; Ustawa skazuje nas, wierz\u0105cych, na p\u0142acenie za metod\u0119 in vitro dla tych, kt\u00f3rzy si\u0119 na ni\u0105 decyduj\u0105. A wierz\u0105cy tego nie chc\u0105. Gdyby zachowa\u0107 jakikolwiek parytet i powiedzie\u0107, \u017ce jestem prezydentem wszystkich Polak\u00f3w, to nale\u017ca\u0142oby do tej ustawy doda\u0107 naprotechnologi\u0119, finansowan\u0105 przez pa\u0144stwo &#8211; powiedzia\u0142 biskup Piotr Turzy\u0144ski.<\/p><p>Ustawa o leczeniu niep\u0142odno\u015bci zosta\u0142a przeg\u0142osowana przez sejm 25 czerwca. Dwa tygodnie p\u00f3\u017aniej trafi\u0142a r\u00f3wnie\u017c do Senatu. Tam zosta\u0142a przeg\u0142osowana i 13 lipca trafi\u0142a na biurko do podpisu Prezydenta.<\/p><p>\u0179r\u00f3d\u0142o: KAI<\/p><p>luk<\/p><p class=\"zrodlo\">Za: <a href=\"http:\/\/www.pch24.pl\/bp-turzynski-o-podpisaniu-ustawy-o-in-vitro--to-stawia-prezydenta-poza-oficjalnym-nauczaniem-kosciola,37134,i.html\">PoloniaChristiana &#8211; pch24.pl (2015-07-23)<\/a><\/p><h4>\u00a0<\/h4><hr style=\"background-color: #000000; border-width: 0; color: #000000; height: 2px; line-height: 0; text-align: center; width: 100%;\" \/><h4>\u00a0<\/h4>","protected":false},"excerpt":{"rendered":"\u201eTo ustawa eugeniczna i skrajnie selektywna. Takich rzeczy nie powinni\u015bmy nigdy robi\u0107\u201d &#8211; powiedzia\u0142 biskup Piotr Turzy\u0144ski, odnosz\u0105c si\u0119 do podpisanej dzisiaj przez Prezydenta RP Bronis\u0142awa Komorowskiego ustawy &#8222;o leczeniu niep\u0142odno\u015bci&#8221;.&#8211; Szkoda, \u017ce pan prezydent Komorowski nie odnalaz\u0142 swojej to\u017csamo\u015bci chrze\u015bcija\u0144skiej, bo ustawa, kt\u00f3r\u0105 podpisa\u0142, stawia go poza oficjalnym nauczaniem Ko\u015bcio\u0142a &#8211; powiedzia\u0142 biskup Turzy\u0144ski [&hellip;]","protected":false},"author":1,"featured_media":0,"comment_status":"closed","ping_status":"closed","sticky":false,"template":"","format":"standard","meta":{"_acf_changed":false,"_monsterinsights_skip_tracking":false,"_monsterinsights_sitenote_active":false,"_monsterinsights_sitenote_note":"","_monsterinsights_sitenote_category":0,"ngg_post_thumbnail":0,"footnotes":"","_wp_rev_ctl_limit":""},"categories":[5],"tags":[92,156,144],"acf":[],"_links":{"self":[{"href":"https:\/\/www.bibula.com\/index.php?rest_route=\/wp\/v2\/posts\/82628"}],"collection":[{"href":"https:\/\/www.bibula.com\/index.php?rest_route=\/wp\/v2\/posts"}],"about":[{"href":"https:\/\/www.bibula.com\/index.php?rest_route=\/wp\/v2\/types\/post"}],"author":[{"embeddable":true,"href":"https:\/\/www.bibula.com\/index.php?rest_route=\/wp\/v2\/users\/1"}],"replies":[{"embeddable":true,"href":"https:\/\/www.bibula.com\/index.php?rest_route=%2Fwp%2Fv2%2Fcomments&post=82628"}],"version-history":[{"count":0,"href":"https:\/\/www.bibula.com\/index.php?rest_route=\/wp\/v2\/posts\/82628\/revisions"}],"wp:attachment":[{"href":"https:\/\/www.bibula.com\/index.php?rest_route=%2Fwp%2Fv2%2Fmedia&parent=82628"}],"wp:term":[{"taxonomy":"category","embeddable":true,"href":"https:\/\/www.bibula.com\/index.php?rest_route=%2Fwp%2Fv2%2Fcategories&post=82628"},{"taxonomy":"post_tag","embeddable":true,"href":"https:\/\/www.bibula.com\/index.php?rest_route=%2Fwp%2Fv2%2Ftags&post=82628"}],"curies":[{"name":"wp","href":"https:\/\/api.w.org\/{rel}","templated":true}]}}