{"id":82605,"date":"2015-07-22T10:46:46","date_gmt":"2015-07-22T14:46:46","guid":{"rendered":"http:\/\/www.bibula.com\/?p=82605"},"modified":"2015-07-22T10:49:51","modified_gmt":"2015-07-22T14:49:51","slug":"komorowski-konczy-kadencje-podpisaniem-haniebnej-ustawy-o-in-vitro","status":"publish","type":"post","link":"https:\/\/www.bibula.com\/?p=82605","title":{"rendered":"Komorowski ko\u0144czy kadencj\u0119 podpisaniem haniebnej ustawy o in vitro"},"content":{"rendered":"<p><strong>Prezydent Bronis\u0142aw Komorowski podpisa\u0142 ustaw\u0119 \u201eo leczeniu niep\u0142odno\u015bci\u201d, ale zakwestionowa\u0142 przepis dotycz\u0105cy pobierania kom\u00f3rek rozrodczych od dawcy, kt\u00f3ry jest niezdolny do \u015bwiadomego wyra\u017cenia zgody. Tym samym odes\u0142a\u0142 ten przepis do rozpatrzenia przez Trybuna\u0142 Konstytucyjny.<\/strong><\/p><p>Zgodnie z ustaw\u0105 w Polsce w \u015bwietle prawa b\u0119dzie mo\u017cna produkowa\u0107 dzieci z prob\u00f3wki nara\u017caj\u0105c powstaj\u0105ce przy tym inne dzieci na \u015bmier\u0107 lub zamro\u017cenie. Metoda ta w spos\u00f3b oczywisty przypomina hitlerowskie metody eugeniczne.\u00a0<\/p><p>Przeciwko zapisom ustawy od dawna wypowiadali si\u0119 Polscy biskupi. Rz\u0105dz Ewy Kopacz a tak\u017ce prezydent Komorowski nie zwykli jednak s\u0142ucha\u0107 Ko\u015bcio\u0142a, szczeg\u00f3lnie w kwestiach mog\u0105cych przynie\u015b\u0107 poklask mas.\u00a0<\/p><p>&#8211; <em>Nie jestem prezydentem ludzkich sumie\u0144, tylko polskich obywateli<\/em> &#8211; powiedzia\u0142 prezydent Bronis\u0142aw Komorowski informuj\u0105c o tym, \u017ce podpisa\u0142 ustaw\u0119 k\u0142amliwie nazywan\u0105 ustaw\u0105 o leczeniu niep\u0142odno\u015bci. &#8211; <em>Jestem prezydentem polskich obywateli o zr\u00f3\u017cnicowanych pogl\u0105dach, o odmiennych zaanga\u017cowaniach religijnych, o odmiennych sympatiach politycznych &#8211; <\/em>uzupe\u0142ni\u0142. Doda\u0142, \u017ce &#8222;prawo nie mo\u017ce zmusza\u0107 nikogo i nie zmusza do zachowa\u0144 niezgodnych z jego etyk\u0105&#8221;.\u00a0<\/p><p>Kilka dni temu list do prezydenta Komorowskiego wystosowa\u0142 arcybiskup G\u0105decki &#8211; przewodnicz\u0105cy Konferencji Episkopatu Polski. &#8222;Chcia\u0142bym podkre\u015bli\u0107, \u017ce w kwestii procedury \u201ein vitro\u201d wyst\u0119puj\u0105 nie tylko dwie g\u0142\u00f3wne strony polemiki, tzn. jej przeciwnicy i zwolennicy. Jest jeszcze trzecia strona, kt\u00f3r\u0105 pr\u00f3buje si\u0119 ca\u0142kowicie pomin\u0105\u0107 i uprzedmiotowi\u0107. T\u0105 trzeci\u0105 stron\u0105 s\u0105 dzieci nienarodzone. Im w\u0142a\u015bnie, tu\u017c po pocz\u0119ciu, odbiera si\u0119 prawo do rozwoju, narodzin i godnego \u017cycia. W ten spos\u00f3b traktuje si\u0119 je nie jako osoby ludzkie, ale jako przedmioty, kt\u00f3rymi mo\u017cna dowolnie dysponowa\u0107&#8221; &#8211; przypomnia\u0142 metropolita pozna\u0144ski.\u00a0<\/p><p>O ustawie w ostrych s\u0142owach wypowiadali si\u0119 tak\u017ce inni polscy biskupi. &#8222;Jak mo\u017cna napisa\u0107 w ustawie, \u017ce dziecko pocz\u0119te i \u017cyj\u0105ce jest zlepkiem kom\u00f3rek? To boli, dziwi i zaskakuje. Gdyby\u015bcie przygotowali t\u0119 ustaw\u0119 &#8211; nawet niegodziw\u0105 &#8211; by\u0142aby ona kwesti\u0105 sumienia dla ludzi wiary. Wy przygotowali\u015bcie jednak ustaw\u0119 zbrodnicz\u0105, bo odmawia si\u0119 w niej cz\u0142owiecze\u0144stwa \u017cyj\u0105cemu i pocz\u0119temu cz\u0142owiekowi. Wy przygotowali\u015bcie j\u0105 zbrodniczo, bo mo\u017cna ludzi bezkarnie zabija\u0107 tylko dlatego, \u017ce jakiemu\u015b profesorowi w laboratorium dziecko si\u0119 nie uda\u0142o, jest chore czy \u017ale si\u0119 rozwija. To jest czysta eugenika, to jest zbrodnia\u201d &#8211; m\u00f3wi\u0142 na Jasnej G\u00f3rze arcybiskup metropolita szczeci\u0144ski Andrzej Dzi\u0119ga.\u00a0<\/p><p>Mimo skierowania jednego z punkt\u00f3w ustawy do Trybuna\u0142u Konstytucyjnego, ustawa wejdzie w \u017cycie w ci\u0105gu najbli\u017cszych kilkunastu dni.<\/p><p>kra<\/p><p class=\"zrodlo\">Za: <a href=\"http:\/\/www.pch24.pl\/komorowski-konczy-kadencje-podpisaniem-haniebnej-ustawy-o-in-vitro,37122,i.html\">PoloniaChristiana &#8211; pch24.pl (2015-07-22)<\/a><\/p><h4>\u00a0<\/h4><hr style=\"background-color: #000000; border-width: 0; color: #000000; height: 2px; line-height: 0; text-align: center; width: 100%;\" \/><h4>\u00a0<\/h4><h2>Bronis\u0142aw Komorowski odpowiedzia\u0142 na list abp. G\u0105deckiego w sprawie ustawy o in vitro. Dziwacznie pojmuje katolicyzm<\/h2><p><strong>W kwestii tak z\u0142o\u017conej jak in vitro rozbie\u017cno\u015b\u0107 pogl\u0105d\u00f3w jest radykalna, a rozpi\u0119to\u015b\u0107 oczekiwa\u0144 ogromna. Zadaniem prezydenta jest rozwa\u017cenie wszystkich konsekwencji, jakie przyj\u0119cie lub odrzucenie tej ustawy mo\u017ce spowodowa\u0107 w \u017cyciu Polak\u00f3w &#8211; napisa\u0142 prezydent Bronis\u0142aw Komorowski w odpowiedzi na niedawny list abp. Stanis\u0142awa G\u0105deckiego. Przewodnicz\u0105cy Episkopatu Polski apelowa\u0142 do g\u0142owy pa\u0144stwa o zawetowanie ustawy &#8222;o leczeniu niep\u0142odno\u015bci&#8221; lub skierowanie jej do Trybuna\u0142u Konstytucyjnego. We \u015brod\u0119 prezydent ustaw\u0119 jednak podpisa\u0142, kwestionuj\u0105c jedynie jeden jej przepis.<\/strong><\/p><p>Abp Stanis\u0142aw G\u0105decki zwr\u00f3ci\u0142 si\u0119 do prezydenta jako obywatel Rzeczypospolitej Polskiej oraz przewodnicz\u0105cy Konferencji Episkopatu Polski.<\/p><p>Swoj\u0105 pro\u015bb\u0119 o przekazanie ustawy Sejmowi do ponownego rozpoznania lub skierowanie jej do Trybuna\u0142u Konstytucyjnego motywowa\u0142 powodami merytorycznymi, wynikaj\u0105cymi z niezgodno\u015bci wspomnianej ustawy z Konstytucj\u0105 RP, w tym z fundamentalnym prawem nakazuj\u0105cym bezwarunkow\u0105 ochron\u0119 i \u017cycia ludzkiego oraz poszanowanie przyrodzonej i niezbywalnej godno\u015bci cz\u0142owieka.<\/p><p>&#8222;Ten apel jest nie tylko moim prawem, ale i obowi\u0105zkiem&#8221; &#8211; podkre\u015bli\u0142 abp G\u0105decki.<\/p><p>Bronis\u0142aw Komorowski odpowiedzia\u0142, \u017ce jego stanowisko w tej sprawie podyktowane by\u0142o zar\u00f3wno trosk\u0105 o wszystkich obywateli Rzeczypospolitej, jak i szacunkiem dla roli Episkopatu w naszym \u017cyciu spo\u0142ecznym. &#8222;Roli budowanej w oparciu o zasad\u0119 wzajemnego poszanowania autonomii pa\u0144stwa i Ko\u015bcio\u0142a&#8221; &#8211; dodaje prezydent.<\/p><p>Nast\u0119pnie poinformowa\u0142, \u017ce zadaniem prezydenta jako g\u0142owy pa\u0144stwa jest &#8222;troszczy\u0107 si\u0119 o wszystkich obywateli, bez wzgl\u0119du na ich \u015bwiatopogl\u0105d czy wyznanie, godzi\u0107 skrajne stanowiska i dba\u0107 o wypracowywany w Sejmie konsensus&#8221;.<\/p><p>&#8222;Zapewniam Ksi\u0119dza Arcybiskupa, \u017ce w kwestii tak z\u0142o\u017conej jak in vitro, rozbie\u017cno\u015b\u0107 pogl\u0105d\u00f3w jest radykalna, a rozpi\u0119to\u015b\u0107 oczekiwa\u0144 &#8211; ogromna. Od apeli o prezydenckie weto, po apele o jak najszybsze podpisanie ustawy. Od przekonania, \u017ce to zgoda na zabijanie, po entuzjazm i nadziej\u0119 na wymarzone, a cz\u0119sto i wymodlone, potomstwo. Zadaniem Prezydenta jest rozwa\u017cenie wszystkich konsekwencji, jakie przyj\u0119cie lub odrzucenie tej ustawy mo\u017ce spowodowa\u0107 w \u017cyciu Polak\u00f3w&#8221; &#8211; stwierdzi\u0142 Bronis\u0142aw Komorowski.<\/p><p>W opinii prezydenta, demokratyczny porz\u0105dek prawny wymaga od wszystkich gotowo\u015bci do kompromisu. To &#8222;niekiedy wi\u0105\u017ce si\u0119 z uznaniem parlamentarnej zgody za wa\u017cniejsz\u0105 ni\u017c osobiste przekonania&#8221;.<\/p><p>&#8222;Proces legislacyjny wymaga pogodzenia si\u0119 z wol\u0105 wi\u0119kszo\u015bci w d\u0105\u017ceniu do optymalnego kszta\u0142tu ustawy. Niestety w parlamentarnej debacie nad kwesti\u0105 in vitro partyjne kalkulacje i ideologiczne spory przes\u0142aniaj\u0105 rzeczowe argumenty&#8221; &#8211; doda\u0142 prezydent.<\/p><p>Dalej zaznaczy\u0142, \u017ce ustawa o in vitro ma swoje s\u0142abo\u015bci, dlatego na etapie prac senackich Kancelaria Prezydenta RP sygnalizowa\u0142a w\u0105tpliwo\u015b\u0107 co do zgodno\u015bci jednego z jej przepis\u00f3w z Konstytucj\u0105 RP.<\/p><p>&#8222;Zgadzam si\u0119 te\u017c z Ksi\u0119dzem Arcybiskupem, \u017ce trzeba dba\u0107 o godno\u015b\u0107 i szacunek dla ka\u017cdego cz\u0142owieka. Dlatego warto dostrzec, \u017ce ustawa wprowadza mi\u0119dzy innymi istotne regulacje prawne uniemo\u017cliwiaj\u0105ce surogacj\u0119, wyb\u00f3r p\u0142ci dziecka na \u017cyczenie rodzic\u00f3w czy mo\u017cliwo\u015b\u0107 klonowania zarodk\u00f3w&#8221; &#8211; stwierdzi\u0142 w li\u015bcie Bronis\u0142aw Komorowski.<\/p><p>W korespondencji do abp. G\u0105deckiego powt\u00f3rzy\u0142 na zako\u0144czenie wypowiedziane ju\u017c dzi\u015b przekonanie, \u017ce wprowadzenie ustawy to &#8222;post\u0119p w por\u00f3wnaniu z sytuacj\u0105 obecn\u0105, czyli brakiem stosownych regulacji prawnych&#8221;.<\/p><p>&#8222;Dlatego zdecydowa\u0142em si\u0119 podpisa\u0107 t\u0119 ustaw\u0119, jednocze\u015bnie kieruj\u0105c wniosek do Trybuna\u0142u Konstytucyjnego dotycz\u0105cy jednego z jej przepis\u00f3w&#8221; &#8211; wyja\u015bni\u0142 swoj\u0105 decyzj\u0119 Bronis\u0142aw Komorowski.<\/p><p>\u0179r\u00f3d\u0142o: KAI<\/p><p>luk<\/p><p class=\"zrodlo\">Za: <a href=\"http:\/\/www.pch24.pl\/bronislaw-komorowski-odpowiedzial-na-list-abp--gadeckiego-w-sprawie-ustawy-o-in-vitro--dziwacznie-pojmuje-katolicyzm,37129,i.html\">PoloniaChristiana &#8211; pch24.pl (2015-07-22)<\/a><\/p><h4>\u00a0<\/h4><hr style=\"background-color: #000000; border-width: 0; color: #000000; height: 2px; line-height: 0; text-align: center; width: 100%;\" \/><h4>\u00a0<\/h4>","protected":false},"excerpt":{"rendered":"Prezydent Bronis\u0142aw Komorowski podpisa\u0142 ustaw\u0119 \u201eo leczeniu niep\u0142odno\u015bci\u201d, ale zakwestionowa\u0142 przepis dotycz\u0105cy pobierania kom\u00f3rek rozrodczych od dawcy, kt\u00f3ry jest niezdolny do \u015bwiadomego wyra\u017cenia zgody. Tym samym odes\u0142a\u0142 ten przepis do rozpatrzenia przez Trybuna\u0142 Konstytucyjny.Zgodnie z ustaw\u0105 w Polsce w \u015bwietle prawa b\u0119dzie mo\u017cna produkowa\u0107 dzieci z prob\u00f3wki nara\u017caj\u0105c powstaj\u0105ce przy tym inne dzieci na \u015bmier\u0107 [&hellip;]","protected":false},"author":1,"featured_media":0,"comment_status":"closed","ping_status":"closed","sticky":false,"template":"","format":"standard","meta":{"_acf_changed":false,"_monsterinsights_skip_tracking":false,"_monsterinsights_sitenote_active":false,"_monsterinsights_sitenote_note":"","_monsterinsights_sitenote_category":0,"ngg_post_thumbnail":0,"footnotes":"","_wp_rev_ctl_limit":""},"categories":[8],"tags":[92,156,144],"acf":[],"_links":{"self":[{"href":"https:\/\/www.bibula.com\/index.php?rest_route=\/wp\/v2\/posts\/82605"}],"collection":[{"href":"https:\/\/www.bibula.com\/index.php?rest_route=\/wp\/v2\/posts"}],"about":[{"href":"https:\/\/www.bibula.com\/index.php?rest_route=\/wp\/v2\/types\/post"}],"author":[{"embeddable":true,"href":"https:\/\/www.bibula.com\/index.php?rest_route=\/wp\/v2\/users\/1"}],"replies":[{"embeddable":true,"href":"https:\/\/www.bibula.com\/index.php?rest_route=%2Fwp%2Fv2%2Fcomments&post=82605"}],"version-history":[{"count":0,"href":"https:\/\/www.bibula.com\/index.php?rest_route=\/wp\/v2\/posts\/82605\/revisions"}],"wp:attachment":[{"href":"https:\/\/www.bibula.com\/index.php?rest_route=%2Fwp%2Fv2%2Fmedia&parent=82605"}],"wp:term":[{"taxonomy":"category","embeddable":true,"href":"https:\/\/www.bibula.com\/index.php?rest_route=%2Fwp%2Fv2%2Fcategories&post=82605"},{"taxonomy":"post_tag","embeddable":true,"href":"https:\/\/www.bibula.com\/index.php?rest_route=%2Fwp%2Fv2%2Ftags&post=82605"}],"curies":[{"name":"wp","href":"https:\/\/api.w.org\/{rel}","templated":true}]}}