{"id":8242,"date":"2009-04-05T19:21:06","date_gmt":"2009-04-06T00:21:06","guid":{"rendered":"http:\/\/www.bibula.com\/?p=8242"},"modified":"2009-04-05T19:21:06","modified_gmt":"2009-04-06T00:21:06","slug":"agresorem-byli-niemcy","status":"publish","type":"post","link":"https:\/\/www.bibula.com\/?p=8242","title":{"rendered":"Agresorem byli Niemcy"},"content":{"rendered":"<p><em>W \u0141odzi decyzj\u0105 w\u0142adz miejskich zmieniono napis na banerze upami\u0119tniaj\u0105cym synagog\u0119 &#8211; zamiast s\u0142owa &#8222;hitlerowcy&#8221; wprowadzono wyraz &#8222;Niemcy&#8221;.<\/em><\/p>\r\n\r\n<p><strong>Prezydent \u0141odzi Jerzy Kropiwnicki poleci\u0142 dokona\u0107 korekty na gigantycznym billboardzie upami\u0119tniaj\u0105cym \u0142\u00f3dzk\u0105 synagog\u0119 zburzon\u0105 na pocz\u0105tku wojny 1939 roku. Od dw\u00f3ch lat na plakacie widnia\u0142a informacja, \u017ce dokonali tego hitlerowcy. Teraz mo\u017cna przeczyta\u0107, \u017ce zrobili to Niemcy. Inicjatywa wzbudza kontrowersje m.in. w\u015br\u00f3d parlamentarzyst\u00f3w Platformy Obywatelskiej okr\u0119gu \u0142\u00f3dzkiego, zdaniem kt\u00f3rych sprawa nie pozostanie bez echa, och\u0142odzi polsko-niemieckie stosunki. W opinii pos\u0142\u00f3w i senator\u00f3w PiS oraz historyk\u00f3w, to posuni\u0119cie jak najbardziej prawid\u0142owe, gdy\u017c to Niemcy napadli na Polsk\u0119, organizowali \u0142apanki i obozy koncentracyjne.<\/strong><br \/>\r\n <br \/>\r\n Kajus Augustyniak, rzecznik prezydenta \u0141odzi, w wypowiedzi dla jednej z regionalnych gazet stwierdzi\u0142, \u017ce na pomys\u0142 korekty napisu wpadli pracownicy Biura Analiz Medialnych i Wydawnictw po telefonie od \u0142odzianina, kt\u00f3ry mia\u0142 zwr\u00f3ci\u0107 uwag\u0119, \u017ce poprzedni napis by\u0142 niezgodny z &#8222;polityk\u0105 pami\u0119ci promowan\u0105 przez prezydenta \u0141odzi&#8221;. &#8211; S\u0142owo &#8222;hitlerowcy&#8221; nie by\u0142o nieprawdziwe, bardziej precyzyjne jest &#8222;Niemcy&#8221;. S\u0142owo &#8222;hitlerowcy&#8221; nawi\u0105zuje do ideologii, a &#8222;Niemcy&#8221; &#8211; do funkcjonariuszy pa\u0144stwa. Trzeba dba\u0107 o prawd\u0119. Wszyscy pami\u0119taj\u0105 oburzenie, kiedy pisano o polskich obozach zag\u0142ady. Uwra\u017cliwili\u015bmy si\u0119. Zacz\u0119li\u015bmy forsowa\u0107 okre\u015blenia Litzmannstadt Getto, a nie \u0142\u00f3dzkie getto &#8211; powiedzia\u0142 Augustyniak. Wypowied\u017a t\u0119 skomentowa\u0142 Bogus\u0142aw Sonik, eurodeputowany i cz\u0142onek rady Fundacji Polsko-Niemieckie Pojednanie. Jego zdaniem, taka decyzja to du\u017ca niezr\u0119czno\u015b\u0107. Argumentacj\u0119 tak\u0105 podtrzymuje \u0142\u00f3dzki senator PO Maciej Grubski, zdaniem kt\u00f3rego zamiana s\u0142\u00f3w to wielki b\u0142\u0105d. &#8211; Nie ka\u017cdy Niemiec by\u0142 faszyst\u0105, dlatego uwa\u017cam, \u017ce to, co zrobi\u0142 prezydent \u0141odzi, mo\u017ce och\u0142odzi\u0107 stosunki polsko-niemieckie &#8211; t\u0142umaczy. &#8211; A co to za r\u00f3\u017cnica? \u0179eby nie by\u0142o kontrowersji, napiszmy po prostu &#8222;niemieccy agresorzy&#8221; &#8211; dodaje z kolei pose\u0142 PO Andrzej Bu\u0142a. \u0141\u00f3dzka synagoga zosta\u0142a zniszczona w pocz\u0105tkach wojny 1939 roku. Przed wybuchem drugiej wojny \u015bwiatowej \u0141\u00f3d\u017a by\u0142a wielokulturow\u0105 metropoli\u0105, zamieszkan\u0105 nie tylko przez Polak\u00f3w, lecz r\u00f3wnie\u017c liczne mniejszo\u015bci: \u017cydowsk\u0105, niemieck\u0105 i rosyjsk\u0105. Ka\u017cda ze spo\u0142eczno\u015bci rozwija\u0142a w\u0142asne tradycje i kultur\u0119, kt\u00f3re przeplata\u0142y si\u0119 i przenika\u0142y, tworz\u0105c barwn\u0105 mozaik\u0119. Zdaniem pos\u0142\u00f3w PiS oraz historyk\u00f3w, to posuni\u0119cie jak najbardziej prawid\u0142owe. To Niemcy napadli na Polsk\u0119, organizowali \u0142apanki i obozy koncentracyjne. &#8211; Nazwa &#8222;hitlerowcy&#8221; ma szerszy zakres ni\u017c &#8222;Niemcy&#8221;, bo oznacza wszystkich &#8222;wyznawc\u00f3w&#8221; hitlerowskiego re\u017cimu. Oczywi\u015bcie nale\u017cy sobie zdawa\u0107 spraw\u0119 z tego, \u017ce nie ca\u0142y nar\u00f3d niemiecki popar\u0142 zbrodnicz\u0105 ideologi\u0119 hitlerowsk\u0105. Niemniej jednak nie mo\u017cna zaprze\u0107 si\u0119 fakt\u00f3w, i\u017c to Niemcy, nie Francuzi czy Belgowie, byli agresorem w 1939 r. &#8211; komentuje Leszek \u017bebrowski, historyk IPN. &#8211; Je\u015bli wyprzemy si\u0119 tej prawdy, popadniemy w historyczn\u0105 schizofreni\u0119, kt\u00f3ra ju\u017c dzi\u015b opanowuje umys\u0142y w\u0142a\u015bnie m.in. w Niemczech, gdzie serwuje si\u0119 has\u0142a o polskich obozach zag\u0142ady czy niemieckich wyp\u0119dzeniach &#8211; dodaj\u0105 Joachim Brudzi\u0144ski (PiS) oraz Dorota Arciszewska-Mielewczyk, senator PiS, prezes Powiernictwa Polskiego.<\/p>\r\n\r\n<p><em><strong>Anna Ambroziak<\/strong><\/em><\/p>\r\n\r\n<p><br class=\"spacer_\" \/><\/p>\r\n\r\n<p>Za: <a href=\"http:\/\/www.naszdziennik.pl\/index.php?typ=po&amp;dat=20090406&amp;id=po43.txt\" target=\"_blank\">Nasz Dziennik, <\/a><a href=\"http:\/\/www.naszdziennik.pl\/index.php?typ=po&amp;dat=20090406&amp;id=po43.txt\" target=\"_blank\">Poniedzia\u0142ek, 6 kwietnia 2009, Nr 81 (3402)<\/a><\/p>","protected":false},"excerpt":{"rendered":"W \u0141odzi decyzj\u0105 w\u0142adz miejskich zmieniono napis na banerze upami\u0119tniaj\u0105cym synagog\u0119 &#8211; zamiast s\u0142owa &#8222;hitlerowcy&#8221; wprowadzono wyraz &#8222;Niemcy&#8221;. Prezydent \u0141odzi Jerzy Kropiwnicki poleci\u0142 dokona\u0107 korekty na gigantycznym billboardzie upami\u0119tniaj\u0105cym \u0142\u00f3dzk\u0105 synagog\u0119 zburzon\u0105 na pocz\u0105tku wojny 1939 roku. Od dw\u00f3ch lat na plakacie widnia\u0142a informacja, \u017ce dokonali tego hitlerowcy. Teraz mo\u017cna przeczyta\u0107, \u017ce zrobili to Niemcy. [&hellip;]","protected":false},"author":1,"featured_media":0,"comment_status":"closed","ping_status":"closed","sticky":false,"template":"","format":"standard","meta":{"_acf_changed":false,"_monsterinsights_skip_tracking":false,"_monsterinsights_sitenote_active":false,"_monsterinsights_sitenote_note":"","_monsterinsights_sitenote_category":0,"ngg_post_thumbnail":0,"footnotes":"","_wp_rev_ctl_limit":""},"categories":[8],"tags":[65,102],"acf":[],"_links":{"self":[{"href":"https:\/\/www.bibula.com\/index.php?rest_route=\/wp\/v2\/posts\/8242"}],"collection":[{"href":"https:\/\/www.bibula.com\/index.php?rest_route=\/wp\/v2\/posts"}],"about":[{"href":"https:\/\/www.bibula.com\/index.php?rest_route=\/wp\/v2\/types\/post"}],"author":[{"embeddable":true,"href":"https:\/\/www.bibula.com\/index.php?rest_route=\/wp\/v2\/users\/1"}],"replies":[{"embeddable":true,"href":"https:\/\/www.bibula.com\/index.php?rest_route=%2Fwp%2Fv2%2Fcomments&post=8242"}],"version-history":[{"count":0,"href":"https:\/\/www.bibula.com\/index.php?rest_route=\/wp\/v2\/posts\/8242\/revisions"}],"wp:attachment":[{"href":"https:\/\/www.bibula.com\/index.php?rest_route=%2Fwp%2Fv2%2Fmedia&parent=8242"}],"wp:term":[{"taxonomy":"category","embeddable":true,"href":"https:\/\/www.bibula.com\/index.php?rest_route=%2Fwp%2Fv2%2Fcategories&post=8242"},{"taxonomy":"post_tag","embeddable":true,"href":"https:\/\/www.bibula.com\/index.php?rest_route=%2Fwp%2Fv2%2Ftags&post=8242"}],"curies":[{"name":"wp","href":"https:\/\/api.w.org\/{rel}","templated":true}]}}