{"id":82366,"date":"2015-07-06T09:55:52","date_gmt":"2015-07-06T13:55:52","guid":{"rendered":"http:\/\/www.bibula.com\/?p=82366"},"modified":"2015-07-06T09:55:52","modified_gmt":"2015-07-06T13:55:52","slug":"zmarl-ksiadz-denis-coiffet-wspolzalozyciel-bractwa-kaplanskiego-sw-piotra","status":"publish","type":"post","link":"https:\/\/www.bibula.com\/?p=82366","title":{"rendered":"Zmar\u0142 ksi\u0105dz Denis Coiffet \u2013 wsp\u00f3\u0142za\u0142o\u017cyciel Bractwa Kap\u0142a\u0144skiego \u015bw. Piotra"},"content":{"rendered":"<p><strong>3 lipca o godzinie 4:50 w otoczeniu rodziny i przyjaci\u00f3\u0142 zmar\u0142 ks. Denis Coiffet. Pogrzeb rozpocznie si\u0119 7 lipca w katedrze o godz. 10:00 w katedrze pw. \u015bw. Ludwika w Wersalu. Niech spoczywa w pokoju!<\/strong><\/p><p>Ksi\u0105dz Denis Coiffet urodzi\u0142 si\u0119 w roku 1952 w Wersalu. \u015awi\u0119cenia otrzyma\u0142 w roku 1977 z r\u0105k arcybiskupa Marcela Lefebvre\u2019a, nast\u0119pnie pe\u0142ni\u0142 pos\u0142ug\u0119 w departamencie Yvelines. W 1988 roku opu\u015bci\u0142 Bractwo Kap\u0142a\u0144skie \u015bw. Piusa X i sta\u0142 si\u0119 jednym z za\u0142o\u017cycieli Bractwa Kap\u0142a\u0144skiego \u015bw. Piotra.<\/p><p>Ksi\u0105dz Coiffet pe\u0142ni\u0142 obowi\u0105zki pierwszego prze\u0142o\u017conego francuskiego dystryktu FSSP, pos\u0142ug\u0119 duszpastersk\u0105 sprawowa\u0142 m.in. w Saint-Martin-de-Br\u00c3\u00a9thencourt, Nantes, Talence i Morlaix. By\u0142 wielkim czcicielem \u015bw. Jana Bosko, szczeg\u00f3lnie troszczy\u0142 si\u0119 o formacj\u0119 dzieci i m\u0142odzie\u017cy.<\/p><p>Zmar\u0142 3 lipca na skutek bia\u0142aczki. Pogrzeb odb\u0119dzie si\u0119 lipca w katedrze o godz. 10:00 w katedrze pw. \u015bw. Ludwika w Wersalu.<\/p><p>Niech spoczywa w pokoju!<\/p><p>\u017ar\u00f3d\u0142o: fssp.org<\/p><p>mat<\/p>","protected":false},"excerpt":{"rendered":"3 lipca o godzinie 4:50 w otoczeniu rodziny i przyjaci\u00f3\u0142 zmar\u0142 ks. Denis Coiffet. Pogrzeb rozpocznie si\u0119 7 lipca w katedrze o godz. 10:00 w katedrze pw. \u015bw. Ludwika w Wersalu. Niech spoczywa w pokoju!Ksi\u0105dz Denis Coiffet urodzi\u0142 si\u0119 w roku 1952 w Wersalu. \u015awi\u0119cenia otrzyma\u0142 w roku 1977 z r\u0105k arcybiskupa Marcela Lefebvre\u2019a, nast\u0119pnie [&hellip;]","protected":false},"author":1,"featured_media":0,"comment_status":"closed","ping_status":"closed","sticky":false,"template":"","format":"standard","meta":{"_acf_changed":false,"_monsterinsights_skip_tracking":false,"_monsterinsights_sitenote_active":false,"_monsterinsights_sitenote_note":"","_monsterinsights_sitenote_category":0,"ngg_post_thumbnail":0,"footnotes":"","_wp_rev_ctl_limit":""},"categories":[3],"tags":[191,350,32,184],"acf":[],"_links":{"self":[{"href":"https:\/\/www.bibula.com\/index.php?rest_route=\/wp\/v2\/posts\/82366"}],"collection":[{"href":"https:\/\/www.bibula.com\/index.php?rest_route=\/wp\/v2\/posts"}],"about":[{"href":"https:\/\/www.bibula.com\/index.php?rest_route=\/wp\/v2\/types\/post"}],"author":[{"embeddable":true,"href":"https:\/\/www.bibula.com\/index.php?rest_route=\/wp\/v2\/users\/1"}],"replies":[{"embeddable":true,"href":"https:\/\/www.bibula.com\/index.php?rest_route=%2Fwp%2Fv2%2Fcomments&post=82366"}],"version-history":[{"count":0,"href":"https:\/\/www.bibula.com\/index.php?rest_route=\/wp\/v2\/posts\/82366\/revisions"}],"wp:attachment":[{"href":"https:\/\/www.bibula.com\/index.php?rest_route=%2Fwp%2Fv2%2Fmedia&parent=82366"}],"wp:term":[{"taxonomy":"category","embeddable":true,"href":"https:\/\/www.bibula.com\/index.php?rest_route=%2Fwp%2Fv2%2Fcategories&post=82366"},{"taxonomy":"post_tag","embeddable":true,"href":"https:\/\/www.bibula.com\/index.php?rest_route=%2Fwp%2Fv2%2Ftags&post=82366"}],"curies":[{"name":"wp","href":"https:\/\/api.w.org\/{rel}","templated":true}]}}