{"id":81938,"date":"2015-06-09T15:54:08","date_gmt":"2015-06-09T19:54:08","guid":{"rendered":"http:\/\/www.bibula.com\/?p=81938"},"modified":"2015-06-09T15:58:14","modified_gmt":"2015-06-09T19:58:14","slug":"oto-europa-xxi-wieku-parlament-europejski-juz-oficjalnie-o-rodzinie-jednoplciowej","status":"publish","type":"post","link":"https:\/\/www.bibula.com\/?p=81938","title":{"rendered":"Oto Europa XXI wieku. Parlament Europejski ju\u017c oficjalnie o &#8222;rodzinie jednop\u0142ciowej&#8221;"},"content":{"rendered":"<p><strong>Parlament Europejski przyj\u0105\u0142 znaczn\u0105 wi\u0119kszo\u015bci\u0105 g\u0142os\u00f3w raport nt. r\u00f3wno\u015bci p\u0142ci. Bior\u0105c pod uwag\u0119 \u201eewolucj\u0119 definicji rodziny\u201d, po raz pierwszy otwarcie m\u00f3wi o \u201erodzinach jednop\u0142ciowych\u201d.<\/strong><\/p><p>Zdaniem prawnik\u00f3w z Ordo Iuris, ten tzw. raport Noichl wykracza znacznie poza rozwi\u0105zania przewidziane przez prawo pierwotne UE, \u0142ami\u0105c m.in. zasad\u0119 pomocniczo\u015bci. Wywiera on nacisk na kraje cz\u0142onkowskie, by te dostosowa\u0142y swoje systemy prawne pod dyktando ideologicznych postulat\u00f3w \u015brodowisk lewicowych. Postulowane rozwi\u0105zania, szczeg\u00f3lnie jaskrawo naruszaj\u0105 polski prz\u0105dek konstytucyjny.<\/p><p>Raport wykorzystuje znan\u0105 prawu traktatowemu zasad\u0119 r\u00f3wno\u015bci kobiet i m\u0119\u017cczyzn do forsowania, obcej europejskiemu prawu pierwotnemu, ideologicznej koncepcji \u201er\u00f3wno\u015bci genderowej\u201d. Wzywa te\u017c pa\u0144stwa cz\u0142onkowskie w szczeg\u00f3lno\u015bci do promowania aborcji na \u017cyczenie, jako jednego z praw reprodukcyjnych i seksualnych &#8211; podkre\u015bla Ordo Iuris.<\/p><p>Zwraca te\u017c uwag\u0119, \u017ce raport nawo\u0142uje do upowszechniania procedury in vitro \u201ebez dyskryminacji\u201d, co w praktyce oznacza presj\u0119, by dzieci sztucznie powo\u0142ywane do \u017cycia mog\u0142y by\u0107 oddawane parom homoseksualnym. Wniosek ten znajduje dodatkowe potwierdzenie w pkt. 31 rezolucji, kt\u00f3ry wzywa do prawnego uznania \u201erodzicielstwa os\u00f3b LGBT\u201d.<\/p><p>Raport Noichl wzywa jednocze\u015bnie do podporz\u0105dkowania wszystkich szczebli edukacji w pa\u0144stwach cz\u0142onkowskich ideologicznej \u201eperspektywie gender\u201d i do zwalczania obecnych w kulturze r\u00f3\u017cnic w sposobie funkcjonowania kobiet i m\u0119\u017cczyzn. W my\u015bl tego ideologicznego podej\u015bcia, naturalne zr\u00f3\u017cnicowania mi\u0119dzy kobietami i m\u0119\u017cczyznami s\u0105 okre\u015blane stygmatyzuj\u0105cym mianem \u201estereotyp\u00f3w\u201d &#8211; zwraca uwag\u0119 Ordo Iuris.<\/p><p>Dodatkowo, raport Noichl postuluje tworzenie studi\u00f3w genderowych i rozwijanie w tym ideologicznym duchu bada\u0144 feministycznych na uczelniach wy\u017cszych wzywaj\u0105c do uwzgl\u0119dniania polityki gender mainstreaming na ka\u017cdym szczeblu legislacji. \u201eW ten spos\u00f3b, has\u0142o walki z dyskryminacj\u0105 jest instrumentalnie wykorzystywane w celu promowania politycznych roszcze\u0144 subkultur LGBTQ oraz skrajnych dzia\u0142a\u0144 organizacji feministycznych d\u0105\u017c\u0105cych do likwidacji prawnej ochrony \u017cycia ludzkiego na prenatalnym etapie jego rozwoju\u201d &#8211; podkre\u015blaj\u0105 polscy prawnicy.<\/p><p>KAI,kra<\/p><p class=\"zrodlo\">Za: <a href=\"http:\/\/www.pch24.pl\/oto-europa-xxi-wieku--parlament-europejski-juz-oficjalnie-o--rodzinie-jednoplciowej-,36282,i.html\">PoloniaChristiana &#8211; pch24.pl (2015-06-09)<\/a><\/p><hr style=\"background-color: #000000; border-width: 0; color: #000000; height: 2px; line-height: 0; text-align: center; width: 100%;\" \/><h2>Raport Noichl &#8211; kolejny pomys\u0142 feministek i LGBT<\/h2><p>Lobby feministek i subkultur LGBT ponownie stara si\u0119 wywrze\u0107 presj\u0119 na pa\u0144stwa cz\u0142onkowskie Unii Europejskiej, by realizowa\u0142y ich polityczne cele.<\/p><p>Przedstawiamy Pa\u0144stwu opini\u0119 na temat Raportu Noichl, przygotowan\u0105 przez Instytut na Rzecz Kultury Prawnej Ordo Iuris:<\/p><p>W dniach 8-9 czerwca odb\u0119dzie si\u0119 w Parlamencie Europejskim debata i g\u0142osowanie nad kontrowersyjnym <a href=\"http:\/\/www.europarl.europa.eu\/sides\/getDoc.do?pubRef=-\/\/EP\/\/TEXT+REPORT+A8-2015-0163+0+DOC+XML+V0\/\/EN\">Raportem UE o strategii na rzecz r\u00f3wno\u015bci mi\u0119dzy kobietami i m\u0119\u017cczyznami po 2015 r.<\/a> okre\u015blanym mianem Raportu Noichl.<\/p><p>Wykracza on znacznie poza rozwi\u0105zania przewidziane przez prawo pierwotne UE \u0142ami\u0105c m.in. zasad\u0119 pomocniczo\u015bci. Wywiera on nacisk na kraje cz\u0142onkowskie, by te dostosowa\u0142y swoje systemy prawne pod dyktando ideologicznych postulat\u00f3w tych lewicowych \u015brodowisk. Postulowane rozwi\u0105zania, szczeg\u00f3lnie jaskrawo naruszaj\u0105 polski prz\u0105dek konstytucyjny.<\/p><p>Raport Noichl wykorzystuje znan\u0105 prawu traktatowemu zasad\u0119 r\u00f3wno\u015bci kobiet i m\u0119\u017cczyzn do forsowania, obcej europejskiemu prawu pierwotnemu, ideologicznej\u00a0 koncepcji \u201er\u00f3wno\u015bci genderowej\u201d (gender equality). Wzywa si\u0119 pa\u0144stwa cz\u0142onkowskie w szczeg\u00f3lno\u015bci do promowania aborcji na \u017cyczenie, jako jednego z praw reprodukcyjnych i seksualnych (pkt 53). Ponadto rezolucja nawo\u0142uje do upowszechniania procedury in vitro \u201ebez dyskryminacji\u201d (pkt 59), co w praktyce oznacza presj\u0119, by dzieci sztucznie powo\u0142ywane do \u017cycia mog\u0142y by\u0107 oddawane parom homoseksualnym. Wniosek ten znajduje dodatkowe potwierdzenie w pktu 31 rezolucji, kt\u00f3ry wzywa do prawnego uznania \u201erodzicielstwa os\u00f3b LGBT\u201d. W tym aspekcie, skrajne rekomendacje z Raportu Noichl znajduj\u0105 sw\u00f3j wyraz w rozwi\u0105zaniach rz\u0105dowego projektu ustawy legalizuj\u0105cej procedur\u0119 in vitro, kt\u00f3re przewiduj\u0105 instytucj\u0119 \u201edawstwa\u201d gamet i zarodk\u00f3w dost\u0119pn\u0105 r\u00f3wnie\u017c dla zwi\u0105zk\u00f3w os\u00f3b tej samej p\u0142ci.<\/p><p>Raport Noichl wzywa jednocze\u015bnie do podporz\u0105dkowania wszystkich szczebli edukacji w pa\u0144stwach cz\u0142onkowskich ideologicznej \u201eperspektywie gender\u201d i do zwalczania obecnych w kulturze r\u00f3\u017cnic w sposobie funkcjonowania kobiet i m\u0119\u017cczyzn (lit. U, pkt 60, pkt 53). W my\u015bl tego ideologicznego podej\u015bcia, naturalne zr\u00f3\u017cnicowania mi\u0119dzy kobietami i m\u0119\u017cczyznami s\u0105 okre\u015blane stygmatyzuj\u0105cym mianem \u201estereotyp\u00f3w\u201d.\u00a0 Dodatkowo, Raport Noichl postuluje tworzenie studi\u00f3w genderowych i rozwijanie w tym ideologicznym duchu bada\u0144 feministycznych na uczelniach wy\u017cszych (pkt 67) wzywaj\u0105c do uwzgl\u0119dniania polityki gender maistreaming na ka\u017cdym szczeblu legislacji. W ten spos\u00f3b, has\u0142o walki z dyskryminacj\u0105 jest instrumentalnie wykorzystywane w celu promowania politycznych roszcze\u0144 subkultur LGBTQ oraz skrajnych dzia\u0142a\u0144 organizacji feministycznych d\u0105\u017c\u0105cych do likwidacji prawnej ochrony \u017cycia ludzkiego na prenatalnym etapie jego rozwoju.<\/p><p>Dokument ten sta\u0142 si\u0119 przedmiotem daleko id\u0105cej krytyki jeszcze na etapie prac w komitecie FEMM. <span style=\"text-decoration: underline;\"><a href=\"http:\/\/www.ordoiuris.pl\/francja-naciska--by-ue-promowala--prawo-do-aborcji--w-onz,3600,i.html\">Francuscy pos\u0142owie do Parlamentu Europejskiego otrzymali od swojego rz\u0105du wytyczne<\/a><\/span>, wzywaj\u0105ce do g\u0142osowania przeciwko poprawkom gwarantuj\u0105cym poszanowanie suwerennych kompetencji pa\u0144stw cz\u0142onkowskich w zakresie formu\u0142owania i realizowania polityki zdrowotnej, kt\u00f3re wynikaj\u0105 z art. 168 Traktatu o Funkcjonowaniu UE.<\/p><p>Nale\u017cy mie\u0107 jednak nadziej\u0119, \u017ce wi\u0119kszo\u015b\u0107 cz\u0142onk\u00f3w Parlamentu Europejskiego we wtorkowym g\u0142osowaniu przeciwstawi si\u0119 ekstremistycznym postulatom zawartym w Raporcie Noichl, afirmuj\u0105c zasad\u0119 subsydiarno\u015bci, coraz cz\u0119\u015bciej lekcewa\u017con\u0105 przez instytucje UE.<\/p><p>[Za: Instytut na Rzecz Kultury Prawnej Ordo Iuris &#8211; 07.06.2016 r.]<\/p><p class=\"zrodlo\">Za: <a href=\"http:\/\/www.hli.org.pl\/drupal\/pl\/node\/10514\">Human Life International &#8211; Polska &#8212; Polski serwis pro-life (09\/06\/2015)<\/a><\/p><hr style=\"background-color: #000000; border-width: 0; color: #000000; height: 2px; line-height: 0; text-align: center; width: 100%;\" \/><h4>\u00a0<\/h4><h4>Ideologia gender zagro\u017ceniem rodziny &#8211; Ks. prof. Dariusz Oko<\/h4><h4>\u00a0<\/h4><p>[youtube 0lyWQQdAxVg]<\/p><h4>\u00a0<\/h4><hr style=\"background-color: #000000; border-width: 0; color: #000000; height: 2px; line-height: 0; text-align: center; width: 100%;\" \/>","protected":false},"excerpt":{"rendered":"Parlament Europejski przyj\u0105\u0142 znaczn\u0105 wi\u0119kszo\u015bci\u0105 g\u0142os\u00f3w raport nt. r\u00f3wno\u015bci p\u0142ci. Bior\u0105c pod uwag\u0119 \u201eewolucj\u0119 definicji rodziny\u201d, po raz pierwszy otwarcie m\u00f3wi o \u201erodzinach jednop\u0142ciowych\u201d.Zdaniem prawnik\u00f3w z Ordo Iuris, ten tzw. raport Noichl wykracza znacznie poza rozwi\u0105zania przewidziane przez prawo pierwotne UE, \u0142ami\u0105c m.in. zasad\u0119 pomocniczo\u015bci. Wywiera on nacisk na kraje cz\u0142onkowskie, by te dostosowa\u0142y swoje [&hellip;]","protected":false},"author":1,"featured_media":0,"comment_status":"closed","ping_status":"closed","sticky":false,"template":"","format":"standard","meta":{"_acf_changed":false,"_monsterinsights_skip_tracking":false,"ngg_post_thumbnail":0,"footnotes":"","_wp_rev_ctl_limit":""},"categories":[6],"tags":[23,314],"acf":[],"_links":{"self":[{"href":"https:\/\/www.bibula.com\/index.php?rest_route=\/wp\/v2\/posts\/81938"}],"collection":[{"href":"https:\/\/www.bibula.com\/index.php?rest_route=\/wp\/v2\/posts"}],"about":[{"href":"https:\/\/www.bibula.com\/index.php?rest_route=\/wp\/v2\/types\/post"}],"author":[{"embeddable":true,"href":"https:\/\/www.bibula.com\/index.php?rest_route=\/wp\/v2\/users\/1"}],"replies":[{"embeddable":true,"href":"https:\/\/www.bibula.com\/index.php?rest_route=%2Fwp%2Fv2%2Fcomments&post=81938"}],"version-history":[{"count":0,"href":"https:\/\/www.bibula.com\/index.php?rest_route=\/wp\/v2\/posts\/81938\/revisions"}],"wp:attachment":[{"href":"https:\/\/www.bibula.com\/index.php?rest_route=%2Fwp%2Fv2%2Fmedia&parent=81938"}],"wp:term":[{"taxonomy":"category","embeddable":true,"href":"https:\/\/www.bibula.com\/index.php?rest_route=%2Fwp%2Fv2%2Fcategories&post=81938"},{"taxonomy":"post_tag","embeddable":true,"href":"https:\/\/www.bibula.com\/index.php?rest_route=%2Fwp%2Fv2%2Ftags&post=81938"}],"curies":[{"name":"wp","href":"https:\/\/api.w.org\/{rel}","templated":true}]}}