{"id":81759,"date":"2015-06-01T09:50:03","date_gmt":"2015-06-01T13:50:03","guid":{"rendered":"http:\/\/www.bibula.com\/?p=81759"},"modified":"2015-06-01T14:08:37","modified_gmt":"2015-06-01T18:08:37","slug":"sarajewo-podroz-pokoju-bez-odniesien-do-medziugorie","status":"publish","type":"post","link":"https:\/\/www.bibula.com\/?p=81759","title":{"rendered":"Sarajewo: podr\u00f3\u017c pokoju, bez odniesie\u0144 do Medziugorie"},"content":{"rendered":"<p>\u201ePok\u00f3j z Tob\u0105\u201d &#8211; tak brzmi oficjalne has\u0142o jednodniowej wizyty papieskiej w Sarajewie, kt\u00f3ra odb\u0119dzie si\u0119 za tydzie\u0144, w sobot\u0119. Z programem podr\u00f3\u017cy zapozna\u0142 dzi\u015b dziennikarzy watyka\u0144ski rzecznik. Przypomnia\u0142, \u017ce Bo\u015bnia i Hercegowina wci\u0105\u017c jeszcze jest silnie naznaczona do\u015bwiadczeniem wojny. \u015awiadczy o tym zar\u00f3wno podupadaj\u0105ca gospodarka, jak i samo Sarajewo, gdzie nadal mo\u017cna spotka\u0107 zburzone budynki czy przydro\u017cne groby.<\/p><p>Bo\u015bnia i Hercegowina to drugi po Albanii kraj Europy, kt\u00f3ry odwiedzi Franciszek, nie licz\u0105c kilkugodzinnej wizyty w instytucjach europejskich w Strasburgu. Papie\u017c b\u0119dzie si\u0119 porusza\u0142 po Sarajewie papamobile, kt\u00f3rego u\u017cywa na placu \u015bw. Piotra, a zatem w wersji otwartej. Organizatorzy nie przewiduj\u0105 specjalnych zagro\u017ce\u0144.<\/p><p>Na briefingu przed podr\u00f3\u017c\u0105 dziennikarze pytali ks. Lombardiego, czy Ojciec \u015awi\u0119ty ustosunkuje si\u0119 do kwestii Medziugorie, cho\u0107by ze wzgl\u0119du na znaczenie duszpasterskie tego sanktuarium. Watyka\u0144ski rzecznik zaznaczy\u0142, \u017ce nie nale\u017cy si\u0119 tego spodziewa\u0107. Sprawa nadal jest bowiem przedmiotem bada\u0144 Stolicy Apostolskiej.<\/p><p>\u201eKomisja, kt\u00f3rej przewodniczy\u0142 kard. Ruini, zako\u0144czy\u0142a ju\u017c prac\u0119 i przekaza\u0142a swoje wnioski Kongregacji Nauki Wiary &#8211; poinformowa\u0142 watyka\u0144ski rzecznik. &#8211; Teraz to ta kongregacja zajmuje si\u0119 niniejsz\u0105 spraw\u0105, podejmuje dodatkowe badania, by w ko\u0144cu przedstawi\u0107 j\u0105 na posiedzeniu plenarnym tej dykasterii. Nie mog\u0119 jednak powiedzie\u0107, kiedy i w jaki spos\u00f3b zostanie zako\u0144czona ta sprawa\u201d.<\/p><p>kb\/ rv<\/p>","protected":false},"excerpt":{"rendered":"\u201ePok\u00f3j z Tob\u0105\u201d &#8211; tak brzmi oficjalne has\u0142o jednodniowej wizyty papieskiej w Sarajewie, kt\u00f3ra odb\u0119dzie si\u0119 za tydzie\u0144, w sobot\u0119. Z programem podr\u00f3\u017cy zapozna\u0142 dzi\u015b dziennikarzy watyka\u0144ski rzecznik. Przypomnia\u0142, \u017ce Bo\u015bnia i Hercegowina wci\u0105\u017c jeszcze jest silnie naznaczona do\u015bwiadczeniem wojny. \u015awiadczy o tym zar\u00f3wno podupadaj\u0105ca gospodarka, jak i samo Sarajewo, gdzie nadal mo\u017cna spotka\u0107 zburzone [&hellip;]","protected":false},"author":1,"featured_media":0,"comment_status":"closed","ping_status":"closed","sticky":false,"template":"","format":"standard","meta":{"_acf_changed":false,"_monsterinsights_skip_tracking":false,"_monsterinsights_sitenote_active":false,"_monsterinsights_sitenote_note":"","_monsterinsights_sitenote_category":0,"ngg_post_thumbnail":0,"footnotes":"","_wp_rev_ctl_limit":""},"categories":[3],"tags":[301,74,41],"acf":[],"_links":{"self":[{"href":"https:\/\/www.bibula.com\/index.php?rest_route=\/wp\/v2\/posts\/81759"}],"collection":[{"href":"https:\/\/www.bibula.com\/index.php?rest_route=\/wp\/v2\/posts"}],"about":[{"href":"https:\/\/www.bibula.com\/index.php?rest_route=\/wp\/v2\/types\/post"}],"author":[{"embeddable":true,"href":"https:\/\/www.bibula.com\/index.php?rest_route=\/wp\/v2\/users\/1"}],"replies":[{"embeddable":true,"href":"https:\/\/www.bibula.com\/index.php?rest_route=%2Fwp%2Fv2%2Fcomments&post=81759"}],"version-history":[{"count":0,"href":"https:\/\/www.bibula.com\/index.php?rest_route=\/wp\/v2\/posts\/81759\/revisions"}],"wp:attachment":[{"href":"https:\/\/www.bibula.com\/index.php?rest_route=%2Fwp%2Fv2%2Fmedia&parent=81759"}],"wp:term":[{"taxonomy":"category","embeddable":true,"href":"https:\/\/www.bibula.com\/index.php?rest_route=%2Fwp%2Fv2%2Fcategories&post=81759"},{"taxonomy":"post_tag","embeddable":true,"href":"https:\/\/www.bibula.com\/index.php?rest_route=%2Fwp%2Fv2%2Ftags&post=81759"}],"curies":[{"name":"wp","href":"https:\/\/api.w.org\/{rel}","templated":true}]}}