{"id":81690,"date":"2015-05-29T11:29:45","date_gmt":"2015-05-29T15:29:45","guid":{"rendered":"http:\/\/www.bibula.com\/?p=81690"},"modified":"2015-05-29T11:31:53","modified_gmt":"2015-05-29T15:31:53","slug":"wyborcza-komorowski-a-teraz-polityka-grzegorz-braun-poruszyl-salon","status":"publish","type":"post","link":"https:\/\/www.bibula.com\/?p=81690","title":{"rendered":"&#8222;Wyborcza&#8221;, Komorowski a teraz \u201ePolityka&#8221;. Grzegorz Braun poruszy\u0142 salon"},"content":{"rendered":"<p><strong>Postkomunistyczny tygodnik \u201ePolityka\u201d wzi\u0105\u0142 na tapet re\u017cysera Grzegorza Brauna. Redakcj\u0119 zaniepokoi\u0142o, i\u017c wzi\u0105\u0142 on udzia\u0142 w wyborach prezydenckich. Dziennikarze postanowili wi\u0119c udowodni\u0107, \u017ce wszyscy &#8211; \u0142\u0105cznie z rodzin\u0105 i znajomymi &#8211; wstydz\u0105 si\u0119 Brauna i jego pogl\u0105d\u00f3w.<\/strong><\/p><p>Po pierwszej turze wybor\u00f3w prezydenckich \u201eGazeta Wyborcza\u201d po\u015bwi\u0119ci\u0142a Grzegorzowi Braunowi pierwsze trzy strony, przepraszaj\u0105c za nazwanie go <em>faszyst\u0105, <\/em>oraz raz jeszcze okre\u015blaj\u0105c go tym w\u0142a\u015bnie mianem. Kilka dni p\u00f3\u017aniej prezydent Bronis\u0142aw Komorowski postanowi\u0142 u\u017cy\u0107 nazwiska Brauna jako or\u0119\u017ca w walce z Andrzejem Dud\u0105 &#8211; deklaracja Brauna, w kt\u00f3rej m\u00f3wi\u0142 o swym zamiarze g\u0142osowania na kandydata PiS mia\u0142a wed\u0142ug przegranego kandydata PO skompromitowa\u0107 rywala. Tak si\u0119 jednak nie sta\u0142o &#8211; Duda wybory wygra\u0142, ale salon wci\u0105\u017c zajmuje si\u0119 Grzegorzem Braunem. Tym razem sylwetk\u0119 re\u017cysera opisuje \u201ePolityka\u201d.<\/p><p>Dziennikarka tygodnika, Anna D\u0105browska, stworzy\u0142a tekst oparty na wypowiedziach anonimowych \u201eznajomych\u201d i anonimowych \u201eos\u00f3b zorientowanych w relacjach rodzinnych\u201d Grzegorza Brauna. Wszystko po to, by udowodni\u0107 tez\u0119, i\u017c od re\u017cysera odcinaj\u0105 si\u0119 nawet bliskie mu osoby, bowiem przynosi wstyd zar\u00f3wno rodzinie jak i \u015brodowisku. Fakt, \u017ce mimo braku jakiegokolwiek partyjnego zaplecza re\u017cysera popar\u0142o ponad 120 tys. wyborc\u00f3w jest przez \u201ePolityk\u0119\u201d skrz\u0119tnie pomijany.<\/p><p>&#8211; <em>Trudno dzi\u015b wyst\u0119powa\u0107 w jego kontek\u015bcie i znale\u017a\u0107 co\u015b na jego obron\u0119, wi\u0119c lepiej milcze\u0107 &#8211; <\/em>m\u00f3wi odnaleziony przez dziennikark\u0119 anonimowy znajomy re\u017cysera. Autorka sugeruje, \u017ce \u00f3w znajomy to przedstawiciel wi\u0119kszej grupy os\u00f3b, kt\u00f3re nie chc\u0105 mie\u0107 z Braunem do czynienia po tym, jak nazwa\u0142 Polsk\u0119 \u201ekondominium niemiecko-rosyjskim pod \u017cydowskim zarz\u0105dem powierniczym\u201d.<\/p><p>Anna D\u0105browska twierdzi, \u017ce dotar\u0142a tak\u017ce do os\u00f3b zorientowanych w relacjach rodzinnych Braun\u00f3w. Osoba ta r\u00f3wnie\u017c wypowiada si\u0119 na \u0142amach postkomunistycznego tygodnika anonimowo. To nie przeszkadza jej w sugerowaniu, \u017ce rodzice Grzegorza Brauna s\u0105 zacnymi lud\u017ami, ale jako \u017ce mieszkaj\u0105 w Ameryce \u201enie do ko\u0144ca zdaja sobie spraw\u0119 ze sposobu\u201d, w jaki ich syn wyg\u0142asza pogl\u0105dy. Na dow\u00f3d podaje jedno zdanie z trwaj\u0105cego kilkadziesi\u0105t minut wyk\u0142adu re\u017cysera, kt\u00f3ry mia\u0142 miejsce trzy lata temu w warszawskim Klubie Ronina. W tek\u015bcie wymieniana jest tak\u017ce siostra Brauna, ukazana jako cz\u0119\u015b\u0107 rodziny\u00a0rozs\u0105dniejsza ni\u017c re\u017cyser.<\/p><p>\u201ePolityka\u201d donosi r\u00f3wnie\u017c o <em>lustracyjnej obsesji <\/em>Brauna w kontek\u015bcie sprawy prof. Miodka. Naci\u0105ga si\u0119 przy tym standardy dziennikarskie: w artykule brakuje bowiem jakiejkolwiek informacji o tym, \u017ce Europejski Trybuna\u0142 Praw Cz\u0142owieka w Strasburgu orzek\u0142, \u017ce Polska naruszy\u0142a wobec re\u017cysera Grzegorza Brauna art. 10 Europejskiej Konwencji o Ochronie Praw Cz\u0142owieka, gwarantuj\u0105cy wolno\u015b\u0107 s\u0142owa. Dziennikarka \u201ePolityki\u201d pisze wy\u0142\u0105cznie o tym, i\u017c Braun musia\u0142 &#8211; zgodnie z wyrokiem polskiego s\u0105du &#8211; przeprosi\u0107 Miodka za nazwanie go informatorem tajnej policji PRL.<\/p><p>Grzegorz Braun jest nazwany przez autork\u0119 \u201ePolityki\u201d r\u00f3wnie\u017c <em>sp\u00f3\u017anionym bohaterem, <\/em>kt\u00f3ry w <em>swojej g\u0142owie re\u017cyseruje spiskowe teorie, by mie\u0107 z czym walczy\u0107. <br \/> <\/em><\/p><p>Wydaje si\u0119, \u017ce wzi\u0119cie przez Brauna udzia\u0142u w wyborach prezydenckich i presti\u017cowa pora\u017cka &#8222;Gazety Wyborczej&#8221; w s\u0105dzie, wywo\u0142a\u0142y w salonie spory pop\u0142och, skoro ju\u017c wielka i zas\u0142u\u017cona dla komunizmu i postkomunizmu &#8222;Polityka&#8221; zdecydowa\u0142a si\u0119 na cytowanie anonimowych \u017ar\u00f3de\u0142 i opisywanie rzekomych relacji rodzinnych re\u017cysera. Wszystko zapewne w imi\u0119 walki z &#8222;faszyzmem&#8221;!<\/p><p>\u0179r\u00f3d\u0142o: \u201ePolityka\u201d<\/p><p>kra<\/p><p class=\"zrodlo\">Za: <a href=\"http:\/\/www.pch24.pl\/-wyborcza--komorowski-a-teraz-polityka--grzegorz-braun-poruszyl-salon,36042,i.html\">PoloniaChristiana &#8211; pch24.pl (2015-05-29)<\/a><\/p><hr style=\"background-color: #000000; border-width: 0; color: #000000; height: 2px; line-height: 0; text-align: center; width: 100%;\" \/><h2>Grzegorz Braun komentuje wyniki wybor\u00f3w prezydenckich<\/h2><h4>Dla portalu Prosto z Mostu wyniki wybor\u00f3w prezydenckich skomentowa\u0142 Grzegorz Braun<\/h4><p><em><strong>Jaka by\u0142a Pana pierwsza my\u015bl po og\u0142oszeniu wynik\u00f3w wybor\u00f3w prezydenckich? Jest Pan w jaki\u015b spos\u00f3b zadowolony z wygranej Andrzeja Dudy?<\/strong><\/em><\/p><p>\u0179e trzeba modli\u0107 si\u0119 za prezydenta elekta, \u017ceby zdecydowa\u0142 si\u0119 na suwerenno\u015b\u0107 &#8211; swoj\u0105 w\u0142asn\u0105 jako polityka i suwerenno\u015b\u0107 pa\u0144stwa polskiego. \u0179eby okaza\u0142 si\u0119 pierwszym prezydentem Polski prawdziwie wybijaj\u0105cej si\u0119 na niepodleg\u0142o\u015b\u0107 &#8211; a nie ostatnim prezydentem III RP, kt\u00f3ry b\u0119dzie zaledwie \u017cyrantem ostatecznej transformacji tego tworu w kondominium rosyjsko-niemieckie pod \u017cydowskim zarz\u0105dem powierniczym.<\/p><p><em><strong>Wierzy Pan w spe\u0142nienie obietnic wyborczych? By\u0142o tego sporo: obni\u017cenie wieku emerytalnego, 500 z\u0142otych na ka\u017cde dziecko, przewalutowanie frankowicz\u00f3w\u2026<\/strong><\/em><\/p><p>To s\u0105, z ca\u0142ym szacunkiem i sympati\u0105 dla Prezydenta-elekta, niew\u0105tpliwie kwestie drugo i trzeciorz\u0119dne. Nale\u017cy trzyma\u0107 pana Andrzeja Dud\u0119 za s\u0142owo w znacznie wa\u017cniejszych sprawach. Trzeba przypatrywa\u0107 si\u0119 temu, jaki b\u0119dzie jego osobisty stosunek i jego wola polityczna w sprawach podstawowych, te sprawy to \u017cycie ludzkie i gwarancje jego bezpiecze\u0144stwa &#8211; a wi\u0119c i gwarancje bezpiecze\u0144stwa polskiej rodziny; tak\u017ce gwarancje bezpiecze\u0144stwa polskiej w\u0142asno\u015bci &#8211; ze szczeg\u00f3lnym uwzgl\u0119dnieniem ziemi. No i kwestia bezpiecze\u0144stwa pa\u0144stwa &#8211; tj. dzi\u015b najbardziej pal\u0105ca potrzeba zachowania neutralno\u015bci Polski w wojnie ukrai\u0144skiej. W wi\u0119kszo\u015bci tych spraw Andrzej Duda jeszcze nie zadeklarowa\u0142 si\u0119 niestety ca\u0142kiem jednoznacznie, zatem trzeba modli\u0107 si\u0119 i dzia\u0142a\u0107 politycznie tak, aby nowy Prezydent ostatecznie zaj\u0105\u0142 stanowisko zgodnie z polsk\u0105 tradycj\u0105 i racj\u0105 stanu.<\/p><p><em><strong>Czy uwa\u017ca Pan, \u017ce to zwyci\u0119stwo przy ewentualnej wygranej przez Prawo i Sprawiedliwo\u015b\u0107 w wyborach parlamentarnych, mo\u017ce sprawi\u0107, \u017ce polska polityka b\u0119dzie jeszcze bardziej uleg\u0142a wzgl\u0119dem Izraela?<\/strong><\/em><\/p><p>Prosz\u0119 Pana, to jest szersza sprawa. Jak wiadomo polityka pa\u0144stwa po\u0142o\u017conego w Palestynie to tylko jeden z wycink\u00f3w szerszej sytuacji. Stosunki polsko-\u017cydowskie maj\u0105 szereg innych p\u0142aszczyzn i szereg innych front\u00f3w, na kt\u00f3rych ujawnia si\u0119 wola polityczna. Jest to i pa\u0144stwo \u017cydowskie, i diaspora \u017cydowska, i liczne organizacje, z kt\u00f3rych bynajmniej nie wszystkie deklaruj\u0105 si\u0119 jednoznacznie, ale w istocie nierzadko realizuj\u0105 sprzeczne z polskim interesem narodowym programy. Bana\u0142em b\u0119dzie wskazywanie przyk\u0142adu odrodzonej lo\u017cy B\u2019nai B\u2019rith Polin, czy te\u017c Muzeum Historii \u017byd\u00f3w Polskich, czy te\u017c organizacji takich jak Otwarta Rzeczpospolita, czy ca\u0142a konstelacja organizacji orbituj\u0105cych wok\u00f3\u0142 centralnej GWiazdy \u015bmierci z ulicy Czerskiej w Warszawie. Ot\u00f3\u017c probierzem pa\u0144stwowotw\u00f3rczej roli polityk\u00f3w i ich formacji b\u0119dzie nie tylko uczestnictwo w dialogu polsko-izraelskim, ale tak\u017ce ich stosunek do tej ca\u0142ej konstelacji, kt\u00f3r\u0105 tutaj na wybranych przyk\u0142adach wskaza\u0142em. Pytanie czy Prawo i Sprawiedliwo\u015b\u0107 b\u0119dzie w stanie wyzwoli\u0107 si\u0119 z tego dotychczas kultywowanego, ale zgubnego dla Polskiej racji stanu konformizmu na tym kierunku. To jest pytanie tak\u017ce o relacje polsko-ameryka\u0144skie. Czy PiS pozostanie przede wszystkim lojalnym agentem, wykonawc\u0105 dyrektyw p\u0142yn\u0105cych ze strony imperium ameryka\u0144skiego, czy te\u017c wybije si\u0119 na suwerenno\u015b\u0107? Czy PiS b\u0119dzie do ko\u0144ca swego istnienia sp\u0142aca\u0107 d\u0142ugi wdzi\u0119czno\u015bci wobec towarzyszy ameryka\u0144skich za ten sukces wyborczy, czy te\u017c wreszcie ta formacja b\u0119dzie zdolna do realizacji suwerennej polityki? Przy najlepszej woli polityk\u00f3w PiS mo\u017ce to by\u0107 bardzo trudne.<\/p><p><em><strong>Czy zwyci\u0119stwo Andrzej Dudy mo\u017ce diametralnie zmieni\u0107 sytuacj\u0119 na polskiej scenie politycznej? Czy mo\u017ce skorzysta\u0107 na tym ruch Paw\u0142a Kukiza czy te\u017c nowa inicjatywa pana Leszka Balcerowicza?<\/strong><\/em><\/p><p>Wida\u0107, \u017ce uk\u0142ad przygotowuje si\u0119 na r\u00f3\u017cne ewentualno\u015bci. Kreowane s\u0105 w tej chwili r\u00f3\u017cne nowe formacje, kt\u00f3re maj\u0105 pos\u0142u\u017cy\u0107 jako tratwy ratunkowe na nowym etapie. Wida\u0107 wyra\u017anie, \u017ce uk\u0142ad dzia\u0142a w my\u015bl zasady \u201ewiele musi si\u0119 zmieni\u0107, aby wszystko zosta\u0142o po staremu\u201d. Formacja pana Kukiza, z ca\u0142ym szacunkiem i sympati\u0105 dla niego osobi\u015bcie, w spos\u00f3b w bardzo niepokoj\u0105cy zakorzeniona jest na r\u00f3\u017cne sposoby w tzw. uk\u0142adzie wroc\u0142awskim. Prosz\u0119 nie zapomina\u0107 o tych przejawach \u017cyczliwo\u015bci wobec tej kandydatury ze strony np. Grzegorza Schetyny, a tak\u017ce takich funkcjonariuszy frontu ideologicznego, jak np. Monika \u201eStokrotka\u201d Olejnik czy pan \u201eKupa\u201d Wojew\u00f3dzki. To s\u0105 rzeczy, kt\u00f3re mam nadziej\u0119 Pan Pawe\u0142 Kukiz bierze pod uwag\u0119 i trzeba liczy\u0107 na to, \u017ce nie zechce on odgrywa\u0107 roli figuranta w cudzej uk\u0142adance. Uk\u0142ad, jak powiedzia\u0142em, szykuje si\u0119 na r\u00f3\u017cne ewentualno\u015bci i tutaj z jednej strony mamy do czynienia z wyci\u0105ganiem z naftaliny Leszka Balcerowicza, a z drugiej budowaniem przez Jana Hartmana i sp\u00f3\u0142k\u0119 jakiej\u015b formacji, kt\u00f3ra si\u0119 przedstawia jako lewicowa. Wida\u0107, \u017ce jak zwykle genera\u0142owie s\u0142u\u017cb staraj\u0105 si\u0119 w swojej arce posiada\u0107 przynajmniej po parze z ka\u017cdego gatunku. Pozostaje kwestia czy odegramy role przypisane nam w ich scenariuszu &#8211; w scenariuszu kolejnego \u201ekryzysu kontrolowanego\u201d i instalacji kolejnego \u201erz\u0105du fachowc\u00f3w\u201d (np. Schetyny-Pawlaka-Balcerowicza, lub co\u015b w tym gu\u015bcie), kt\u00f3ry transformowa\u0107 b\u0119dzie Polsk\u0119 w kondominium rosyjsko-niemieckim pod \u017cydowskim zarz\u0105dem powierniczym &#8211; czy te\u017c mimo wszystko dzi\u0119ki naszej przezorno\u015bci scenariusz wymknie si\u0119 spod kontroli genera\u0142\u00f3w. Prosz\u0119 zauwa\u017cy\u0107, \u017ce prezydent-rezydent Komorowski i s\u0142u\u017cby, kt\u00f3re za nim stoj\u0105, maj\u0105 jeszcze ca\u0142e dwa i p\u00f3\u0142 miesi\u0105ca na to, \u017ceby po pierwsze pozaciera\u0107 \u015blady w\u0142asnej przest\u0119pczej i zdradzieckiej dzia\u0142alno\u015bci, a po drugie na to, \u017ceby pozak\u0142ada\u0107 rozmaite \u201eminy\u201d, kt\u00f3re odpala\u0107 zaczn\u0105 w stosownym momencie. Prosz\u0119 te\u017c pamieta\u0107, \u017ce Komorowski og\u0142osi\u0142 ju\u017c w\u0142a\u015bciwie nowy pe\u0142zaj\u0105cy stan wojenny &#8211; og\u00f3lnopolskie \u0107wiczenia pod kryptonimem \u201eKraj 2015\u201d zapowiedziane w jego wyst\u0105pieniu nazajutrz po masakrze w Tunisie. Na dzi\u015b wi\u0119c najwa\u017cniejsze zadania, to obrona Tradycji katolickiej i tradycji polskiej, obrona \u017cycia, rodziny i w\u0142asno\u015bci, i zachowanie neutralno\u015bci w wojnie i nieuleganie prowokacjom, kt\u00f3rych ca\u0142a seria czeka nas niew\u0105tpliwie jeszcze przed ko\u0144cem tego roku.<\/p><p><em><strong>W internecie a\u017c huczy od plotek, \u017ce w wyborach parlamentarnych wystartuje Pan z listy partii KORWiN do Sejmu. Czy co\u015b jest na rzeczy? Mo\u017ce Pan to jako\u015b skomentowa\u0107?<\/strong><\/em><\/p><p>W sk\u0105din\u0105d bardzo sympatycznych rozmowach z przedstawicielami tej formacji bardzo wyra\u017anie deklarowa\u0142em, \u017ce trudno jest mi wyobrazi\u0107 sobie m\u00f3j akces do jakiejkolwiek istniej\u0105cej partii politycznej.<\/p><p><em><strong>To oznacza, \u017ce nie zamierza Pan kandydowa\u0107 do Sejmu?<\/strong><\/em><\/p><p>Z g\u00f3ry nie wykluczam udzia\u0142u w \u017cadnej akcji politycznej, ale jeszcze raz powt\u00f3rz\u0119: dzi\u015b trudno jest mi wyobrazi\u0107 sobie dzia\u0142anie polityczne w szeregach jakiejkolwiek formacji partyjnej.<\/p><p><strong><em>Patryk G\u00f3rski<\/em><\/strong> \u2022 <span class=\"skimlinks-unlinked\">prostozmostu.net<\/span><\/p><p class=\"zrodlo\">Za: <a href=\"http:\/\/grzegorzbraun.pl\/grzegorz-braun-komentuje-wyniki-wyborow-prezydenckich\">GrzegorzBraun.pl (27 maja 2015)<\/a><\/p><hr style=\"background-color: #000000; border-width: 0; color: #000000; height: 2px; line-height: 0; text-align: center; width: 100%;\" \/>","protected":false},"excerpt":{"rendered":"Postkomunistyczny tygodnik \u201ePolityka\u201d wzi\u0105\u0142 na tapet re\u017cysera Grzegorza Brauna. Redakcj\u0119 zaniepokoi\u0142o, i\u017c wzi\u0105\u0142 on udzia\u0142 w wyborach prezydenckich. Dziennikarze postanowili wi\u0119c udowodni\u0107, \u017ce wszyscy &#8211; \u0142\u0105cznie z rodzin\u0105 i znajomymi &#8211; wstydz\u0105 si\u0119 Brauna i jego pogl\u0105d\u00f3w.Po pierwszej turze wybor\u00f3w prezydenckich \u201eGazeta Wyborcza\u201d po\u015bwi\u0119ci\u0142a Grzegorzowi Braunowi pierwsze trzy strony, przepraszaj\u0105c za nazwanie go faszyst\u0105, oraz [&hellip;]","protected":false},"author":1,"featured_media":0,"comment_status":"closed","ping_status":"closed","sticky":false,"template":"","format":"standard","meta":{"_acf_changed":false,"_monsterinsights_skip_tracking":false,"_monsterinsights_sitenote_active":false,"_monsterinsights_sitenote_note":"","_monsterinsights_sitenote_category":0,"ngg_post_thumbnail":0,"footnotes":"","_wp_rev_ctl_limit":""},"categories":[8],"tags":[344,92,159],"acf":[],"_links":{"self":[{"href":"https:\/\/www.bibula.com\/index.php?rest_route=\/wp\/v2\/posts\/81690"}],"collection":[{"href":"https:\/\/www.bibula.com\/index.php?rest_route=\/wp\/v2\/posts"}],"about":[{"href":"https:\/\/www.bibula.com\/index.php?rest_route=\/wp\/v2\/types\/post"}],"author":[{"embeddable":true,"href":"https:\/\/www.bibula.com\/index.php?rest_route=\/wp\/v2\/users\/1"}],"replies":[{"embeddable":true,"href":"https:\/\/www.bibula.com\/index.php?rest_route=%2Fwp%2Fv2%2Fcomments&post=81690"}],"version-history":[{"count":0,"href":"https:\/\/www.bibula.com\/index.php?rest_route=\/wp\/v2\/posts\/81690\/revisions"}],"wp:attachment":[{"href":"https:\/\/www.bibula.com\/index.php?rest_route=%2Fwp%2Fv2%2Fmedia&parent=81690"}],"wp:term":[{"taxonomy":"category","embeddable":true,"href":"https:\/\/www.bibula.com\/index.php?rest_route=%2Fwp%2Fv2%2Fcategories&post=81690"},{"taxonomy":"post_tag","embeddable":true,"href":"https:\/\/www.bibula.com\/index.php?rest_route=%2Fwp%2Fv2%2Ftags&post=81690"}],"curies":[{"name":"wp","href":"https:\/\/api.w.org\/{rel}","templated":true}]}}