{"id":81578,"date":"2015-05-24T16:05:08","date_gmt":"2015-05-24T20:05:08","guid":{"rendered":"http:\/\/www.bibula.com\/?p=81578"},"modified":"2015-05-24T10:08:12","modified_gmt":"2015-05-24T14:08:12","slug":"zgoda-na-polskie-obozy","status":"publish","type":"post","link":"https:\/\/www.bibula.com\/?p=81578","title":{"rendered":"Zgoda na \u201epolskie obozy&#8221;?"},"content":{"rendered":"<p><strong>MSZ pozby\u0142o si\u0119 ludzi, kt\u00f3rzy przygotowali plan wspierania pozw\u00f3w za okre\u015blenia \u201epolskie obozy \u015bmierci\u201d &#8211; informuje \u201eNasz Dziennik\u201d.<\/strong><\/p><p>Dwa lata temu w Ministerstwie Spraw Zagranicznych powsta\u0142 plan wspierania pozw\u00f3w za okre\u015blenia \u201epolskie obozy \u015bmierci\u201d. Ale resort zwolni\u0142 odpowiedzialnych za to pracownik\u00f3w.<\/p><p>Program mia\u0142 na celu propagowanie pozytywnego wizerunku Polski i niwelowanie fa\u0142szywych stereotyp\u00f3w. \u201eW MSZ w Departamencie Wsp\u00f3\u0142pracy z Poloni\u0105 i Polakami za Granic\u0105 funkcjonowa\u0142o kr\u00f3tko stanowisko zast\u0119pcy dyrektora ds. polityki historycznej. Nie funkcjonowa\u0142 zesp\u00f3\u0142 ds. polityki historycznej\u201d &#8211; przyznaje Biuro Rzecznika Prasowego MSZ. Biuro dodaje, \u017ce \u201eprojekt nie jest realizowany przez resort dyplomacji\u201d.<\/p><p><a href=\"http:\/\/www.naszdziennik.pl\/polska-kraj\/137485,zgoda-na-polskie-obozy.html\">&#8222;Nasz Dziennik&#8221;<\/a><\/p><blockquote><p><strong>KOMENTARZ <em>BIBU\u0141Y<\/em><\/strong>: &#8222;Nasz Dziennik&#8221; pisz\u0105c o zwolnieniu &#8222;odpowiedzialnych za program pracownik\u00f3w&#8221; wymienia wiceministra Janusza Ciska (&#8222;<em>Zesp\u00f3\u0142 ludzi, kt\u00f3rzy mieli skutecznie reagowa\u0107 na k\u0142amstwa obozowe, zacz\u0105\u0142 budowa\u0107 by\u0142y wiceminister Janusz Cisek<\/em>&#8222;). Oczywi\u015bcie nie znamy szczeg\u00f3\u0142\u00f3w zwolnienia i ca\u0142ego programu, ale akurat do pana Ciska &#8211; m\u00f3wi\u0105c ogl\u0119dnie &#8211; nie mamy jako\u015b zaufania.<\/p><p>&nbsp;<\/p><\/blockquote>","protected":false},"excerpt":{"rendered":"MSZ pozby\u0142o si\u0119 ludzi, kt\u00f3rzy przygotowali plan wspierania pozw\u00f3w za okre\u015blenia \u201epolskie obozy \u015bmierci\u201d &#8211; informuje \u201eNasz Dziennik\u201d.Dwa lata temu w Ministerstwie Spraw Zagranicznych powsta\u0142 plan wspierania pozw\u00f3w za okre\u015blenia \u201epolskie obozy \u015bmierci\u201d. Ale resort zwolni\u0142 odpowiedzialnych za to pracownik\u00f3w.Program mia\u0142 na celu propagowanie pozytywnego wizerunku Polski i niwelowanie fa\u0142szywych stereotyp\u00f3w. \u201eW MSZ w Departamencie [&hellip;]","protected":false},"author":1,"featured_media":0,"comment_status":"closed","ping_status":"closed","sticky":false,"template":"","format":"standard","meta":{"_acf_changed":false,"_monsterinsights_skip_tracking":false,"_monsterinsights_sitenote_active":false,"_monsterinsights_sitenote_note":"","_monsterinsights_sitenote_category":0,"ngg_post_thumbnail":0,"footnotes":"","_wp_rev_ctl_limit":""},"categories":[8],"tags":[22,92],"acf":[],"_links":{"self":[{"href":"https:\/\/www.bibula.com\/index.php?rest_route=\/wp\/v2\/posts\/81578"}],"collection":[{"href":"https:\/\/www.bibula.com\/index.php?rest_route=\/wp\/v2\/posts"}],"about":[{"href":"https:\/\/www.bibula.com\/index.php?rest_route=\/wp\/v2\/types\/post"}],"author":[{"embeddable":true,"href":"https:\/\/www.bibula.com\/index.php?rest_route=\/wp\/v2\/users\/1"}],"replies":[{"embeddable":true,"href":"https:\/\/www.bibula.com\/index.php?rest_route=%2Fwp%2Fv2%2Fcomments&post=81578"}],"version-history":[{"count":0,"href":"https:\/\/www.bibula.com\/index.php?rest_route=\/wp\/v2\/posts\/81578\/revisions"}],"wp:attachment":[{"href":"https:\/\/www.bibula.com\/index.php?rest_route=%2Fwp%2Fv2%2Fmedia&parent=81578"}],"wp:term":[{"taxonomy":"category","embeddable":true,"href":"https:\/\/www.bibula.com\/index.php?rest_route=%2Fwp%2Fv2%2Fcategories&post=81578"},{"taxonomy":"post_tag","embeddable":true,"href":"https:\/\/www.bibula.com\/index.php?rest_route=%2Fwp%2Fv2%2Ftags&post=81578"}],"curies":[{"name":"wp","href":"https:\/\/api.w.org\/{rel}","templated":true}]}}