{"id":81472,"date":"2015-05-18T09:30:06","date_gmt":"2015-05-18T13:30:06","guid":{"rendered":"http:\/\/www.bibula.com\/?p=81472"},"modified":"2015-05-18T10:16:14","modified_gmt":"2015-05-18T14:16:14","slug":"grzegorz-braun-imigranci-przyjmijmy-najpierw-polakow-ze-wschodu","status":"publish","type":"post","link":"https:\/\/www.bibula.com\/?p=81472","title":{"rendered":"Grzegorz Braun: imigranci? Przyjmijmy najpierw Polak\u00f3w ze Wschodu!"},"content":{"rendered":"<p><strong>Potomkowie Polak\u00f3w wywiezionych na Wsch\u00f3d maj\u0105 dzi\u015b trudno\u015bci z udowodnieniem swojej polsko\u015bci, musz\u0105 j\u0105 urz\u0119dowo dowodzi\u0107, s\u0105 odpytywani z j\u0119zyka. Najpierw niech ojczyzna b\u0119dzie otwarta dla tych wszystkich Polak\u00f3w, kt\u00f3rzy chcieliby zamieszka\u0107 w jej aktualnych granicach &#8211; m\u00f3wi\u0142 w jednym z wywiad\u00f3w Grzegorz Braun, odnosz\u0105c si\u0119 do pomys\u0142u przyj\u0119cia przez Polsk\u0119 imigrant\u00f3w z Bliskiego Wschodu i P\u00f3\u0142nocnej Afryki.<\/strong><\/p><p>&#8211; <em>Potomkowie rodak\u00f3w wywiezionych do Kazachstanu czy na Ukrain\u0119 maj\u0105 dzi\u015b trudno\u015b\u0107 z udowodnieniem swojej polsko\u015bci, musz\u0105 j\u0105 dowodzi\u0107 urz\u0119dowo, s\u0105 egzaminowani, odpytywani z j\u0119zyka. Opowiadam si\u0119 za r\u00f3wno\u015bci\u0105 wobec prawa i pytam, gdzie tu jest r\u00f3wno\u015b\u0107 skoro r\u00f3wnocze\u015bnie obywatelstwo polskie jest nadawana b\u0105d\u017a uznawane w wypadku zg\u0142aszaj\u0105cych si\u0119 z tak\u0105 pro\u015bb\u0105 mieszka\u0144c\u00f3w Izraela? Ci, jak si\u0119 zdaje, nie natrafiaj\u0105 na takie przeszkody, kt\u00f3re w istocie maj\u0105 charakter szykan<\/em> &#8211; m\u00f3wi\u0142 Grzegorz Braun w rozmowie z dziennikark\u0105 kana\u0142u \u201ePrzeciwko Antypolonizmowi\u201d.<\/p><p>&#8211; <em>Co za\u015b do og\u0142osze\u0144 pana Donalda Tuska o tym, \u017ce on tu ch\u0119tnie przyjmie uchod\u017ac\u00f3w z basenu Morza \u015ar\u00f3dziemnego, to trzeba tu zapyta\u0107: a sk\u0105d tu uchod\u017acy? Kto wywo\u0142a\u0142 wojn\u0119, kt\u00f3ra ludzi wyp\u0119dza dziesi\u0105tkami, setkami tysi\u0119cy i ka\u017ce im szuka\u0107 bezpiecze\u0144stwa w Europie? Ci, kt\u00f3rzy t\u0119 wojn\u0119 rozp\u0119tali, niech zajm\u0105 si\u0119 zapewnianiem lepszego bytu uchod\u017acom<\/em> &#8211; m\u00f3wi\u0142 re\u017cyser kandyduj\u0105cy w wyborach prezydenckich. &#8211; <em>My ka\u017cdemu ch\u0119tnie nieba przychylimy, ale najpierw niech ojczyzna b\u0119dzie otwarta dla tych wszystkich Polak\u00f3w, kt\u00f3rzy chcieliby zamieszka\u0107 w jej aktualnych granicach<\/em> &#8211; doda\u0142 Grzegorz Braun.<\/p><p>&#8211; <em>By\u0107 mo\u017ce po to si\u0119 rozp\u0119tuje takie wojny, by nast\u0119pnie przerzuca\u0107 skutki kataklizm\u00f3w wojennych na tych najmniej odpowiedzialnych, a s\u0142u\u017c\u0105cych zawsze jako ch\u0142opiec do bicia. To jest &#8211; na przyk\u0142ad &#8211; na Polak\u00f3w. My\u015bl\u0119, \u017ce to kolejny pomys\u0142 na pog\u0142\u0119bienie dezintegracji polskiego spo\u0142ecze\u0144stwa, jak wp\u0119dzi\u0107 Polsk\u0119 w kolejne k\u0142opoty, z kt\u00f3rych by\u0107 mo\u017ce si\u0119 ju\u017c nie wydob\u0119dzie<\/em> &#8211; oceni\u0142.<\/p><p>&#8211; <em>Bardziej t\u0142umne osadnictwo uchod\u017ac\u00f3w na terenie Polski mo\u017ce s\u0142u\u017cy\u0107 jako generator konflikt\u00f3w. \u0141atwo przeprowadzi\u0107 prowokacj\u0119 po to, by Polak\u00f3w nast\u0119pnie przedstawi\u0107 w \u015bwiecie jako nieodpowiedzialnych, mo\u017ce niego\u015bcinnych, a mo\u017ce wr\u0119cz nieszanuj\u0105cych praw ludzkich. To mog\u0142oby by\u0107 dobrym pretekstem do poddania Polski g\u0142\u0119biej id\u0105cej kurateli mi\u0119dzynarodowej. Taki widz\u0119 najczarniejszy scenariusz<\/em> &#8211; m\u00f3wi\u0142 Grzegorz Braun.<\/p><p>Jak doda\u0142, faktycznym \u017ar\u00f3d\u0142em zagro\u017cenia nie s\u0105 imigranci a politycy. To oni stwarzaj\u0105 popyt na imigracj\u0119 utrzymuj\u0105c \u015bwiadczenia socjalne na atrakcyjnym poziomie, ale nie wi\u0105\u017c\u0105c z nimi wymogu uznawania obowi\u0105zuj\u0105cych w danym spo\u0142ecze\u0144stwie norm kulturowych. &#8211; <em>To problem Niemc\u00f3w, Francuz\u00f3w i teraz przyszed\u0142 czas na nas. Ci kt\u00f3rzy walcz\u0105 z cywilizacja \u0142aci\u0144sk\u0105 by\u0107 mo\u017ce planowo d\u0105\u017c\u0105 do rozmi\u0119kczenia tego pnia cywilizacyjnego, kt\u00f3ry u nas jeszcze jako\u015b si\u0119 trzyma<\/em> &#8211; zauwa\u017cy\u0142 Braun.<\/p><p>\u0179r\u00f3d\u0142o: youtube.com<\/p><p>mat<\/p><p class=\"zrodlo\">Za: <a href=\"http:\/\/www.pch24.pl\/grzegorz-braun--imigranci--przyjmijmy-najpierw-polakow-ze-wschodu-,35824,i.html\">PoloniaChristiana &#8211; pch24.pl (2015-05-18)<\/a><\/p><hr style=\"background-color: #000000; border-width: 0; color: #000000; height: 2px; line-height: 0; text-align: center; width: 100%;\" \/><h2>BBC: Pa\u0144stwo Islamskie przerzuca swoich bojownik\u00f3w do Europy na \u0142odziach z uchod\u017acami<\/h2><p>Wed\u0142ug informacji doradcy libijskiego rz\u0105du d\u017cihady\u015bci s\u0105 przerzucani przez Morze \u015ar\u00f3dziemne na \u0142odziach pe\u0142nych imigrant\u00f3w. W procederze maj\u0105 bra\u0107 udzia\u0142 gangi przemytnik\u00f3w, kt\u00f3re dziel\u0105 si\u0119 z zyskami z islamskimi bojownikami.<\/p><p>Abdul Basit Haroun powo\u0142uje si\u0119 na swoje rozmowy z przemytnikami w cz\u0119\u015bciach p\u00f3\u0142nocnej Afryki kontrolowanych przez d\u017cihadyst\u00f3w. Maj\u0105 oni zezwala\u0107 przemytnikom na kontynuowanie dzia\u0142alno\u015bci w zamian za udzia\u0142 w zyskach w wysoko\u015bci 50%. Wcze\u015bniej przedstawiciele w\u0142adz W\u0142och i Egiptu ostrzegali, \u017ce muzu\u0142manie z tzw. Pa\u0144stwa Islamskiego mog\u0105 pr\u00f3bowa\u0107 w ten spos\u00f3b dosta\u0107 si\u0119 do Europy.<\/p><p>Zdaniem Harouna, d\u017cihady\u015bci wykorzystuj\u0105 fakt, \u017ce europejskie s\u0142u\u017cby policyjne nie s\u0105 w stanie zidentyfikowa\u0107 bojownik\u00f3w po\u015br\u00f3d uchod\u017ac\u00f3w, przy czym moj\u0105 oni cz\u0119sto zajmowa\u0107 w \u0142odziach oddzielne miejsca.<\/p><p>Wcze\u015bniej europejska agencja kontroli granicznej Frontex przestrzega\u0142a o istnieniu potencjalnej mo\u017cliwo\u015bci wykorzystywania przez muzu\u0142ma\u0144skich bojownik\u00f3w nietypowych sposob\u00f3w, by dosta\u0107 si\u0119 do Europy. Zdaniem ekspert\u00f3w kwestia ta jest jednak trudna do weryfikacji.<\/p><p>bbc.com \/ Kresy.pl<\/p><p class=\"zrodlo\">Za: <a href=\"http:\/\/www.kresy.pl\/wydarzenia,spoleczenstwo?zobacz\/bbc-panstwo-islamskie-przerzuca-swoich-bojownikow-do-europy\">Kresy.pl (<span class=\"date\">18 maja 2015<\/span>)<\/a><\/p>","protected":false},"excerpt":{"rendered":"Potomkowie Polak\u00f3w wywiezionych na Wsch\u00f3d maj\u0105 dzi\u015b trudno\u015bci z udowodnieniem swojej polsko\u015bci, musz\u0105 j\u0105 urz\u0119dowo dowodzi\u0107, s\u0105 odpytywani z j\u0119zyka. Najpierw niech ojczyzna b\u0119dzie otwarta dla tych wszystkich Polak\u00f3w, kt\u00f3rzy chcieliby zamieszka\u0107 w jej aktualnych granicach &#8211; m\u00f3wi\u0142 w jednym z wywiad\u00f3w Grzegorz Braun, odnosz\u0105c si\u0119 do pomys\u0142u przyj\u0119cia przez Polsk\u0119 imigrant\u00f3w z Bliskiego Wschodu [&hellip;]","protected":false},"author":1,"featured_media":0,"comment_status":"closed","ping_status":"closed","sticky":false,"template":"","format":"standard","meta":{"_acf_changed":false,"_monsterinsights_skip_tracking":false,"_monsterinsights_sitenote_active":false,"_monsterinsights_sitenote_note":"","_monsterinsights_sitenote_category":0,"ngg_post_thumbnail":0,"footnotes":"","_wp_rev_ctl_limit":""},"categories":[8],"tags":[23,344,92,76,70,188,126],"acf":[],"_links":{"self":[{"href":"https:\/\/www.bibula.com\/index.php?rest_route=\/wp\/v2\/posts\/81472"}],"collection":[{"href":"https:\/\/www.bibula.com\/index.php?rest_route=\/wp\/v2\/posts"}],"about":[{"href":"https:\/\/www.bibula.com\/index.php?rest_route=\/wp\/v2\/types\/post"}],"author":[{"embeddable":true,"href":"https:\/\/www.bibula.com\/index.php?rest_route=\/wp\/v2\/users\/1"}],"replies":[{"embeddable":true,"href":"https:\/\/www.bibula.com\/index.php?rest_route=%2Fwp%2Fv2%2Fcomments&post=81472"}],"version-history":[{"count":0,"href":"https:\/\/www.bibula.com\/index.php?rest_route=\/wp\/v2\/posts\/81472\/revisions"}],"wp:attachment":[{"href":"https:\/\/www.bibula.com\/index.php?rest_route=%2Fwp%2Fv2%2Fmedia&parent=81472"}],"wp:term":[{"taxonomy":"category","embeddable":true,"href":"https:\/\/www.bibula.com\/index.php?rest_route=%2Fwp%2Fv2%2Fcategories&post=81472"},{"taxonomy":"post_tag","embeddable":true,"href":"https:\/\/www.bibula.com\/index.php?rest_route=%2Fwp%2Fv2%2Ftags&post=81472"}],"curies":[{"name":"wp","href":"https:\/\/api.w.org\/{rel}","templated":true}]}}