{"id":8145,"date":"2009-03-29T08:27:23","date_gmt":"2009-03-29T13:27:23","guid":{"rendered":"http:\/\/www.bibula.com\/?p=8145"},"modified":"2009-03-29T08:27:23","modified_gmt":"2009-03-29T13:27:23","slug":"spor-o-malowidlo-na-zachowanym-fragmencie-muru-berlinskiego","status":"publish","type":"post","link":"https:\/\/www.bibula.com\/?p=8145","title":{"rendered":"Sp\u00f3r o malowid\u0142o na zachowanym fragmencie Muru Berli\u0144skiego"},"content":{"rendered":"<p>W stolicy Niemiec rozgorza\u0142 sp\u00f3r o najs\u0142ynniejsze malowid\u0142o na zachowanym fragmencie Muru Berli\u0144skiego. Rosyjski artysta nie chce bowiem namalowa\u0107 od nowa sceny przedstawiaj\u0105cej nami\u0119tny poca\u0142unek Bre\u017cniewa i Honeckera.<\/p>\r\n\r\n<p>Od jesieni zesz\u0142ego roku trwa w Berlinie rekonstrukcja najd\u0142u\u017cszego zachowanego fragmentu muru. W ramach akcji trzeba by\u0142o mur rozebra\u0107 i podda\u0107 renowacji. Zgodnie z za\u0142o\u017ceniem organizator\u00f3w, arty\u015bci, kt\u00f3rzy ozdobili mur oryginalnymi obrazami w 1990 r., maj\u0105 namalowa\u0107 je na nowo.<\/p>\r\n\r\n<p>Moskiewski malarz Dmitrij Wrubel uwieczni\u0142 w\u00f3wczas na betonowej \u015bcianie braterski poca\u0142unek przyw\u00f3dc\u00f3w ZSRR i NRD, kt\u00f3ry sta\u0142 si\u0119 najpopularniejszym obrazem na murze. Teraz jednak rosyjski artysta odmawia odtworzenia swojej pracy. Czuj\u0119 si\u0119 jak w sowieckiej dyktaturze z lat 70-tych, kiedy wolno\u015b\u0107 artystyczn\u0105 miano za nic &#8211; powiedzia\u0142 Wrubel dziennikowi Bild.<\/p>\r\n\r\n<p>Inicjator odnowy muru Kani Alavi t\u0142umaczy jednak, \u017ce nie ma innej mo\u017cliwo\u015bci odrestaurowania osobliwej galerii, jak tylko namalowanie obraz\u00f3w od nowa. Pozosta\u0142o\u015bci Muru Berli\u0144skiego by\u0142y bowiem bardzo zniszczone, a oryginalne malowid\u0142a regularnie pokrywane nowymi graffiti.<\/p>\r\n\r\n<p>Jak powiedzia\u0142 Alavi, ponad 80 artyst\u00f3w z ca\u0142ego \u015bwiata zgodzi\u0142o si\u0119 powieli\u0107 swoje dzie\u0142a. Organizatorzy chc\u0105 zako\u0144czy\u0107 akcj\u0119 jesieni\u0105 przed 20. rocznic\u0105 upadku muru, przypadaj\u0105c\u0105 9 listopada.<br \/>\r\n <br \/>\r\n IAR\/GJ<\/p>\r\n\r\n<p>Za: <a href=\"http:\/\/www.prawy.pl\/?dz=nowosci&amp;id=43508&amp;subdz=&amp;where=rss\" target=\"_blank\">prawy.pl<\/a><\/p>","protected":false},"excerpt":{"rendered":"W stolicy Niemiec rozgorza\u0142 sp\u00f3r o najs\u0142ynniejsze malowid\u0142o na zachowanym fragmencie Muru Berli\u0144skiego. Rosyjski artysta nie chce bowiem namalowa\u0107 od nowa sceny przedstawiaj\u0105cej nami\u0119tny poca\u0142unek Bre\u017cniewa i Honeckera. Od jesieni zesz\u0142ego roku trwa w Berlinie rekonstrukcja najd\u0142u\u017cszego zachowanego fragmentu muru. W ramach akcji trzeba by\u0142o mur rozebra\u0107 i podda\u0107 renowacji. Zgodnie z za\u0142o\u017ceniem organizator\u00f3w, arty\u015bci, [&hellip;]","protected":false},"author":1,"featured_media":0,"comment_status":"closed","ping_status":"closed","sticky":false,"template":"","format":"standard","meta":{"_acf_changed":false,"_monsterinsights_skip_tracking":false,"_monsterinsights_sitenote_active":false,"_monsterinsights_sitenote_note":"","_monsterinsights_sitenote_category":0,"ngg_post_thumbnail":0,"footnotes":"","_wp_rev_ctl_limit":""},"categories":[6],"tags":[66],"acf":[],"_links":{"self":[{"href":"https:\/\/www.bibula.com\/index.php?rest_route=\/wp\/v2\/posts\/8145"}],"collection":[{"href":"https:\/\/www.bibula.com\/index.php?rest_route=\/wp\/v2\/posts"}],"about":[{"href":"https:\/\/www.bibula.com\/index.php?rest_route=\/wp\/v2\/types\/post"}],"author":[{"embeddable":true,"href":"https:\/\/www.bibula.com\/index.php?rest_route=\/wp\/v2\/users\/1"}],"replies":[{"embeddable":true,"href":"https:\/\/www.bibula.com\/index.php?rest_route=%2Fwp%2Fv2%2Fcomments&post=8145"}],"version-history":[{"count":0,"href":"https:\/\/www.bibula.com\/index.php?rest_route=\/wp\/v2\/posts\/8145\/revisions"}],"wp:attachment":[{"href":"https:\/\/www.bibula.com\/index.php?rest_route=%2Fwp%2Fv2%2Fmedia&parent=8145"}],"wp:term":[{"taxonomy":"category","embeddable":true,"href":"https:\/\/www.bibula.com\/index.php?rest_route=%2Fwp%2Fv2%2Fcategories&post=8145"},{"taxonomy":"post_tag","embeddable":true,"href":"https:\/\/www.bibula.com\/index.php?rest_route=%2Fwp%2Fv2%2Ftags&post=8145"}],"curies":[{"name":"wp","href":"https:\/\/api.w.org\/{rel}","templated":true}]}}